{"id":59039,"date":"2025-09-30T08:32:01","date_gmt":"2025-09-30T06:32:01","guid":{"rendered":"https:\/\/edublog.educastur.es\/ixuxu\/?p=59039"},"modified":"2025-09-30T13:34:48","modified_gmt":"2025-09-30T11:34:48","slug":"el-tiempu-el-comercio-151","status":"publish","type":"post","link":"https:\/\/edublog.educastur.es\/ixuxu\/2025\/09\/el-tiempu-el-comercio-151\/","title":{"rendered":"El tiempu (El Comercio)"},"content":{"rendered":"<p style=\"text-align: center\"><a href=\"https:\/\/s3.ppllstatics.com\/elcomercio\/www\/multimedia\/2025\/09\/29\/tiempo-asturias-martes-septiembre-kEzE-U2302588077118HVD-1200x870@El%20Comercio.jpg\"><img loading=\"lazy\" decoding=\"async\" class=\"aligncenter size-large\" src=\"https:\/\/s3.ppllstatics.com\/elcomercio\/www\/multimedia\/2025\/09\/29\/tiempo-asturias-martes-septiembre-kEzE-U2302588077118HVD-1200x870@El%20Comercio.jpg\" width=\"1200\" height=\"870\" \/><\/a><\/p>\n<p>Al marxe de la envernada que ta sufriendo&#8217;l llevante peninsular onde esti llunes hubo poblaciones que superaron los 300 llitros per metro cuadr\u00e1u mientres el d\u00eda, la previsi\u00f3n del tiempu n&#8217;Asturies para esti martes agora nel Princip\u00e1u unes condiciones meteorol\u00f3xiques muncho m\u00e1s estables. Anque <strong>vamos poder amanecer<\/strong> con delles nubes principalmente nel norte de la rex\u00f3n,<strong> los cielos<\/strong> van tender a estenase pr\u00e1cticamente por completu. <strong>A lo llargo de la tarde nueche<\/strong> nun se refuga que pueda volver apaecer daqu\u00e9 de nubosid\u00e1, preferentemente escontra l&#8217;oriente y mari\u00f1a, pero los cielos volver\u00e1n llimpiase de nubes na madrugada. <strong>Los vientos<\/strong> van soplar de componente esti fluexos nel interior y moderaos na mari\u00f1a.<strong> Les temperatures m\u00e1ximes<\/strong> van xubir llixeramente salvo na mari\u00f1a oriental y proximidaes onde se van caltener ensin cambeos. <strong>Les m\u00ednimes<\/strong> van baxar na mayor parte d&#8217;Asturies y van facelo especialmente nel centru de la rex\u00f3n.<\/p>\n<p><!--more--><\/p>\n<p><strong>El mi\u00e9rcoles, al igual que&#8217;l xueves y el vienres<\/strong>, esperamos cielos soleyeros con a lo sumo dellos intervalos de nubes altes que, s\u00eda que non, dexar\u00eden el cielu atapec\u00edu por momentos. Les temperatures van tender a l&#8217;alza siendo&#8217;l xueves y el vienres los d\u00edes m\u00e1s prestosos con rexistros que podr\u00eden superar los 25 \u00baC.<\/p>\n<p><strong>El s\u00e1badu<\/strong> va entrar un frente fr\u00edu que va consiguir baxar les temperatures, am\u00e1s de dexar abondosa nubosid\u00e1 y precipitaciones.<\/p>\n","protected":false},"excerpt":{"rendered":"<p>Al marxe de la envernada que ta sufriendo&#8217;l llevante peninsular onde esti llunes hubo poblaciones que superaron los 300 llitros per metro cuadr\u00e1u mientres el d\u00eda, la previsi\u00f3n del tiempu n&#8217;Asturies para esti martes agora nel Princip\u00e1u unes condiciones meteorol\u00f3xiques muncho m\u00e1s estables. Anque vamos poder amanecer con delles nubes principalmente nel norte de la [&hellip;]<\/p>\n","protected":false},"author":117,"featured_media":0,"comment_status":"closed","ping_status":"open","sticky":false,"template":"","format":"standard","meta":{"footnotes":""},"categories":[5],"tags":[],"class_list":["post-59039","post","type-post","status-publish","format-standard","hentry","category-tiempu"],"_links":{"self":[{"href":"https:\/\/edublog.educastur.es\/ixuxu\/wp-json\/wp\/v2\/posts\/59039","targetHints":{"allow":["GET"]}}],"collection":[{"href":"https:\/\/edublog.educastur.es\/ixuxu\/wp-json\/wp\/v2\/posts"}],"about":[{"href":"https:\/\/edublog.educastur.es\/ixuxu\/wp-json\/wp\/v2\/types\/post"}],"author":[{"embeddable":true,"href":"https:\/\/edublog.educastur.es\/ixuxu\/wp-json\/wp\/v2\/users\/117"}],"replies":[{"embeddable":true,"href":"https:\/\/edublog.educastur.es\/ixuxu\/wp-json\/wp\/v2\/comments?post=59039"}],"version-history":[{"count":3,"href":"https:\/\/edublog.educastur.es\/ixuxu\/wp-json\/wp\/v2\/posts\/59039\/revisions"}],"predecessor-version":[{"id":59053,"href":"https:\/\/edublog.educastur.es\/ixuxu\/wp-json\/wp\/v2\/posts\/59039\/revisions\/59053"}],"wp:attachment":[{"href":"https:\/\/edublog.educastur.es\/ixuxu\/wp-json\/wp\/v2\/media?parent=59039"}],"wp:term":[{"taxonomy":"category","embeddable":true,"href":"https:\/\/edublog.educastur.es\/ixuxu\/wp-json\/wp\/v2\/categories?post=59039"},{"taxonomy":"post_tag","embeddable":true,"href":"https:\/\/edublog.educastur.es\/ixuxu\/wp-json\/wp\/v2\/tags?post=59039"}],"curies":[{"name":"wp","href":"https:\/\/api.w.org\/{rel}","templated":true}]}}