{"id":59041,"date":"2025-09-30T13:09:03","date_gmt":"2025-09-30T11:09:03","guid":{"rendered":"https:\/\/edublog.educastur.es\/ixuxu\/?p=59041"},"modified":"2025-09-30T14:15:48","modified_gmt":"2025-09-30T12:15:48","slug":"festival-de-poesia-espandida-namas-dragones","status":"publish","type":"post","link":"https:\/\/edublog.educastur.es\/ixuxu\/2025\/09\/festival-de-poesia-espandida-namas-dragones\/","title":{"rendered":"Festival de poes\u00eda espandida \u00abNam\u00e1s dragones\u00bb"},"content":{"rendered":"<div class=\"html-div xdj266r xexx8yu xyri2b x18d9i69 x1c1uobl x1n2onr6 x1lziwak x14z9mp xod5an3\">\n<div class=\"html-div xdj266r x14z9mp xat24cr x1lziwak xexx8yu xyri2b x18d9i69 x1c1uobl x6ikm8r x10wlt62\" style=\"text-align: center\">\n<!-- iframe plugin v.6.0 wordpress.org\/plugins\/iframe\/ -->\n<iframe loading=\"lazy\" src=\"https:\/\/www.facebook.com\/plugins\/post.php?href=https%3A%2F%2Fwww.facebook.com%2Fphoto.php%3Ffbid%3D10163859410954913%26set%3Da.89597299912%26type%3D3&#038;show_text=false&#038;width=500\" width=\"500\" height=\"544\" style=\"border:none;overflow:hidden\" scrolling=\"no\" frameborder=\"0\" allowfullscreen=\"true\" allow=\"autoplay; clipboard-write; encrypted-media; picture-in-picture; web-share\" 0=\"\/iframe\" class=\"iframe-class\"><\/iframe>\n<\/div>\n<\/div>\n<div class=\"html-div xdj266r x14z9mp xat24cr x1lziwak xexx8yu x1a8lsjc xf7dkkf xv54qhq\">\n<div class=\"html-div xdj266r x14z9mp xat24cr x1lziwak xexx8yu xyri2b x18d9i69 x1c1uobl x1jx94hy x78zum5 x1q0g3np\">\n<div class=\"html-div xdj266r xat24cr x1lziwak xexx8yu xyri2b x18d9i69 x1c1uobl x78zum5 x2lah0s xqtp20y x1xegmmw\">\n<div class=\"xc9qbxq x1td3qas x6s0dn4 x78zum5 xl56j7k\">\n<div class=\"\"><\/div>\n<\/div>\n<\/div>\n<\/div>\n<\/div>\n<div class=\"xu06os2 x1ok221b\">\n<div class=\"html-div xdj266r x14z9mp xat24cr x1lziwak xexx8yu xyri2b x18d9i69 x1c1uobl\" data-ad-rendering-role=\"profile_name\">\n<ul>\n<li class=\"html-h3 x14z9mp xat24cr x1lziwak xexx8yu xyri2b x18d9i69 x1c1uobl x1vvkbs x1heor9g x1qlqyl8 x1pd3egz x1a2a7pz x1gslohp x1yc453h\"><span class=\"x1lliihq x6ikm8r x10wlt62 x1n2onr6\"><span class=\"x193iq5w xeuugli x13faqbe x1vvkbs x1xmvt09 x1f6kntn xvq8zen xo1l8bm xi81zsa\"><b class=\"html-b xdj266r x14z9mp xat24cr x1lziwak xexx8yu xyri2b x18d9i69 x1c1uobl x1hl2dhg x16tdsg8 x1vvkbs x1s688f\"><span class=\"xt0psk2\"><span class=\"xjp7ctv\"><span class=\"html-span xdj266r x14z9mp xat24cr x1lziwak xexx8yu xyri2b x18d9i69 x1c1uobl x1hl2dhg x16tdsg8 x1vvkbs\"><a class=\"x1i10hfl xjbqb8w x1ejq31n x18oe1m7 x1sy0etr xstzfhl x972fbf x10w94by x1qhh985 x14e42zd x9f619 x1ypdohk xt0psk2 x3ct3a4 xdj266r x14z9mp xat24cr x1lziwak xexx8yu xyri2b x18d9i69 x1c1uobl x16tdsg8 x1hl2dhg xggy1nq x1a2a7pz xkrqix3 x1sur9pj xzsf02u x1s688f\" role=\"link\" href=\"https:\/\/www.facebook.com\/monteavaro?__cft__[0]=AZU1qODJmYYwIVI9oXhjy01qTwp5lu9pPBZpK36RBJOQ8iRPanHIGtWe-EYAp4AXdWwav-9QeEgW6w51zZ14jaumqBGysTPOgKvLRK_trsd33Lrs1RzMljzo6g_RpvWKI8juXkhx4aQxJTw7Axkob2gqBjxXQR0v8wwOoyC9HyBpqR2A05wtOWkL-TSc_0IngewPntWKSDYFTMYVDa0ekxjZ&amp;__tn__=-]C%2CP-y-R\">Miguel Rodr\u00edguez Monteavaro<\/a><\/span><\/span><\/span><\/b> est\u00e1 en <b class=\"html-b xdj266r x14z9mp xat24cr x1lziwak xexx8yu xyri2b x18d9i69 x1c1uobl x1hl2dhg x16tdsg8 x1vvkbs x1s688f\"><span class=\"xt0psk2\"><span class=\"xjp7ctv\"><span class=\"html-span xdj266r x14z9mp xat24cr x1lziwak xexx8yu xyri2b x18d9i69 x1c1uobl x1hl2dhg x16tdsg8 x1vvkbs\"><a class=\"x1i10hfl xjbqb8w x1ejq31n x18oe1m7 x1sy0etr xstzfhl x972fbf x10w94by x1qhh985 x14e42zd x9f619 x1ypdohk xt0psk2 x3ct3a4 xdj266r x14z9mp xat24cr x1lziwak xexx8yu xyri2b x18d9i69 x1c1uobl x16tdsg8 x1hl2dhg xggy1nq x1a2a7pz xkrqix3 x1sur9pj xzsf02u x1s688f\" role=\"link\" href=\"https:\/\/www.facebook.com\/nocheblancaovd?__cft__[0]=AZU1qODJmYYwIVI9oXhjy01qTwp5lu9pPBZpK36RBJOQ8iRPanHIGtWe-EYAp4AXdWwav-9QeEgW6w51zZ14jaumqBGysTPOgKvLRK_trsd33Lrs1RzMljzo6g_RpvWKI8juXkhx4aQxJTw7Axkob2gqBjxXQR0v8wwOoyC9HyBpqR2A05wtOWkL-TSc_0IngewPntWKSDYFTMYVDa0ekxjZ&amp;__tn__=-]C%2CP-y-R\">Noche Blanca Oviedo<\/a><\/span><\/span><\/span><\/b>.<\/span><\/span><\/li>\n<\/ul>\n<\/div>\n<\/div>\n<div class=\"html-div xdj266r x14z9mp xat24cr x1lziwak xexx8yu xyri2b x18d9i69 x1c1uobl\" dir=\"auto\">\n<div class=\"html-div xdj266r x14z9mp xat24cr x1lziwak xexx8yu xyri2b x18d9i69 x1c1uobl\" dir=\"auto\">\n<div class=\"html-div xdj266r x14z9mp xat24cr x1lziwak xexx8yu xyri2b x18d9i69 x1c1uobl\" data-ad-rendering-role=\"story_message\">\n<div class=\"x1l90r2v x1iorvi4 x1g0dm76 xpdmqnj\" data-ad-comet-preview=\"message\" data-ad-preview=\"message\">\n<div class=\"x78zum5 xdt5ytf xz62fqu x16ldp7u\">\n<div class=\"xu06os2 x1ok221b\">\n<div class=\"html-div xdj266r x14z9mp xat24cr x1lziwak xexx8yu xyri2b x18d9i69 x1c1uobl\">\n<div class=\"x14z9mp xat24cr x1lziwak x1vvkbs xtlvy1s x126k92a\">\n<div dir=\"auto\">Dientro de la @nocheblancaovd va facese na Sala de C\u00e1mara del Auditoriu (Plaza\u2019l Fresnu, Llamaquique), <strong>el d\u00eda 4\/10, a partir de les 20,00h y con entrada llibre hasta completar aforu<\/strong>, el Festival Nam\u00e1s dragones, <strong>un eventu de lliteratura onde la voz po\u00e9tica se va xuntar a los visuales, a la danza y a la m\u00fasica.<\/strong><\/div>\n<div dir=\"auto\"><!--more--><\/div>\n<\/div>\n<div class=\"x14z9mp xat24cr x1lziwak x1vvkbs xtlvy1s x126k92a\">\n<div dir=\"auto\">El nome \u201cNam\u00e1s dragones\u201d vien d\u2019<span style=\"color: #008080\"><strong>unos de los versos de Xuan Bello<\/strong><\/span>, quien diz que lo que nos va quedar va ser,<span style=\"color: #008080\"><em> \u201cd\u2019equ\u00ed pa en delantre, \/ nam\u00e1s dragones\u201d<\/em><\/span>, faciendo alusi\u00f3n a tolo que nun conocemos del futuru y que, am\u00e1s de dar mieu, a la vez ye atractivo y apasionante. Anim\u00e1ivos, la esperiencia va pagar la pena.<\/div>\n<\/div>\n<div class=\"x14z9mp xat24cr x1lziwak x1vvkbs xtlvy1s x126k92a\">\n<ul>\n<li dir=\"auto\"><span style=\"color: #008080\"><strong>20,00 h: Homenaxe a Xuan Bello<\/strong> <\/span>con Pep\u00edn de Mu\u00f1al\u00e9n (@pepin_de_munhalen), Andr\u00e9s Rodrigues (@andresrodriguesmusica) y Miguel R. Monteavaro (@m.r.monteavaro)\n<div dir=\"auto\"><\/div>\n<\/li>\n<li dir=\"auto\">\n<div dir=\"auto\"><strong><span style=\"color: #008080\">21,00 h: \u00abPoemes que quiximos escribir\u00bb<\/span><\/strong> con Sof\u00eda Casta\u00f1\u00f3n (@jennyjirones) y Nacho Vegas (@nachovegasig).<\/div>\n<\/li>\n<li dir=\"auto\">\n<div dir=\"auto\"><strong><span style=\"color: #008080\">22,00 h: \u00abPercepci\u00f3n\/\u280f\u2811\u2817\u2809\u2811\u280f\u2809\u280a\u282c\u281d\u00bb con An\u00edbal Gonz\u00e1lez<\/span> <\/strong>(@anibalismos), Thomas Florez (@_thomasflorez) y Migonjai Kan (@migonjai).<\/div>\n<\/li>\n<\/ul>\n<\/div>\n<div class=\"x14z9mp xat24cr x1lziwak x1vvkbs xtlvy1s x126k92a\">\n<div dir=\"auto\">Comisari\u00e1u: Miguel Rodr\u00edguez Monteavaro.<\/div>\n<div dir=\"auto\">Patrociniu: @nocheblancaovd @aytoviedo<\/div>\n<\/div>\n<div dir=\"auto\">\n<div class=\"html-div xdj266r xat24cr x1lziwak xexx8yu xyri2b x18d9i69 x1c1uobl x78zum5 x2lah0s xqtp20y x1xegmmw\">\n<div class=\"x1vqgdyp x100vrsf\">\n<div class=\"\">\n<div class=\"x1rg5ohu x1n2onr6 x3ajldb x1ja2u2z\"><\/div>\n<\/div>\n<\/div>\n<\/div>\n<div class=\"x1iyjqo2\">\n<div class=\"x78zum5 xdt5ytf xz62fqu x16ldp7u\">\n<div class=\"xu06os2 x1ok221b\">\n<div class=\"x1gslohp\">\n<ul>\n<li class=\"html-h2 x14z9mp xat24cr x1lziwak xexx8yu xyri2b x18d9i69 x1c1uobl x1vvkbs x1heor9g x1qlqyl8 x1pd3egz x1a2a7pz x1gslohp\"><span class=\"x193iq5w xeuugli x13faqbe x1vvkbs x1xmvt09 x1f6kntn xvq8zen xo1l8bm xi81zsa\"><span class=\"xt0psk2\"><span class=\"xjp7ctv\"><a class=\"x1i10hfl xjbqb8w x1ejq31n x18oe1m7 x1sy0etr xstzfhl x972fbf x10w94by x1qhh985 x14e42zd x9f619 x1ypdohk xt0psk2 x3ct3a4 xdj266r x14z9mp xat24cr x1lziwak xexx8yu xyri2b x18d9i69 x1c1uobl x16tdsg8 x1hl2dhg xggy1nq x1a2a7pz xkrqix3 x1sur9pj xzsf02u x1s688f\" role=\"link\" href=\"https:\/\/www.facebook.com\/anibal.a.hannibal?__cft__[0]=AZVDyb633hatS8SGIjQyaYsmW5ArFBnGcYt_jvYC-qvpYBn0JOMGgGnGAe4dEm-eoOGqiN2zpHhO_MLEzQCZG0UFTuyHsPEgf9WBmELTY_H9E1AfJ1E2LyBQkHnOGZZYRT_wWAP9Ukdz2uB267SKW7NYKkvWvZwNlSPkBJoxIXv9TRGawZHKNZuEIO7d9lxnvR0LiUkQFVHSap2KPLGhFb7J&amp;__tn__=-UC*F\">An\u00edbal Hannibal<\/a><\/span><\/span><\/span>: <span class=\"x193iq5w xeuugli x13faqbe x1vvkbs x1xmvt09 x1lliihq x1s928wv xhkezso x1gmr53x x1cpjm7i x1fgarty x1943h6x xudqn12 x3x7a5m x1f6kntn xvq8zen xo1l8bm xzsf02u\" dir=\"auto\">Percepci\u00f3n. <\/span><span class=\"x193iq5w xeuugli x13faqbe x1vvkbs x1xmvt09 x1lliihq x1s928wv xhkezso x1gmr53x x1cpjm7i x1fgarty x1943h6x xudqn12 x3x7a5m x1f6kntn xvq8zen xo1l8bm xzsf02u\" dir=\"auto\">\u2828 \u280f \u2811 \u2817 \u2809 \u2811 \u280f \u2809 \u280a \u282c \u281d<\/span><\/li>\n<\/ul>\n<\/div>\n<\/div>\n<\/div>\n<\/div>\n<p><span class=\"x193iq5w xeuugli x13faqbe x1vvkbs x1xmvt09 x1lliihq x1s928wv xhkezso x1gmr53x x1cpjm7i x1fgarty x1943h6x xudqn12 x3x7a5m x1f6kntn xvq8zen xo1l8bm xzsf02u\" dir=\"auto\">Pallabra, danza, m\u00fasica. Un viaxe on\u00edricu del &#8216;yo&#8217; al &#8216;n\u00f3s&#8217;. Un esperimentu. La volunt\u00e1 de comunicar, la capacid\u00e1 pa facelo y los medios pa qu&#8217;un mensaxe llegue&#8230; Anque&#8217;l mensaxe seya la dulda.<\/span><\/p>\n<\/div>\n<div dir=\"auto\"><\/div>\n<div dir=\"auto\" style=\"text-align: center\">\n<!-- iframe plugin v.6.0 wordpress.org\/plugins\/iframe\/ -->\n<iframe loading=\"lazy\" src=\"https:\/\/www.facebook.com\/plugins\/post.php?href=https%3A%2F%2Fwww.facebook.com%2Fanibal.a.hannibal%2Fposts%2Fpfbid02EZJBD6pynVecYgCtzARKMsz68JHAkGHkPXwoaJGzACanzHBRQgegZ138MUraTd7zl&#038;show_text=false&#038;width=500\" width=\"500\" height=\"498\" style=\"border:none;overflow:hidden\" scrolling=\"no\" frameborder=\"0\" allowfullscreen=\"true\" allow=\"autoplay; clipboard-write; encrypted-media; picture-in-picture; web-share\" 0=\"\/iframe\" class=\"iframe-class\"><\/iframe>\n<\/div>\n<\/div>\n<\/div>\n<\/div>\n<\/div>\n<\/div>\n<\/div>\n<\/div>\n<p>&nbsp;<\/p>\n","protected":false},"excerpt":{"rendered":"<p>Miguel Rodr\u00edguez Monteavaro est\u00e1 en Noche Blanca Oviedo. Dientro de la @nocheblancaovd va facese na Sala de C\u00e1mara del Auditoriu (Plaza\u2019l Fresnu, Llamaquique), el d\u00eda 4\/10, a partir de les 20,00h y con entrada llibre hasta completar aforu, el Festival Nam\u00e1s dragones, un eventu de lliteratura onde la voz po\u00e9tica se va xuntar a los [&hellip;]<\/p>\n","protected":false},"author":117,"featured_media":0,"comment_status":"closed","ping_status":"open","sticky":false,"template":"","format":"standard","meta":{"footnotes":""},"categories":[204,348,39],"tags":[],"class_list":["post-59041","post","type-post","status-publish","format-standard","hentry","category-festivales","category-nueche-blanca","category-poesia"],"_links":{"self":[{"href":"https:\/\/edublog.educastur.es\/ixuxu\/wp-json\/wp\/v2\/posts\/59041","targetHints":{"allow":["GET"]}}],"collection":[{"href":"https:\/\/edublog.educastur.es\/ixuxu\/wp-json\/wp\/v2\/posts"}],"about":[{"href":"https:\/\/edublog.educastur.es\/ixuxu\/wp-json\/wp\/v2\/types\/post"}],"author":[{"embeddable":true,"href":"https:\/\/edublog.educastur.es\/ixuxu\/wp-json\/wp\/v2\/users\/117"}],"replies":[{"embeddable":true,"href":"https:\/\/edublog.educastur.es\/ixuxu\/wp-json\/wp\/v2\/comments?post=59041"}],"version-history":[{"count":3,"href":"https:\/\/edublog.educastur.es\/ixuxu\/wp-json\/wp\/v2\/posts\/59041\/revisions"}],"predecessor-version":[{"id":59079,"href":"https:\/\/edublog.educastur.es\/ixuxu\/wp-json\/wp\/v2\/posts\/59041\/revisions\/59079"}],"wp:attachment":[{"href":"https:\/\/edublog.educastur.es\/ixuxu\/wp-json\/wp\/v2\/media?parent=59041"}],"wp:term":[{"taxonomy":"category","embeddable":true,"href":"https:\/\/edublog.educastur.es\/ixuxu\/wp-json\/wp\/v2\/categories?post=59041"},{"taxonomy":"post_tag","embeddable":true,"href":"https:\/\/edublog.educastur.es\/ixuxu\/wp-json\/wp\/v2\/tags?post=59041"}],"curies":[{"name":"wp","href":"https:\/\/api.w.org\/{rel}","templated":true}]}}