{"id":59049,"date":"2025-09-30T13:19:44","date_gmt":"2025-09-30T11:19:44","guid":{"rendered":"https:\/\/edublog.educastur.es\/ixuxu\/?p=59049"},"modified":"2025-09-30T21:44:31","modified_gmt":"2025-09-30T19:44:31","slug":"59049","status":"publish","type":"post","link":"https:\/\/edublog.educastur.es\/ixuxu\/2025\/09\/59049\/","title":{"rendered":"Web \u00abAmigues de la Tierra\u00bb"},"content":{"rendered":"<div class=\"html-div xdj266r x14z9mp xat24cr x1lziwak xexx8yu xyri2b x18d9i69 x1c1uobl\" dir=\"auto\">\n<div class=\"html-div xdj266r x14z9mp xat24cr x1lziwak xexx8yu xyri2b x18d9i69 x1c1uobl\" dir=\"auto\">\n<div class=\"html-div xdj266r x14z9mp xat24cr x1lziwak xexx8yu xyri2b x18d9i69 x1c1uobl\" data-ad-rendering-role=\"story_message\">\n<div class=\"x1l90r2v x1iorvi4 x1g0dm76 xpdmqnj\" data-ad-comet-preview=\"message\" data-ad-preview=\"message\">\n<div class=\"x78zum5 xdt5ytf xz62fqu x16ldp7u\">\n<div class=\"xu06os2 x1ok221b\">\n<div class=\"html-div xdj266r x14z9mp xat24cr x1lziwak xexx8yu xyri2b x18d9i69 x1c1uobl\">\n<div class=\"xdj266r x14z9mp xat24cr x1lziwak x1vvkbs x126k92a\">\n<ul>\n<li dir=\"auto\"><a href=\"https:\/\/scontent-mad2-1.xx.fbcdn.net\/v\/t39.30808-6\/555079938_3664703157000482_502872087795341110_n.jpg?_nc_cat=104&amp;ccb=1-7&amp;_nc_sid=127cfc&amp;_nc_aid=0&amp;_nc_ohc=wcPEG8IZbVUQ7kNvwFKsjfr&amp;_nc_oc=AdlmNOC5kph9aYzw0RXymY58Y5fPKYEcjIVQtLTGKf9uzBcUwhIuNue6hjQdO5jCY_4&amp;_nc_zt=23&amp;_nc_ht=scontent-mad2-1.xx&amp;_nc_gid=6ouN1ErC9wA5Jt-6v_FB4A&amp;oh=00_AfY3l0N-3L2_SfSZD1cAYBWstMPAMuzfaYAH1c-gUzI-ww&amp;oe=68E1A733\"><strong>gr\u00e1ficu<\/strong><\/a>\/ <a href=\"https:\/\/dietaclimatica.org\/guia-dieta-climatica\"><strong>gu\u00eda<\/strong> <\/a>\/ <span class=\"html-span xdj266r x14z9mp xat24cr x1lziwak xexx8yu xyri2b x18d9i69 x1c1uobl x1hl2dhg x16tdsg8 x1vvkbs\"><a class=\"x1i10hfl xjbqb8w x1ejq31n x18oe1m7 x1sy0etr xstzfhl x972fbf x10w94by x1qhh985 x14e42zd x9f619 x1ypdohk xt0psk2 x3ct3a4 xdj266r x14z9mp xat24cr x1lziwak xexx8yu xyri2b x18d9i69 x1c1uobl x16tdsg8 x1hl2dhg xggy1nq x1a2a7pz xkrqix3 x1sur9pj x1fey0fg x1s688f\" role=\"link\" href=\"http:\/\/dietaclimatica.org\/?fbclid=IwZXh0bgNhZW0CMTAAYnJpZBEwamF1bjMyU0VpdDFwSEVvRAEeIPhLLrjghFrg4C4n3a-keph6TP1Wpsnp9EoQ0jVkp1gEAia0qo-8tBP-KK4_aem_pnmDWSpWCLf8hT6MomSozQ\" target=\"_blank\" rel=\"nofollow noopener noreferrer\">dietaclimatica.org<\/a><\/span><\/li>\n<\/ul>\n<\/div>\n<div dir=\"auto\">Amigues de la Tierra acaba de presentar esta web que te dexa calcular cu\u00e1l ye la to buelga ecol\u00f3xica y ver cu\u00e1ntu ye posible aforrar n&#8217;emisiones de CO2, combustibles f\u00f3siles y nel usu de tierra con uno alimentaci\u00f3n basada n&#8217;alimentos agroecol\u00f3xicos produc\u00edos na nuesa redolada pr\u00f3xima.<\/div>\n<div dir=\"auto\"><\/div>\n<\/div>\n<div dir=\"auto\" style=\"text-align: center\">\n<!-- iframe plugin v.6.0 wordpress.org\/plugins\/iframe\/ -->\n<iframe loading=\"lazy\" src=\"https:\/\/www.facebook.com\/plugins\/post.php?href=https%3A%2F%2Fwww.facebook.com%2Fjoaquinm.alvarezgonzalez%2Fposts%2Fpfbid0CGcCa5iyFVzWeD7RtGNnkUpbTbCeEfCM3r4gC5SG5ugA4taeLjwDbXbL3tHSuLmQl&#038;show_text=false&#038;width=500\" width=\"500\" height=\"497\" style=\"border:none;overflow:hidden\" scrolling=\"no\" frameborder=\"0\" allowfullscreen=\"true\" allow=\"autoplay; clipboard-write; encrypted-media; picture-in-picture; web-share\" 0=\"\/iframe\" class=\"iframe-class\"><\/iframe>\n<\/div>\n<div dir=\"auto\"><\/div>\n<div dir=\"auto\">Esta Dieta clim\u00e1tica b\u00e1sase n&#8217;una investigaci\u00f3n na que demostremos que <strong>podemos producir el 99 % de los alimentos para abastecer a tola poblaci\u00f3n nel nuesu territoriu de forma agroecol\u00f3xica.<\/strong> Respuende a los encamientos d&#8217;Organizaci\u00f3n Mundial de la Sal\u00fa, y consiste en triplicar el consumu de llegumes, doblar el de frutes y verdures, amenorgar a la met\u00e1 l&#8217;azucre y amenorgar el consumu de carne nun 75%.<\/div>\n<div class=\"html-div xdj266r x14z9mp xat24cr x1lziwak xexx8yu xyri2b x18d9i69 x1c1uobl\">\n<div dir=\"auto\"><!--more--><\/div>\n<div dir=\"auto\">Los nuesos sistemes alimentarios condicionen los ecosistemes. \u201cSeg\u00fan el modelu qu&#8217;utilicemos, podemos respetar la vida o afectar de forma negativa con graves impactos sociales y ambientales, como ye&#8217;l casu de l&#8217;agricultura y ganader\u00eda industrial. Un modelu que provoca deforestaciones masives, perda de biodiversid\u00e1, escosamientu del suelu, contaminaci\u00f3n, escasez d&#8217;agua y contrib\u00fai a agravar la crisis clim\u00e1tica\u201d, se\u00f1alen dende Amigues de la Tierra.<\/div>\n<\/div>\n<div dir=\"auto\" style=\"text-align: center\"><a href=\"https:\/\/dietaclimatica.org\/wp-content\/uploads\/2025\/07\/comida-dieta-climatica-800x808.png\"><img loading=\"lazy\" decoding=\"async\" class=\"aligncenter size-large\" src=\"https:\/\/dietaclimatica.org\/wp-content\/uploads\/2025\/07\/comida-dieta-climatica-800x808.png\" width=\"800\" height=\"808\" \/><\/a><\/div>\n<div class=\"html-div xdj266r x14z9mp xat24cr x1lziwak xexx8yu xyri2b x18d9i69 x1c1uobl\">\n<div dir=\"auto\"><strong>La ONG prop\u00f3n una dieta clim\u00e1tica,<\/strong> un men\u00fa que non y\u00e1 pon el focu nos alimentos que consumimos, sin\u00f3n<strong> nel modelu de producci\u00f3n que precisamos<\/strong>: un sistema alimentario bas\u00e1u na agroecolox\u00eda, la proximid\u00e1, alimentos de temporada y cultivos a pequena escala.<\/div>\n<div dir=\"auto\"><\/div>\n<div dir=\"auto\">\u201cEsti camb\u00e9u nun ye individual. Ye necesariu primir a les alministraciones por que lo promuevan\u201d, a\u00f1eden. \u201cYe crucial camudar les pol\u00edtiques p\u00fabliques para llograr unu tresformamientu estructural del modelu. Precisamos que la nuesa manera d&#8217;alimentanos forme parte d&#8217;un sistema alimentario xustu que curie la naturaleza\u201d.<\/div>\n<div dir=\"auto\">Los datos nos que se basa Amigues de la Tierra para faer les estimaciones apurr\u00edes en dietaclimatica.org vienen de una investigaci\u00f3n ellaborada pola ONG xuntu al CSIC el pas\u00e1u mes de xunu, y na que se demuestra que<strong> ye posible producir el 99% de los alimentos para abastecer a tola poblaci\u00f3n nel nuesu territoriu de forma agroecol\u00f3xica<\/strong>\u201d, afirmen.<\/div>\n<div dir=\"auto\"><\/div>\n<div dir=\"auto\">Esti modelu \u201crespuende a los encamientos d&#8217;Organizaci\u00f3n Mundial de la Sal\u00fa, y <strong>consiste en triplicar el consumu de llegumes, doblar el de frutes y verdures, amenorgar a la met\u00e1 l&#8217;azucre y amenorgar el consumu de carne nun 75%\u201d.<\/strong><\/div>\n<div dir=\"auto\"><\/div>\n<div dir=\"auto\">Na web pueden consultase, am\u00e1s, men\u00faes de temporada y recetes agroecol\u00f3xicas, \u201cllibres de pesticidas, llibres de CO2, llibres d&#8217;un consumu escoman\u00e1u d&#8217;agua que te van facilitar el cam\u00edn escontra una dieta clim\u00e1tica\u201d, concl\u00fain dende Amigues de la Tierra.<\/div>\n<\/div>\n<div dir=\"auto\">\n<div class=\"fusion-fullwidth fullwidth-box fusion-builder-row-4 fusion-flex-container has-pattern-background has-mask-background nonhundred-percent-fullwidth non-hundred-percent-height-scrolling\">\n<div class=\"fusion-builder-row fusion-row fusion-flex-align-items-flex-start fusion-flex-content-wrap\">\n<div class=\"fusion-layout-column fusion_builder_column fusion-builder-column-6 fusion_builder_column_1_1 1_1 fusion-flex-column\">\n<div class=\"fusion-column-wrapper fusion-column-has-shadow fusion-flex-justify-content-flex-start fusion-content-layout-column\">\n<div class=\"fusion-text fusion-text-4\">\n<p>Hacia un modelo alimentario m\u00e1s justo y saludable para las personas y el medio ambiente<\/p>\n<\/div>\n<div class=\"fusion-image-element \"><span class=\" fusion-imageframe imageframe-none imageframe-4 hover-type-none\"><img loading=\"lazy\" decoding=\"async\" class=\"img-responsive wp-image-5071 lazyautosizes lazyloaded\" src=\"https:\/\/dietaclimatica.org\/wp-content\/uploads\/2025\/09\/comparativa_dietas-2.jpg\" alt=\"comparativa dietas\" width=\"2222\" height=\"1509\" data-orig-src=\"https:\/\/dietaclimatica.org\/wp-content\/uploads\/2025\/09\/comparativa_dietas-2.jpg\" data-srcset=\"https:\/\/dietaclimatica.org\/wp-content\/uploads\/2025\/09\/comparativa_dietas-2-200x136.jpg 200w, https:\/\/dietaclimatica.org\/wp-content\/uploads\/2025\/09\/comparativa_dietas-2-400x272.jpg 400w, https:\/\/dietaclimatica.org\/wp-content\/uploads\/2025\/09\/comparativa_dietas-2-600x407.jpg 600w, https:\/\/dietaclimatica.org\/wp-content\/uploads\/2025\/09\/comparativa_dietas-2-800x543.jpg 800w, https:\/\/dietaclimatica.org\/wp-content\/uploads\/2025\/09\/comparativa_dietas-2-1200x815.jpg 1200w, https:\/\/dietaclimatica.org\/wp-content\/uploads\/2025\/09\/comparativa_dietas-2.jpg 2222w\" data-sizes=\"auto\" data-orig-sizes=\"(max-width: 820px) 100vw, 2222px\" \/><\/span><\/div>\n<\/div>\n<\/div>\n<\/div>\n<\/div>\n<div class=\"fusion-fullwidth fullwidth-box fusion-builder-row-5 fusion-flex-container has-pattern-background has-mask-background nonhundred-percent-fullwidth non-hundred-percent-height-scrolling\">\n<div class=\"fusion-builder-row fusion-row fusion-flex-align-items-flex-start fusion-flex-content-wrap\">\n<div class=\"fusion-layout-column fusion_builder_column fusion-builder-column-7 fusion_builder_column_1_6 1_6 fusion-flex-column\">\n<div class=\"fusion-column-wrapper fusion-column-has-shadow fusion-flex-justify-content-flex-start fusion-content-layout-column\">\n<div class=\"fusion-builder-row fusion-builder-row-inner fusion-row fusion-flex-align-items-flex-start fusion-flex-content-wrap\">\n<div class=\"fusion-layout-column fusion_builder_column_inner fusion-builder-nested-column-0 fusion_builder_column_inner_1_1 1_1 fusion-flex-column fusion-no-small-visibility\">\n<div class=\"fusion-column-wrapper fusion-column-has-shadow fusion-flex-justify-content-flex-start fusion-content-layout-column\"><\/div>\n<\/div>\n<\/div>\n<\/div>\n<\/div>\n<\/div>\n<\/div>\n<\/div>\n<\/div>\n<\/div>\n<\/div>\n<\/div>\n<\/div>\n<\/div>\n<p>&nbsp;<\/p>\n","protected":false},"excerpt":{"rendered":"<p>gr\u00e1ficu\/ gu\u00eda \/ dietaclimatica.org Amigues de la Tierra acaba de presentar esta web que te dexa calcular cu\u00e1l ye la to buelga ecol\u00f3xica y ver cu\u00e1ntu ye posible aforrar n&#8217;emisiones de CO2, combustibles f\u00f3siles y nel usu de tierra con uno alimentaci\u00f3n basada n&#8217;alimentos agroecol\u00f3xicos produc\u00edos na nuesa redolada pr\u00f3xima. Esta Dieta clim\u00e1tica b\u00e1sase n&#8217;una [&hellip;]<\/p>\n","protected":false},"author":117,"featured_media":0,"comment_status":"closed","ping_status":"open","sticky":false,"template":"","format":"standard","meta":{"footnotes":""},"categories":[138],"tags":[],"class_list":["post-59049","post","type-post","status-publish","format-standard","hentry","category-alimentos"],"_links":{"self":[{"href":"https:\/\/edublog.educastur.es\/ixuxu\/wp-json\/wp\/v2\/posts\/59049","targetHints":{"allow":["GET"]}}],"collection":[{"href":"https:\/\/edublog.educastur.es\/ixuxu\/wp-json\/wp\/v2\/posts"}],"about":[{"href":"https:\/\/edublog.educastur.es\/ixuxu\/wp-json\/wp\/v2\/types\/post"}],"author":[{"embeddable":true,"href":"https:\/\/edublog.educastur.es\/ixuxu\/wp-json\/wp\/v2\/users\/117"}],"replies":[{"embeddable":true,"href":"https:\/\/edublog.educastur.es\/ixuxu\/wp-json\/wp\/v2\/comments?post=59049"}],"version-history":[{"count":6,"href":"https:\/\/edublog.educastur.es\/ixuxu\/wp-json\/wp\/v2\/posts\/59049\/revisions"}],"predecessor-version":[{"id":59097,"href":"https:\/\/edublog.educastur.es\/ixuxu\/wp-json\/wp\/v2\/posts\/59049\/revisions\/59097"}],"wp:attachment":[{"href":"https:\/\/edublog.educastur.es\/ixuxu\/wp-json\/wp\/v2\/media?parent=59049"}],"wp:term":[{"taxonomy":"category","embeddable":true,"href":"https:\/\/edublog.educastur.es\/ixuxu\/wp-json\/wp\/v2\/categories?post=59049"},{"taxonomy":"post_tag","embeddable":true,"href":"https:\/\/edublog.educastur.es\/ixuxu\/wp-json\/wp\/v2\/tags?post=59049"}],"curies":[{"name":"wp","href":"https:\/\/api.w.org\/{rel}","templated":true}]}}