{"id":59056,"date":"2025-09-30T13:42:10","date_gmt":"2025-09-30T11:42:10","guid":{"rendered":"https:\/\/edublog.educastur.es\/ixuxu\/?p=59056"},"modified":"2025-09-30T13:43:26","modified_gmt":"2025-09-30T11:43:26","slug":"59056","status":"publish","type":"post","link":"https:\/\/edublog.educastur.es\/ixuxu\/2025\/09\/59056\/","title":{"rendered":"INCIBE: Vuelta&#8217;l cole cibersegura 2025"},"content":{"rendered":"<div class=\"articulo-block-content\">\n<p><a href=\"https:\/\/www.incibe.es\/menores\/tematicas\/vuelta-al-cole-cibersegura\" target=\"_blank\" rel=\"noopener\"><img decoding=\"async\" class=\"aligncenter\" title=\"INCIBE. Vuelta al cole cibersegura\" src=\"https:\/\/www.educastur.es\/documents\/34868\/39874\/2025-09-digital-seguro-vueltacole-INCIBE-1060.jpg\/fc85c2ae-179f-179c-f73e-769de1aabb10?t=1758889722234\" alt=\"INCIBE. Vuelta al cole cibersegura\" \/><\/a><\/p>\n<ul>\n<li><a href=\"https:\/\/www.incibe.es\/menores\/tematicas\/vuelta-al-cole-cibersegura\" target=\"_blank\" rel=\"noopener\">Web\u00a0#VueltaAlColeCibersegura<\/a> (INCIBE) <a href=\"mailto:menores@incibe.es\">menores@incibe.es<\/a><\/li>\n<\/ul>\n<p>Con motivu del entamu del nuevu cursu escolar, l&#8217;<strong>Institutu Nacional de Ciberseguridad (INCIBE)<\/strong> presenta la campa\u00f1a de concienciaci\u00f3n #VueltaAlColeCibersegura. Tr\u00e1tase d&#8217;un conxuntu de recursos visuales, senciellos y curiosos, onde s&#8217;enceten temes empobinaes al profesor\u00e1u y les families coles mires d&#8217;ameyorar la so capacitaci\u00f3n en cibersegurid\u00e1 nel regresu a les aules.<\/p>\n<p><!--more--><\/p>\n<p><a href=\"https:\/\/www.incibe.es\/menores\/tematicas\/vuelta-al-cole-cibersegura#educadores\">El profesor\u00e1u, los equipos directivos y otres figures de los equipos educativos van atopar en la web del INCEBE informaci\u00f3n<\/a> sobro temes como la revisi\u00f3n de los procedimientos del centru educativu, l&#8217;espardimientu de les imaxes de menores per parte del centru, la importancia de fomentar les bones pr\u00e1ctiques colos dispositivos escolares o la manera d&#8217;integrar la formaci\u00f3n en cibersegurid\u00e1.<\/p>\n<p>Am\u00e1s, van poder descargase&#8217;l cat\u00e1logu de servicios pal sector educativu qu&#8217;INCIBE ufierta y qu&#8217;incorporen nel so dise\u00f1u unos oxetivos did\u00e1cticos y competencies en cibersegurid\u00e1 y ciberconvivencia venceyaos a los marcos de competencies dixitales del sistema educativu espa\u00f1ol.<\/p>\n<\/div>\n<p>&nbsp;<\/p>\n","protected":false},"excerpt":{"rendered":"<p>Web\u00a0#VueltaAlColeCibersegura (INCIBE) menores@incibe.es Con motivu del entamu del nuevu cursu escolar, l&#8217;Institutu Nacional de Ciberseguridad (INCIBE) presenta la campa\u00f1a de concienciaci\u00f3n #VueltaAlColeCibersegura. Tr\u00e1tase d&#8217;un conxuntu de recursos visuales, senciellos y curiosos, onde s&#8217;enceten temes empobinaes al profesor\u00e1u y les families coles mires d&#8217;ameyorar la so capacitaci\u00f3n en cibersegurid\u00e1 nel regresu a les aules.<\/p>\n","protected":false},"author":117,"featured_media":0,"comment_status":"closed","ping_status":"open","sticky":false,"template":"","format":"standard","meta":{"footnotes":""},"categories":[352],"tags":[],"class_list":["post-59056","post","type-post","status-publish","format-standard","hentry","category-informatica"],"_links":{"self":[{"href":"https:\/\/edublog.educastur.es\/ixuxu\/wp-json\/wp\/v2\/posts\/59056","targetHints":{"allow":["GET"]}}],"collection":[{"href":"https:\/\/edublog.educastur.es\/ixuxu\/wp-json\/wp\/v2\/posts"}],"about":[{"href":"https:\/\/edublog.educastur.es\/ixuxu\/wp-json\/wp\/v2\/types\/post"}],"author":[{"embeddable":true,"href":"https:\/\/edublog.educastur.es\/ixuxu\/wp-json\/wp\/v2\/users\/117"}],"replies":[{"embeddable":true,"href":"https:\/\/edublog.educastur.es\/ixuxu\/wp-json\/wp\/v2\/comments?post=59056"}],"version-history":[{"count":3,"href":"https:\/\/edublog.educastur.es\/ixuxu\/wp-json\/wp\/v2\/posts\/59056\/revisions"}],"predecessor-version":[{"id":59059,"href":"https:\/\/edublog.educastur.es\/ixuxu\/wp-json\/wp\/v2\/posts\/59056\/revisions\/59059"}],"wp:attachment":[{"href":"https:\/\/edublog.educastur.es\/ixuxu\/wp-json\/wp\/v2\/media?parent=59056"}],"wp:term":[{"taxonomy":"category","embeddable":true,"href":"https:\/\/edublog.educastur.es\/ixuxu\/wp-json\/wp\/v2\/categories?post=59056"},{"taxonomy":"post_tag","embeddable":true,"href":"https:\/\/edublog.educastur.es\/ixuxu\/wp-json\/wp\/v2\/tags?post=59056"}],"curies":[{"name":"wp","href":"https:\/\/api.w.org\/{rel}","templated":true}]}}