{"id":59066,"date":"2025-09-30T18:00:44","date_gmt":"2025-09-30T16:00:44","guid":{"rendered":"https:\/\/edublog.educastur.es\/ixuxu\/?p=59066"},"modified":"2025-09-30T13:51:04","modified_gmt":"2025-09-30T11:51:04","slug":"59066","status":"publish","type":"post","link":"https:\/\/edublog.educastur.es\/ixuxu\/2025\/09\/59066\/","title":{"rendered":""},"content":{"rendered":"<p style=\"text-align: center\"><a href=\"https:\/\/encrypted-tbn0.gstatic.com\/images?q=tbn:ANd9GcQXe-5bgn6H7VYH8C3_KJaTz0pnlrZ5llPYSw&amp;s\"><img loading=\"lazy\" decoding=\"async\" class=\"aligncenter size-large\" src=\"https:\/\/encrypted-tbn0.gstatic.com\/images?q=tbn:ANd9GcQXe-5bgn6H7VYH8C3_KJaTz0pnlrZ5llPYSw&amp;s\" width=\"225\" height=\"225\" \/><\/a><\/p>\n<p style=\"text-align: center\"><strong><span style=\"color: #800080;font-size: 20px\"><em>\u00abAmo la vida<br \/>\nporque tengo derechu a vivila.<\/em><\/span><\/strong><br \/>\n<strong><span style=\"color: #800080;font-size: 20px\"><em>Amo la tierra<br \/>\nporque nella ta soterr\u00e1u&#8217;l mio hermanu.<\/em><\/span><\/strong><br \/>\n<strong><span style=\"color: #800080;font-size: 20px\"><em>Amo&#8217;l cielu<br \/>\nporque n\u00e9l inda vuelen los sua\u00f1os.\u00bb<\/em><\/span><\/strong><\/p>\n<p style=\"text-align: center\">Fadwa Tuqan &#8211; Poetisa Palestina<\/p>\n","protected":false},"excerpt":{"rendered":"<p>\u00abAmo la vida porque tengo derechu a vivila. Amo la tierra porque nella ta soterr\u00e1u&#8217;l mio hermanu. Amo&#8217;l cielu porque n\u00e9l inda vuelen los sua\u00f1os.\u00bb Fadwa Tuqan &#8211; Poetisa Palestina<\/p>\n","protected":false},"author":117,"featured_media":0,"comment_status":"closed","ping_status":"open","sticky":false,"template":"","format":"quote","meta":{"footnotes":""},"categories":[1],"tags":[],"class_list":["post-59066","post","type-post","status-publish","format-quote","hentry","category-sin-categoria","post_format-post-format-quote"],"_links":{"self":[{"href":"https:\/\/edublog.educastur.es\/ixuxu\/wp-json\/wp\/v2\/posts\/59066","targetHints":{"allow":["GET"]}}],"collection":[{"href":"https:\/\/edublog.educastur.es\/ixuxu\/wp-json\/wp\/v2\/posts"}],"about":[{"href":"https:\/\/edublog.educastur.es\/ixuxu\/wp-json\/wp\/v2\/types\/post"}],"author":[{"embeddable":true,"href":"https:\/\/edublog.educastur.es\/ixuxu\/wp-json\/wp\/v2\/users\/117"}],"replies":[{"embeddable":true,"href":"https:\/\/edublog.educastur.es\/ixuxu\/wp-json\/wp\/v2\/comments?post=59066"}],"version-history":[{"count":1,"href":"https:\/\/edublog.educastur.es\/ixuxu\/wp-json\/wp\/v2\/posts\/59066\/revisions"}],"predecessor-version":[{"id":59067,"href":"https:\/\/edublog.educastur.es\/ixuxu\/wp-json\/wp\/v2\/posts\/59066\/revisions\/59067"}],"wp:attachment":[{"href":"https:\/\/edublog.educastur.es\/ixuxu\/wp-json\/wp\/v2\/media?parent=59066"}],"wp:term":[{"taxonomy":"category","embeddable":true,"href":"https:\/\/edublog.educastur.es\/ixuxu\/wp-json\/wp\/v2\/categories?post=59066"},{"taxonomy":"post_tag","embeddable":true,"href":"https:\/\/edublog.educastur.es\/ixuxu\/wp-json\/wp\/v2\/tags?post=59066"}],"curies":[{"name":"wp","href":"https:\/\/api.w.org\/{rel}","templated":true}]}}