{"id":59083,"date":"2025-09-30T20:00:23","date_gmt":"2025-09-30T18:00:23","guid":{"rendered":"https:\/\/edublog.educastur.es\/ixuxu\/?p=59083"},"modified":"2025-09-30T21:02:50","modified_gmt":"2025-09-30T19:02:50","slug":"59083","status":"publish","type":"post","link":"https:\/\/edublog.educastur.es\/ixuxu\/2025\/09\/59083\/","title":{"rendered":"Conciertu \u00fanicu de James Rhodes, pianista espa\u00f1ol nac\u00edu en Gran Breta\u00f1a"},"content":{"rendered":"<ul>\n<li><strong>James Rhodes<\/strong>: \u00abMania\u00bb (<a href=\"https:\/\/www.laboralciudaddelacultura.com\/agenda\/-\/calendarsuite\/event\/james-rhodes-mania\/13871242\/kiUgFekyAvs3\">Entraes<\/a>)<\/li>\n<li>Fecha s\u00e1badu, 01 payares 2025 \/ 20:00 hores \/Teatru de la Llaboral<\/li>\n<\/ul>\n<p>&nbsp;<\/p>\n<p style=\"text-align: center\"><a href=\"https:\/\/hinves.com\/wp-content\/uploads\/2017\/09\/James-Rhodes-una-autentica-revolucio%CC%81n-sobre-el-aprendizaje-del-piano.jpeg\"><img loading=\"lazy\" decoding=\"async\" class=\"aligncenter size-large\" src=\"https:\/\/hinves.com\/wp-content\/uploads\/2017\/09\/James-Rhodes-una-autentica-revolucio%CC%81n-sobre-el-aprendizaje-del-piano.jpeg\" width=\"480\" height=\"320\" \/><\/a><\/p>\n<p>Asiste a un conciertu \u00fanicu de James Rhodes, \u00abl&#8217;enfant tarrecible de la m\u00fasica cl\u00e1sica\u00bb. El pianista espa\u00f1ol nac\u00edu en Gran Breta\u00f1a, conoc\u00edu pol so carisma, talentu y estilu de stand-up nel escenariu, ufierta una esperiencia distinta a los recitales tradicionales. El programa va incluyir obres de Chopin, Brahms y Rachmaninov.<\/p>\n<p><!--more--><\/p>\n<p>Nos sos conciertos, Rhodes interact\u00faa directamente col p\u00fablicu, falando de les obres qu&#8217;interpreta, por qu\u00e9 les escoy\u00f3 y el contestu nel que se compunxeron. Am\u00e1s, comparte la hestoria de la so vida y c\u00f3mo la m\u00fasica, cuantim\u00e1s la de Bach, ayud\u00f3lu a superar torgues. Interpreta pieces de compositores como Bach, Chopin, Rachmaninov, Schubert y Beethoven.<\/p>\n<p>James Rhodes ye un apasion\u00e1u de la m\u00fasica cl\u00e1sica que se convirti\u00f3 nun importante divulgador a nivel mundial. La so carrera desapeg\u00f3 en 2009. De magar, public\u00f3 numberosos \u00e1lbumes y llibros, incluyendo&#8217;l so esitosu llibru Instrumental. Memories de m\u00fasica, medicina y llocura, y angua\u00f1o tien el so propiu programa na Cadena Ser, En clave de Rhodes.<\/p>\n<p>El so particular estilu dex\u00f3-y atraer a nuevos p\u00fablicos, actuando en festivales de m\u00fasica pop y cortiles pocu convencionales, seg\u00fan nes principales sales de conciertos internacionales: Koerner Hall Toronto, Elbphilhamonie Hamburgo, The Queen Elizabeth Hall Londres, El Liceu Barcelona, Musikverein Viena, Teatru Real Madrid, The Barbican Londres y munchos m\u00e1s dende Australia hasta Hong Kong.<\/p>\n<p style=\"text-align: center\"><a href=\"https:\/\/upload.wikimedia.org\/wikipedia\/commons\/thumb\/8\/81\/James_Rhodes_en_Donostia-San_Sebasti%C3%A1n.jpg\/800px-James_Rhodes_en_Donostia-San_Sebasti%C3%A1n.jpg\"><img loading=\"lazy\" decoding=\"async\" class=\"aligncenter \" src=\"https:\/\/upload.wikimedia.org\/wikipedia\/commons\/thumb\/8\/81\/James_Rhodes_en_Donostia-San_Sebasti%C3%A1n.jpg\/800px-James_Rhodes_en_Donostia-San_Sebasti%C3%A1n.jpg\" width=\"601\" height=\"800\" \/><\/a><\/p>\n<p>James Edward Rhodes (Londres, Inglaterra, 6 de marzu de 1975) ye un pianista, escritor y fil\u00e1ntropu espa\u00f1ol d&#8217;orixe brit\u00e1nicu, \u200bconoc\u00edu tami\u00e9n pol so activismu na denuncia contra los abusos sexuales na infancia. <a href=\"https:\/\/www.jamesrhodes.tv\">Web<\/a><\/p>\n<ul>\n<li>Empobin\u00e1u a: a partir de 13 a\u00f1os.<\/li>\n<li>Preciu: *foso: 42 \u20ac. Patiu de butaques (files 1 a 10): 38 \u20ac. Patiu de butaques (files 11 a 20): 36 \u20ac. Palcos: 32 \u20ac. Anfiteatru: 28 \u20ac.<\/li>\n<li>Duraci\u00f3n: 2 hores.<\/li>\n<\/ul>\n<p style=\"text-align: center\">\n<!-- iframe plugin v.6.0 wordpress.org\/plugins\/iframe\/ -->\n<iframe loading=\"lazy\" width=\"100%\" height=\"487\" src=\"https:\/\/www.youtube.com\/embed\/KpKnRCbdk1g?list=RDKpKnRCbdk1g\" title=\"LATE MOTIV - James Rhodes. Preludio en do sostenido menor. Op. 3 N\u00ba2 (Rajm\u00e1ninov) | #LateMotiv302\" frameborder=\"0\" allow=\"accelerometer; autoplay; clipboard-write; encrypted-media; gyroscope; picture-in-picture; web-share\" referrerpolicy=\"strict-origin-when-cross-origin\" 0=\"allowfullscreen\" 1=\"\/iframe\" scrolling=\"yes\" class=\"iframe-class\"><\/iframe>\n<\/p>\n<p style=\"text-align: center\">\n<!-- iframe plugin v.6.0 wordpress.org\/plugins\/iframe\/ -->\n<iframe data-testid=\"embed-iframe\" style=\"border-radius:12px\" src=\"https:\/\/open.spotify.com\/embed\/album\/510ooESeRor4qHmIQzIj8K?utm_source=generator\" width=\"100%\" height=\"352\" frameborder=\"0\" allowfullscreen allow=\"autoplay; clipboard-write; encrypted-media; fullscreen; picture-in-picture\" loading=\"lazy\" 0=\"\/iframe\" scrolling=\"yes\" class=\"iframe-class\"><\/iframe>\n<\/p>\n<p style=\"text-align: center\"><a href=\"https:\/\/www.laboralciudaddelacultura.com\/o\/adaptive-media\/image\/13871223\/3\/0c48302a-661f-a0b4-b079-9e03e78667a2?t=1755600580045\"><img loading=\"lazy\" decoding=\"async\" class=\"aligncenter size-large\" src=\"https:\/\/www.laboralciudaddelacultura.com\/o\/adaptive-media\/image\/13871223\/3\/0c48302a-661f-a0b4-b079-9e03e78667a2?t=1755600580045\" width=\"700\" height=\"700\" \/><\/a><\/p>\n","protected":false},"excerpt":{"rendered":"<p>James Rhodes: \u00abMania\u00bb (Entraes) Fecha s\u00e1badu, 01 payares 2025 \/ 20:00 hores \/Teatru de la Llaboral &nbsp; Asiste a un conciertu \u00fanicu de James Rhodes, \u00abl&#8217;enfant tarrecible de la m\u00fasica cl\u00e1sica\u00bb. El pianista espa\u00f1ol nac\u00edu en Gran Breta\u00f1a, conoc\u00edu pol so carisma, talentu y estilu de stand-up nel escenariu, ufierta una esperiencia distinta a los [&hellip;]<\/p>\n","protected":false},"author":117,"featured_media":0,"comment_status":"closed","ping_status":"open","sticky":false,"template":"","format":"standard","meta":{"footnotes":""},"categories":[35,1],"tags":[],"class_list":["post-59083","post","type-post","status-publish","format-standard","hentry","category-musica","category-sin-categoria"],"_links":{"self":[{"href":"https:\/\/edublog.educastur.es\/ixuxu\/wp-json\/wp\/v2\/posts\/59083","targetHints":{"allow":["GET"]}}],"collection":[{"href":"https:\/\/edublog.educastur.es\/ixuxu\/wp-json\/wp\/v2\/posts"}],"about":[{"href":"https:\/\/edublog.educastur.es\/ixuxu\/wp-json\/wp\/v2\/types\/post"}],"author":[{"embeddable":true,"href":"https:\/\/edublog.educastur.es\/ixuxu\/wp-json\/wp\/v2\/users\/117"}],"replies":[{"embeddable":true,"href":"https:\/\/edublog.educastur.es\/ixuxu\/wp-json\/wp\/v2\/comments?post=59083"}],"version-history":[{"count":3,"href":"https:\/\/edublog.educastur.es\/ixuxu\/wp-json\/wp\/v2\/posts\/59083\/revisions"}],"predecessor-version":[{"id":59086,"href":"https:\/\/edublog.educastur.es\/ixuxu\/wp-json\/wp\/v2\/posts\/59083\/revisions\/59086"}],"wp:attachment":[{"href":"https:\/\/edublog.educastur.es\/ixuxu\/wp-json\/wp\/v2\/media?parent=59083"}],"wp:term":[{"taxonomy":"category","embeddable":true,"href":"https:\/\/edublog.educastur.es\/ixuxu\/wp-json\/wp\/v2\/categories?post=59083"},{"taxonomy":"post_tag","embeddable":true,"href":"https:\/\/edublog.educastur.es\/ixuxu\/wp-json\/wp\/v2\/tags?post=59083"}],"curies":[{"name":"wp","href":"https:\/\/api.w.org\/{rel}","templated":true}]}}