{"id":59104,"date":"2025-10-01T08:30:23","date_gmt":"2025-10-01T06:30:23","guid":{"rendered":"https:\/\/edublog.educastur.es\/ixuxu\/?p=59104"},"modified":"2025-10-01T09:20:06","modified_gmt":"2025-10-01T07:20:06","slug":"el-tiempu-el-comercio-152","status":"publish","type":"post","link":"https:\/\/edublog.educastur.es\/ixuxu\/2025\/10\/el-tiempu-el-comercio-152\/","title":{"rendered":"El tiempu (El Comercio)"},"content":{"rendered":"<p style=\"text-align: left\"><a href=\"https:\/\/s1.ppllstatics.com\/elcomercio\/www\/multimedia\/2025\/09\/30\/tiempo-asturias-miercoles-octubre-k9H-U2302588077118HVD-1200x870@El%20Comercio.jpg\"><img loading=\"lazy\" decoding=\"async\" class=\"aligncenter size-large\" src=\"https:\/\/s1.ppllstatics.com\/elcomercio\/www\/multimedia\/2025\/09\/30\/tiempo-asturias-miercoles-octubre-k9H-U2302588077118HVD-1200x870@El%20Comercio.jpg\" width=\"1200\" height=\"870\" \/><\/a>El mes d&#8217;ochobre va empezar con unes condiciones meteorol\u00f3xiques dafechu estables en tol Princip\u00e1u. <strong>Vamos amanecer<\/strong> con cielos pocu nublos, ensin refugar dellos bancos de borrina en zones propenses de la met\u00e1 norte asturiana. <strong>A lo llargo del d\u00eda<\/strong>, a lo sumo, vamos ver intervalos de nubes altes que dexar\u00eden s\u00eda que non el cielu atapec\u00edu. <strong>Los vientos<\/strong> van soplar de componente este na mari\u00f1a con intensid\u00e1 moderada pudiendo superar los 40 km\/h por momentos.<strong> Nel interior<\/strong> los vientos van ser m\u00e1s fluexos y d&#8217;orientaci\u00f3n variable.<\/p>\n<p><strong>Les temperatures m\u00e1ximes<\/strong> van xubir hasta 4 \u00baC respectu al martes nel interior occidental, y hasta 2 o 3 \u00baC nel restu de la rex\u00f3n. <strong>Les temperatures m\u00ednimes<\/strong> van xubir llixeramente nel cordal y otros puntos del interior, calteni\u00e9ndose ensin cambeos nel restu.<\/p>\n","protected":false},"excerpt":{"rendered":"<p>El mes d&#8217;ochobre va empezar con unes condiciones meteorol\u00f3xiques dafechu estables en tol Princip\u00e1u. Vamos amanecer con cielos pocu nublos, ensin refugar dellos bancos de borrina en zones propenses de la met\u00e1 norte asturiana. A lo llargo del d\u00eda, a lo sumo, vamos ver intervalos de nubes altes que dexar\u00eden s\u00eda que non el cielu [&hellip;]<\/p>\n","protected":false},"author":117,"featured_media":0,"comment_status":"closed","ping_status":"open","sticky":false,"template":"","format":"standard","meta":{"footnotes":""},"categories":[5],"tags":[],"class_list":["post-59104","post","type-post","status-publish","format-standard","hentry","category-tiempu"],"_links":{"self":[{"href":"https:\/\/edublog.educastur.es\/ixuxu\/wp-json\/wp\/v2\/posts\/59104","targetHints":{"allow":["GET"]}}],"collection":[{"href":"https:\/\/edublog.educastur.es\/ixuxu\/wp-json\/wp\/v2\/posts"}],"about":[{"href":"https:\/\/edublog.educastur.es\/ixuxu\/wp-json\/wp\/v2\/types\/post"}],"author":[{"embeddable":true,"href":"https:\/\/edublog.educastur.es\/ixuxu\/wp-json\/wp\/v2\/users\/117"}],"replies":[{"embeddable":true,"href":"https:\/\/edublog.educastur.es\/ixuxu\/wp-json\/wp\/v2\/comments?post=59104"}],"version-history":[{"count":1,"href":"https:\/\/edublog.educastur.es\/ixuxu\/wp-json\/wp\/v2\/posts\/59104\/revisions"}],"predecessor-version":[{"id":59105,"href":"https:\/\/edublog.educastur.es\/ixuxu\/wp-json\/wp\/v2\/posts\/59104\/revisions\/59105"}],"wp:attachment":[{"href":"https:\/\/edublog.educastur.es\/ixuxu\/wp-json\/wp\/v2\/media?parent=59104"}],"wp:term":[{"taxonomy":"category","embeddable":true,"href":"https:\/\/edublog.educastur.es\/ixuxu\/wp-json\/wp\/v2\/categories?post=59104"},{"taxonomy":"post_tag","embeddable":true,"href":"https:\/\/edublog.educastur.es\/ixuxu\/wp-json\/wp\/v2\/tags?post=59104"}],"curies":[{"name":"wp","href":"https:\/\/api.w.org\/{rel}","templated":true}]}}