{"id":59106,"date":"2025-10-01T08:55:28","date_gmt":"2025-10-01T06:55:28","guid":{"rendered":"https:\/\/edublog.educastur.es\/ixuxu\/?p=59106"},"modified":"2025-10-01T10:34:23","modified_gmt":"2025-10-01T08:34:23","slug":"los-tres-clises-solares-que-se-van-ver-nespana","status":"publish","type":"post","link":"https:\/\/edublog.educastur.es\/ixuxu\/2025\/10\/los-tres-clises-solares-que-se-van-ver-nespana\/","title":{"rendered":"Los tr\u00e9s clises solares que se van ver n&#8217;Espa\u00f1a"},"content":{"rendered":"<p>Los tr\u00e9s clises solares que se van ver n&#8217;Espa\u00f1a: los meyores llugares para reparar un fen\u00f3menu astron\u00f3micu que nun se repit\u00eda dende fai m\u00e1s d&#8217;un sieglu. Va ser la primer vegada, no que va de sieglu XXI, que se va apagar la lluz del sol en casi toa Espa\u00f1a. <a href=\"https:\/\/viajar.elperiodico.com\/escapate_cerca\/tres-eclipses-solares-veran-espana-122096541?utm_source=firefox-newtab-es-es\">El Peri\u00f3dico<\/a><\/p>\n<p style=\"text-align: center\"><a href=\"https:\/\/estaticos-cdn.prensaiberica.es\/clip\/b2b8e788-a4fc-45bf-bb08-9d4c25113888_16-9-discover-aspect-ratio_default_0.webp\"><img loading=\"lazy\" decoding=\"async\" class=\"aligncenter size-large\" src=\"https:\/\/estaticos-cdn.prensaiberica.es\/clip\/b2b8e788-a4fc-45bf-bb08-9d4c25113888_16-9-discover-aspect-ratio_default_0.webp\" width=\"1200\" height=\"675\" \/><\/a><\/p>\n<p>El turismu d&#8217;estrelles prep\u00e1rase para vivir daqu\u00e9 in\u00e9ditu. Un fen\u00f3menu astron\u00f3micu escepcional y, como indiquen los espertos, ensin precedentes na hestoria m\u00e1s reci\u00e9n d&#8217;Europa.<\/p>\n<p><!--more--><\/p>\n<p>Lo de los eclises ye interesante: siempres que tien llugar dalg\u00fan sucesu astron\u00f3micu, tenemos la sensaci\u00f3n de tar viviendo daqu\u00e9 in\u00e9ditu. Pero ye que, nesta ocasi\u00f3n, va ser asina, porque lo que va pasar en pr\u00f3ximos a\u00f1os ye realmente escepcional: fai m\u00e1s d&#8217;un sieglu que nun asoced\u00eda daqu\u00e9 igual.<\/p>\n<p><strong>L&#8217;\u00faltimu ecl\u00eds solar n&#8217;Espa\u00f1a: fai m\u00e1s d&#8217;un sieglu.\u00a0<\/strong>L&#8217;\u00faltimu ecl\u00eds solar que foi visible por completu dende la pen\u00ednsula Ib\u00e9rica tuvo llugar (doble de tambores) en 1912. D&#8217;eso pasaron y\u00e1 113 a\u00f1os, y el 12 d&#8217;agostu de 2026, fecha na que ta previstu qu&#8217;asoceda&#8217;l gran ecl\u00eds espa\u00f1ol, pasar\u00eden y\u00e1 114.<\/p>\n<p style=\"text-align: center\"><a href=\"https:\/\/estaticos-cdn.prensaiberica.es\/clip\/ffb5d8dc-d85e-4467-ba32-ed4afa20a0ab_source-aspect-ratio_default_0.webp\"><img loading=\"lazy\" decoding=\"async\" class=\"aligncenter size-large\" src=\"https:\/\/estaticos-cdn.prensaiberica.es\/clip\/ffb5d8dc-d85e-4467-ba32-ed4afa20a0ab_source-aspect-ratio_default_0.webp\" width=\"1254\" height=\"836\" \/><\/a><\/p>\n<p><em>Fai m\u00e1s d&#8217;un sieglu que nun se ve un ecl\u00eds total n&#8217;Espa\u00f1a \/ Istock \/ xavier lapuente<\/em><\/p>\n<p>Prevese que m\u00e1s del 40% del territoriu de la pen\u00ednsula y les isles quede en clarixa per primer vegada no que llevamos de sieglu XXI. Porque esti va ser el primer ecl\u00eds total na Europa continental nesti sieglu.<\/p>\n<p><strong>Nun va ser unu, nin dos, sin\u00f3n tr\u00e9s clises consecutivos<\/strong><\/p>\n<p>Nun va ser l&#8217;\u00fanicu acontecimientu astron\u00f3micu que vamos poder ver dende Espa\u00f1a: solo un a\u00f1u dempu\u00e9s, el 2 d&#8217;agostu de 2027, esp\u00e9rase un ecl\u00eds total del sur. O lo que ye lo mesmo, la solombra de la lluna va apagar la lluz del sol nel sur de la pen\u00ednsula, am\u00e1s de la ciud\u00e1 de Ceuta.<\/p>\n<p>Y unu m\u00e1s. <strong>El 26 de xineru de 2028 va tener llugar un ecl\u00eds anular al atapecer.<\/strong> A diferencia de los dos anteriores, nun va ser un ecl\u00eds solar total y solo va ser visible solo nel suroeste peninsular, pero eso nun lo resta nin llixu d&#8217;inter\u00e9s para los aficionaos a esti tipu de fen\u00f3menos.<br \/>\nVan Ser tr\u00e9s clises cortiles consecutives visibles dende Espa\u00f1a nos pr\u00f3ximos tr\u00e9s a\u00f1os<\/p>\n<p style=\"text-align: center\"><a href=\"https:\/\/estaticos-cdn.prensaiberica.es\/clip\/10ba6d0d-4a97-41ca-98d0-053f82133faf_source-aspect-ratio_default_0.webp\"><img loading=\"lazy\" decoding=\"async\" class=\"aligncenter size-large\" src=\"https:\/\/estaticos-cdn.prensaiberica.es\/clip\/10ba6d0d-4a97-41ca-98d0-053f82133faf_source-aspect-ratio_default_0.webp\" width=\"1966\" height=\"1106\" \/><\/a><\/p>\n<p>Van Ser tr\u00e9s clises cortiles consecutives visibles dende Espa\u00f1a nos pr\u00f3ximos tr\u00e9s a\u00f1os<\/p>\n<p><strong>Los meyores llugares d&#8217;Espa\u00f1a para ver los eclises de sol<\/strong><\/p>\n<p>Al paecer, Espa\u00f1a ye&#8217;l meyor llugar del mundu para ver esti ecl\u00eds, eso esplica la movici\u00f3n qu&#8217;hai ente la comunid\u00e1 astron\u00f3mica y los aficionaos a esti tipu de fen\u00f3menos. \u201cCabo esperar qu&#8217;hasta&#8217;l nuesu territoriu mu\u00e9vanse numberosos cazadores d&#8217;eclises y turistes polo xeneral\u201d, seg\u00fan indiquen na p\u00e1xina web qu&#8217;habilit\u00f3 l&#8217;Institutu Xeogr\u00e1ficu Nacional con tola informaci\u00f3n sobro los eclises.<\/p>\n<p>A esa zona d&#8217;escurid\u00e1 llamar la franxa de totalid\u00e1, y nel casu del primer ecl\u00eds, el d&#8217;agostu de 2026, asitiar na met\u00e1 norte peninsular (A Coru\u00f1a, <strong>Uvi\u00e9u<\/strong>, Lli\u00f3n, Bilbao, Zaragoza, Zamora, Teruel y Valencia), hasta rematar nes Baleares a la hora del atapecer.<\/p>\n<p><strong>A qu\u00e9 hora empieza&#8217;l gran ecl\u00eds espa\u00f1ol<\/strong><\/p>\n<p>\u201cEl primer llugar onde va ser visible va ser Galicia. N&#8217;A Coru\u00f1a l&#8217;ecl\u00eds va empezar a les 19h 31m, va tener el so m\u00e1ximu a les 20h 28m y va rematar a les 21h 22m, unos minutos antes de la puesta de sol, siendo la duraci\u00f3n de la totalid\u00e1 de 76 segundos\u201d. M\u00e1s precisos, nun pueden ser los datos.<\/p>\n","protected":false},"excerpt":{"rendered":"<p>Los tr\u00e9s clises solares que se van ver n&#8217;Espa\u00f1a: los meyores llugares para reparar un fen\u00f3menu astron\u00f3micu que nun se repit\u00eda dende fai m\u00e1s d&#8217;un sieglu. Va ser la primer vegada, no que va de sieglu XXI, que se va apagar la lluz del sol en casi toa Espa\u00f1a. El Peri\u00f3dico El turismu d&#8217;estrelles prep\u00e1rase [&hellip;]<\/p>\n","protected":false},"author":117,"featured_media":0,"comment_status":"closed","ping_status":"open","sticky":false,"template":"","format":"standard","meta":{"footnotes":""},"categories":[223],"tags":[],"class_list":["post-59106","post","type-post","status-publish","format-standard","hentry","category-astronomia"],"_links":{"self":[{"href":"https:\/\/edublog.educastur.es\/ixuxu\/wp-json\/wp\/v2\/posts\/59106","targetHints":{"allow":["GET"]}}],"collection":[{"href":"https:\/\/edublog.educastur.es\/ixuxu\/wp-json\/wp\/v2\/posts"}],"about":[{"href":"https:\/\/edublog.educastur.es\/ixuxu\/wp-json\/wp\/v2\/types\/post"}],"author":[{"embeddable":true,"href":"https:\/\/edublog.educastur.es\/ixuxu\/wp-json\/wp\/v2\/users\/117"}],"replies":[{"embeddable":true,"href":"https:\/\/edublog.educastur.es\/ixuxu\/wp-json\/wp\/v2\/comments?post=59106"}],"version-history":[{"count":1,"href":"https:\/\/edublog.educastur.es\/ixuxu\/wp-json\/wp\/v2\/posts\/59106\/revisions"}],"predecessor-version":[{"id":59107,"href":"https:\/\/edublog.educastur.es\/ixuxu\/wp-json\/wp\/v2\/posts\/59106\/revisions\/59107"}],"wp:attachment":[{"href":"https:\/\/edublog.educastur.es\/ixuxu\/wp-json\/wp\/v2\/media?parent=59106"}],"wp:term":[{"taxonomy":"category","embeddable":true,"href":"https:\/\/edublog.educastur.es\/ixuxu\/wp-json\/wp\/v2\/categories?post=59106"},{"taxonomy":"post_tag","embeddable":true,"href":"https:\/\/edublog.educastur.es\/ixuxu\/wp-json\/wp\/v2\/tags?post=59106"}],"curies":[{"name":"wp","href":"https:\/\/api.w.org\/{rel}","templated":true}]}}