{"id":59108,"date":"2025-10-01T11:44:57","date_gmt":"2025-10-01T09:44:57","guid":{"rendered":"https:\/\/edublog.educastur.es\/ixuxu\/?p=59108"},"modified":"2025-10-01T11:46:35","modified_gmt":"2025-10-01T09:46:35","slug":"xardin-botanicu-atlanticu-de-xixon-actividaes-educatives","status":"publish","type":"post","link":"https:\/\/edublog.educastur.es\/ixuxu\/2025\/10\/xardin-botanicu-atlanticu-de-xixon-actividaes-educatives\/","title":{"rendered":"Xard\u00edn Bot\u00e1nicu Atl\u00e1nticu de Xix\u00f3n: Actividaes educatives"},"content":{"rendered":"<div class=\"articulo-block-title\">\n<p>&nbsp;<\/p>\n<\/div>\n<div class=\"articulo-block-content\">\n<p><a href=\"https:\/\/www.gijon.es\/es\/directorio\/jardin-botanico-atlantico-de-gijon\" target=\"_blank\" rel=\"noopener\"><img decoding=\"async\" title=\"Jardin Botanico Atl\u00e1ntico de Gij\u00f3n. Programa de actividades educativas\" src=\"https:\/\/www.educastur.es\/documents\/34868\/37890\/2021-09-act-cen-jardin-botanico-1060.jpg\/13f2d9f2-2964-109b-da16-a2410bb5ebfb?t=1632732403788\" alt=\"Jardin Botanico Atl\u00e1ntico de Gij\u00f3n. Programa de actividades educativas\" \/><\/a><\/p>\n<p>El Xard\u00edn Bot\u00e1nicu Atl\u00e1nticu facilita a profesor\u00e1u y escolares el so aprovechamientu como recursu did\u00e1cticu. <a href=\"https:\/\/www.educastur.es\/-\/jardin-botanico-atlantico-gijon-programa-educativo-25-26?redirect=%2F\">Educastur <\/a>La observaci\u00f3n, la esperimentaci\u00f3n directa de les plantes y l&#8217;acercamientu al trabayu cient\u00edficu, son dalgunes de les estratexes d&#8217;esti Programa educativu que&#8217;l so fin \u00faltimu ye educar pa caltener, tresmitiendo la importancia de les plantes para la vida y para el planeta, y dando valor a la biodiversid\u00e1 y la necesid\u00e1 del so caltenimientu.<\/p>\n<ul>\n<li><a href=\"https:\/\/www.gijon.es\/\/sites\/default\/files\/inline-files\/P%20Educativo%20BOTANICO%2025-26.pdf\" target=\"_blank\" rel=\"noopener\">Programa educativo 2025-2026<\/a> (pdf) <a href=\"https:\/\/www.gijon.es\/es\/tramites\/inscripcion-las-actividades-del-programa-educativo-del-jardin-botanico\" target=\"_blank\" rel=\"noopener\">Inscripci\u00f3n<\/a><b>\/<\/b><a href=\"https:\/\/www.gijon.es\/es\/actividades?etiquetas=educaci%C3%B3n,%20botanico&amp;q=Visita\" target=\"_blank\" rel=\"noopener\">Visitas guiaes<\/a>\/<a href=\"https:\/\/www.gijon.es\/es\/actividades?etiquetas=educaci%C3%B3n,%20botanico&amp;q=Itinerario\" target=\"_blank\" rel=\"noopener\">Itinerarios educativos<\/a>\/\u00a0<a href=\"https:\/\/www.gijon.es\/es\/actividades\/taller-gijon-menos-gris-mas-verde-y-feliz\" target=\"_blank\" rel=\"noopener\">Talleres\u00a0<em>Gij\u00f3n menos gris<\/em>,<\/a><em><a href=\"https:\/\/www.gijon.es\/es\/actividades\/taller-gijon-menos-gris-mas-verde-y-feliz\" target=\"_blank\" rel=\"noopener\">\u00a0m\u00e1s verde y feliz<\/a>.\u00a0<\/em>1\u00ba a 6\u00ba de E. P. \/\u00a0<a href=\"https:\/\/www.gijon.es\/es\/actividades\/visita-guiada-ecomision-xixon-ed-secundaria\" target=\"_blank\" rel=\"noopener\">Visites guiaes Ecomisi\u00f3n Xix\u00f3n<\/a>. Ed. Secundaria.\/ <a href=\"https:\/\/www.gijon.es\/es\/directorio\/jardin-botanico-atlantico-de-gijon\" target=\"_blank\" rel=\"noopener\">Web <\/a>\/<a href=\"https:\/\/www.gijon.es\/\/sites\/default\/files\/inline-files\/P%20Educativo%20BOTANICO%2025-26.pdf\" target=\"_blank\" rel=\"noopener\">Programa educativu <\/a>\u00a0(pdf) \/\u00a0<a href=\"https:\/\/www.gijon.es\/es\/publicaciones?etiquetas=Bot%C3%A1nico,Educaci%C3%B3n&amp;m=f&amp;t=Material%20did%C3%A1ctico&amp;b=2\" target=\"_blank\" rel=\"noopener\">Material did\u00e1ctico<\/a>\/\u00a0<a href=\"https:\/\/www.gijon.es\/es\/eventos?etiquetas=Bot%C3%A1nico,Educaci%C3%B3n\" target=\"_blank\" rel=\"noopener\">Agenda educativa<\/a><\/li>\n<\/ul>\n<p>&nbsp;<\/p>\n<\/div>\n","protected":false},"excerpt":{"rendered":"<p>&nbsp; El Xard\u00edn Bot\u00e1nicu Atl\u00e1nticu facilita a profesor\u00e1u y escolares el so aprovechamientu como recursu did\u00e1cticu. Educastur La observaci\u00f3n, la esperimentaci\u00f3n directa de les plantes y l&#8217;acercamientu al trabayu cient\u00edficu, son dalgunes de les estratexes d&#8217;esti Programa educativu que&#8217;l so fin \u00faltimu ye educar pa caltener, tresmitiendo la importancia de les plantes para la vida [&hellip;]<\/p>\n","protected":false},"author":117,"featured_media":0,"comment_status":"closed","ping_status":"open","sticky":false,"template":"","format":"standard","meta":{"footnotes":""},"categories":[284,183],"tags":[],"class_list":["post-59108","post","type-post","status-publish","format-standard","hentry","category-xardines","category-xixon"],"_links":{"self":[{"href":"https:\/\/edublog.educastur.es\/ixuxu\/wp-json\/wp\/v2\/posts\/59108","targetHints":{"allow":["GET"]}}],"collection":[{"href":"https:\/\/edublog.educastur.es\/ixuxu\/wp-json\/wp\/v2\/posts"}],"about":[{"href":"https:\/\/edublog.educastur.es\/ixuxu\/wp-json\/wp\/v2\/types\/post"}],"author":[{"embeddable":true,"href":"https:\/\/edublog.educastur.es\/ixuxu\/wp-json\/wp\/v2\/users\/117"}],"replies":[{"embeddable":true,"href":"https:\/\/edublog.educastur.es\/ixuxu\/wp-json\/wp\/v2\/comments?post=59108"}],"version-history":[{"count":2,"href":"https:\/\/edublog.educastur.es\/ixuxu\/wp-json\/wp\/v2\/posts\/59108\/revisions"}],"predecessor-version":[{"id":59110,"href":"https:\/\/edublog.educastur.es\/ixuxu\/wp-json\/wp\/v2\/posts\/59108\/revisions\/59110"}],"wp:attachment":[{"href":"https:\/\/edublog.educastur.es\/ixuxu\/wp-json\/wp\/v2\/media?parent=59108"}],"wp:term":[{"taxonomy":"category","embeddable":true,"href":"https:\/\/edublog.educastur.es\/ixuxu\/wp-json\/wp\/v2\/categories?post=59108"},{"taxonomy":"post_tag","embeddable":true,"href":"https:\/\/edublog.educastur.es\/ixuxu\/wp-json\/wp\/v2\/tags?post=59108"}],"curies":[{"name":"wp","href":"https:\/\/api.w.org\/{rel}","templated":true}]}}