{"id":59120,"date":"2025-10-01T12:16:11","date_gmt":"2025-10-01T10:16:11","guid":{"rendered":"https:\/\/edublog.educastur.es\/ixuxu\/?p=59120"},"modified":"2025-10-01T14:44:15","modified_gmt":"2025-10-01T12:44:15","slug":"uvieu-tien-24-345-vecinos-estranxeros-de-106-paises","status":"publish","type":"post","link":"https:\/\/edublog.educastur.es\/ixuxu\/2025\/10\/uvieu-tien-24-345-vecinos-estranxeros-de-106-paises\/","title":{"rendered":"Uvi\u00e9u tien 24.345 vecinos estranxeros de 106 pa\u00edses"},"content":{"rendered":"<p style=\"text-align: center\"><a href=\"https:\/\/img.lavdg.com\/sc\/yu5C_qOIYVOXnY9F9X-s0jKUWVo=\/768x\/2025\/09\/16\/00121758042040796663848\/Foto\/trby.jpg\"><img loading=\"lazy\" decoding=\"async\" class=\"aligncenter size-large\" src=\"https:\/\/img.lavdg.com\/sc\/yu5C_qOIYVOXnY9F9X-s0jKUWVo=\/768x\/2025\/09\/16\/00121758042040796663848\/Foto\/trby.jpg\" width=\"768\" height=\"432\" \/><\/a><\/p>\n<p>&nbsp;<\/p>\n<p>La mayor\u00eda vive en Pumar\u00edn, L&#8217;Arga\u00f1osa y Teatinos. L&#8217;\u00faltimu padr\u00f3n municipal dibuxa barriu a barriu la diversid\u00e1 del conceyu, liderada poles comunidaes colombiana y venezolana. <a href=\"https:\/\/www.lavozdeasturias.es\/noticia\/oviedo\/2025\/09\/29\/oviedo-24345-vecinos-extranjeros-106-paises-mayoria-vive-pumarin-arganosa-teatinos\/00031759144868897234309.htm\">La Voz<\/a> \/<br \/>\n<!--more--><br \/>\nEl Conceyu d&#8217;Uvi\u00e9u public\u00f3 los datos del padr\u00f3n municipal correspondientes a 2025, que dibuxen la fotograf\u00eda m\u00e1s actual de la poblaci\u00f3n que vive nel conceyu capital del Princip\u00e1u d&#8217;Asturies. Seg\u00fan l&#8217;\u00faltimu balance municipal, <strong>el conceyu cunta con 226.872 habitantes, de los cualos 121.398 son muyeres y 105.474 son homes.<\/strong> Dientro d&#8217;esti total, una parte significativa de la poblaci\u00f3n \u2014un total de 24.345 persones\u2014 naci\u00f3 m\u00e1s all\u00e1 de les fronteres espa\u00f1oles o bien cunten cola doble nacionalid\u00e1. Un datu que revela la multiculturalidad de la capital asturiana.<\/p>\n<p><strong>Esti colectivu \u2014que representa&#8217;l 10,7% de la poblaci\u00f3n total del conceyu d&#8217;Uvi\u00e9u<\/strong>\u2014 ta form\u00e1u por ciudadanos de 106 pa\u00edses distintos, creando un mosaicu global na ciud\u00e1. La estad\u00edstica desvela que les comunidaes m\u00e1s numberoses son la colombiana, con 3.915 ciudadanos; y la venezolana, con 2.471. S\u00edgen-yos nesti ranking Ruman\u00eda (2.223), Paraguay (1.425) y Marruecos (1.261), configurando un panorama onde les nacionalidaes llatinoamericanes y europees orientales tienen una presencia bien notable.<\/p>\n<p>Asina ye&#8217;l perfil d&#8217;estranxeros qu&#8217;adquirieron la nacionalid\u00e1 espa\u00f1ola n&#8217;Asturies. La distribuci\u00f3n d&#8217;esta poblaci\u00f3n polos barrios d&#8217;Uvi\u00e9u ye tan diversa como los sos or\u00edxenes. <strong>De los 55 barrios que tien el conceyu, son los grandes barrios residenciales los qu&#8217;acueyen a la mayor parte de la comunid\u00e1 internacional.<\/strong> El mapa de la diversid\u00e1 se\u00f1ala a Pumar\u00edn como&#8217;l barriu con mayor n\u00famberu de residentes estranxeros, con 2.552 persones. Mui cerca as\u00edtiense L&#8217;Arga\u00f1osa, con 2.069; y Teatinos, con 2.004. Estos tr\u00e9s n\u00facleos consol\u00eddense como los principales puntos d&#8217;acoyida para la poblaci\u00f3n forana.<\/p>\n<p>En Teatinos, les comunidaes de Colombia (344), Venezuela (229) y Ruman\u00eda (164) son les m\u00e1s representatives, acompa\u00f1aes por Senegal (161), Marruecos (98) y Brasil (80). Pumar\u00edn, el de mayor concentraci\u00f3n, presenta unu amiestu similar pero con m\u00e1s capes: Colombia (455) y Venezuela (290) lideren, sigu\u00edes de Ruman\u00eda (200), Paraguay (157), Marruecos (153), Senegal (113), Cuba (101) y China (97). Pela so parte, L&#8217;Arga\u00f1osa amuesa un perfil onde Colombia (369) y Paraguay (256) son les nacionalidaes predominantes, sigu\u00edes de Venezuela (228), Ruman\u00eda (204) y Marruecos (162).<\/p>\n<p>Am\u00e1s, los datos del padr\u00f3n municipal tami\u00e9n recueyen realidaes muncho m\u00e1s discretes. Nel estremu opuestu at\u00f3pase San Pedru Nora, onde solo mora una persona de nacionalid\u00e1 estranxera, concretamente de los Pa\u00edses Baxos. Nel casu de Pando \u2014estrem\u00e1u de Pando-Uvi\u00e9u\u2014 tan solo viven viven dos persones estranxeres: una muyer de Paraguay y otra muyer de Siria. Ensin dulda un abanicu que demuestra c\u00f3mo la buelga de la poblaci\u00f3n internacional llega a tolos rincones del conceyu, anque con intensidaes bien distintes.<\/p>\n","protected":false},"excerpt":{"rendered":"<p>&nbsp; La mayor\u00eda vive en Pumar\u00edn, L&#8217;Arga\u00f1osa y Teatinos. L&#8217;\u00faltimu padr\u00f3n municipal dibuxa barriu a barriu la diversid\u00e1 del conceyu, liderada poles comunidaes colombiana y venezolana. La Voz \/<\/p>\n","protected":false},"author":117,"featured_media":0,"comment_status":"closed","ping_status":"open","sticky":false,"template":"","format":"standard","meta":{"footnotes":""},"categories":[33],"tags":[],"class_list":["post-59120","post","type-post","status-publish","format-standard","hentry","category-uvieu"],"_links":{"self":[{"href":"https:\/\/edublog.educastur.es\/ixuxu\/wp-json\/wp\/v2\/posts\/59120","targetHints":{"allow":["GET"]}}],"collection":[{"href":"https:\/\/edublog.educastur.es\/ixuxu\/wp-json\/wp\/v2\/posts"}],"about":[{"href":"https:\/\/edublog.educastur.es\/ixuxu\/wp-json\/wp\/v2\/types\/post"}],"author":[{"embeddable":true,"href":"https:\/\/edublog.educastur.es\/ixuxu\/wp-json\/wp\/v2\/users\/117"}],"replies":[{"embeddable":true,"href":"https:\/\/edublog.educastur.es\/ixuxu\/wp-json\/wp\/v2\/comments?post=59120"}],"version-history":[{"count":2,"href":"https:\/\/edublog.educastur.es\/ixuxu\/wp-json\/wp\/v2\/posts\/59120\/revisions"}],"predecessor-version":[{"id":59146,"href":"https:\/\/edublog.educastur.es\/ixuxu\/wp-json\/wp\/v2\/posts\/59120\/revisions\/59146"}],"wp:attachment":[{"href":"https:\/\/edublog.educastur.es\/ixuxu\/wp-json\/wp\/v2\/media?parent=59120"}],"wp:term":[{"taxonomy":"category","embeddable":true,"href":"https:\/\/edublog.educastur.es\/ixuxu\/wp-json\/wp\/v2\/categories?post=59120"},{"taxonomy":"post_tag","embeddable":true,"href":"https:\/\/edublog.educastur.es\/ixuxu\/wp-json\/wp\/v2\/tags?post=59120"}],"curies":[{"name":"wp","href":"https:\/\/api.w.org\/{rel}","templated":true}]}}