{"id":59122,"date":"2025-10-01T12:19:28","date_gmt":"2025-10-01T10:19:28","guid":{"rendered":"https:\/\/edublog.educastur.es\/ixuxu\/?p=59122"},"modified":"2025-10-01T12:19:28","modified_gmt":"2025-10-01T10:19:28","slug":"una-menada-de-delfines-mulares-bailla-al-son-de-les-foles-en-salinas","status":"publish","type":"post","link":"https:\/\/edublog.educastur.es\/ixuxu\/2025\/10\/una-menada-de-delfines-mulares-bailla-al-son-de-les-foles-en-salinas\/","title":{"rendered":"Una menada de delfines mulares &#8216;bailla&#8217; al son de les foles en Salinas."},"content":{"rendered":"<p style=\"text-align: center\"><a href=\"https:\/\/estaticos-cdn.prensaiberica.es\/clip\/938a7a7f-bff4-4b07-a58e-71f2fe8cf349_16-9-aspect-ratio_default_0.jpg\"><img loading=\"lazy\" decoding=\"async\" class=\"aligncenter size-large\" src=\"https:\/\/estaticos-cdn.prensaiberica.es\/clip\/938a7a7f-bff4-4b07-a58e-71f2fe8cf349_16-9-aspect-ratio_default_0.jpg\" width=\"880\" height=\"495\" \/><\/a><\/p>\n<p>Una menada de delfines mulares &#8216;bailla&#8217; al son de les foles en Salinas. Un pescador profesional con embarcaci\u00f3n en Cuideiru, Pablo \u00c1lvarez, document\u00f3 l&#8217;afayu. <a href=\"https:\/\/www.lne.es\/aviles\/2025\/09\/30\/manada-delfines-mulares-baila-son-122112538.html?utm_content=imagen&amp;utm_medium=social&amp;utm_campaign=echobox&amp;utm_source=Facebook#Echobox=1759238188\">LNE<\/a><\/p>\n<p><!--more--><\/p>\n<p>Una menada de delfines mulares pudi\u00e9ronse ver al altor de la sablera de Salinas. Pablo \u00c1lvarez P\u00e9rez, pescador profesional con una embarcaci\u00f3n de Cuideiru, foi quien grab\u00f3 les imaxes del momentu. Nel v\u00eddeu<strong> puede vese hasta media docena de delfines, pero calc\u00falase qu&#8217;hai ente 20 y 25.<\/strong><\/p>\n<p>Va tiempu que nun se ten\u00eda noticia de tan abondosa presencia de estos mam\u00edferos nel arenal castrillonense. Foi va diez a\u00f1os cuando un grupu de m\u00e1s d&#8217;una docena de delfines rexunt\u00f3 mientres toa xuna xornada a decenes de curiosos que s&#8217;averaron al pas\u00e9u mar\u00edtimu de Salinas pa contemplar l&#8217;espect\u00e1culu de los cet\u00e1ceos.<\/p>\n<p>Naquel momentu los delfines fueron columbraos a primeres hores de la ma\u00f1ana y siguieron retozando a la fin de la tarde, inclusive a pocos metros de los surfistas qu&#8217;intentaben coyer foles nun d\u00eda de mar n&#8217;aselu y cola agua a una temperatura nidio, y\u00e1 que nun super\u00f3 ent\u00f3s los 18 graos.<\/p>\n<p>Los espertos se\u00f1alen que los delfines mulares <strong>suelen averase a la mari\u00f1a na seronda y tami\u00e9n a principiu de branu.<\/strong> Son bien sociables y los ba\u00f1istes y surfistes nun cuerren neng\u00fan peligru, a\u00f1eden los especialistes en fauna marina. Am\u00e1s, saben evitar los barcos si los atopen nel so cam\u00edn.<\/p>\n","protected":false},"excerpt":{"rendered":"<p>Una menada de delfines mulares &#8216;bailla&#8217; al son de les foles en Salinas. Un pescador profesional con embarcaci\u00f3n en Cuideiru, Pablo \u00c1lvarez, document\u00f3 l&#8217;afayu. LNE<\/p>\n","protected":false},"author":117,"featured_media":0,"comment_status":"closed","ping_status":"open","sticky":false,"template":"","format":"standard","meta":{"footnotes":""},"categories":[93],"tags":[],"class_list":["post-59122","post","type-post","status-publish","format-standard","hentry","category-sableres"],"_links":{"self":[{"href":"https:\/\/edublog.educastur.es\/ixuxu\/wp-json\/wp\/v2\/posts\/59122","targetHints":{"allow":["GET"]}}],"collection":[{"href":"https:\/\/edublog.educastur.es\/ixuxu\/wp-json\/wp\/v2\/posts"}],"about":[{"href":"https:\/\/edublog.educastur.es\/ixuxu\/wp-json\/wp\/v2\/types\/post"}],"author":[{"embeddable":true,"href":"https:\/\/edublog.educastur.es\/ixuxu\/wp-json\/wp\/v2\/users\/117"}],"replies":[{"embeddable":true,"href":"https:\/\/edublog.educastur.es\/ixuxu\/wp-json\/wp\/v2\/comments?post=59122"}],"version-history":[{"count":1,"href":"https:\/\/edublog.educastur.es\/ixuxu\/wp-json\/wp\/v2\/posts\/59122\/revisions"}],"predecessor-version":[{"id":59123,"href":"https:\/\/edublog.educastur.es\/ixuxu\/wp-json\/wp\/v2\/posts\/59122\/revisions\/59123"}],"wp:attachment":[{"href":"https:\/\/edublog.educastur.es\/ixuxu\/wp-json\/wp\/v2\/media?parent=59122"}],"wp:term":[{"taxonomy":"category","embeddable":true,"href":"https:\/\/edublog.educastur.es\/ixuxu\/wp-json\/wp\/v2\/categories?post=59122"},{"taxonomy":"post_tag","embeddable":true,"href":"https:\/\/edublog.educastur.es\/ixuxu\/wp-json\/wp\/v2\/tags?post=59122"}],"curies":[{"name":"wp","href":"https:\/\/api.w.org\/{rel}","templated":true}]}}