{"id":59129,"date":"2025-10-01T13:42:43","date_gmt":"2025-10-01T11:42:43","guid":{"rendered":"https:\/\/edublog.educastur.es\/ixuxu\/?p=59129"},"modified":"2025-10-05T19:44:08","modified_gmt":"2025-10-05T17:44:08","slug":"la-c-europea-escoyo-asturies-como-protagonista-de-la-so-campana-informativa-europa-na-mio-rexon","status":"publish","type":"post","link":"https:\/\/edublog.educastur.es\/ixuxu\/2025\/10\/la-c-europea-escoyo-asturies-como-protagonista-de-la-so-campana-informativa-europa-na-mio-rexon\/","title":{"rendered":"La C. Europea escoy\u00f3 Asturies como protagonista de la so campa\u00f1a informativa Europa na mio rex\u00f3n"},"content":{"rendered":"<p style=\"text-align: center\"><a href=\"https:\/\/actualidad.asturias.es\/documents\/537115\/2839345\/Campa%C3%B1a+UE.jpg\/741b3a26-bbe2-e206-fe27-f5a9ef96e639?t=1759313110254\"><img loading=\"lazy\" decoding=\"async\" class=\"aligncenter size-large\" src=\"https:\/\/actualidad.asturias.es\/documents\/537115\/2839345\/Campa%C3%B1a+UE.jpg\/741b3a26-bbe2-e206-fe27-f5a9ef96e639?t=1759313110254\" width=\"3508\" height=\"2481\" \/><\/a><\/p>\n<p>&nbsp;<\/p>\n<p>La Comisi\u00f3n Europea (CE) escoy\u00f3 Asturies como protagonista de la so campa\u00f1a informativa <span style=\"color: #008080\"><strong>Europa na mio rex\u00f3n<\/strong><\/span>, una iniciativa que busca resaltar les inversiones n&#8217;educaci\u00f3n, cultura o innovaci\u00f3n que se llevaron a cabu nel Princip\u00e1u.\u00a0Nesta edici\u00f3n, la campa\u00f1a pres\u00e9ntase sol lema <span style=\"color: #008080\"><strong>Tenemos fame de saber y sei d&#8217;innovaci\u00f3n<\/strong> <\/span>y pon en valor\u00a0 los proyectos asturianos que recibieron financiamientu de la Uni\u00f3n Europea (UE).\u00a0 <a href=\"https:\/\/actualidad.asturias.es\/-\/asturias-protagoniza-una-campa%C3%B1a-de-la-uni%C3%B3n-europea-para-destacar-el-valor-de-los-fondos-comunitarios?redirect=%2Fnoticias\"><strong>Actualid\u00e1<\/strong><\/a> \/<\/p>\n<p><!--more--><\/p>\n<p><strong>El Princip\u00e1u foi escoy\u00edu pola CE pol impactu de cinco inversiones clave<\/strong>: la Escuela Cimera d&#8217;Arte d&#8217;Avil\u00e9s, los institutos de La Fresneda y La Florida, n&#8217;Uvi\u00e9u; el Centru Avil\u00e9s Innova y el Mus\u00e9u del Xur\u00e1sicu d&#8217;Asturies (MUJA), en Colunga. Estos proyectos reflexen el compromisu cola educaci\u00f3n, la innovaci\u00f3n y la cultura, pilastres fundamentales para&#8217;l desenvolvimientu rexonal.<\/p>\n<p>La campa\u00f1a incl\u00fai diverses acciones en medios de comunicaci\u00f3n y dos eventos abiertos a la participaci\u00f3n ciudadana esti mes.<\/p>\n<ul>\n<li>El primeru ye&#8217;l<span style=\"color: #008080\"><strong> concursu d&#8217;arte ARTurias<\/strong><\/span>, que <strong>se va celebrar del 19 al 23 d&#8217;ochobre.<\/strong> Tr\u00e1tase d&#8217;una esposici\u00f3n art\u00edstica interxeneracional que va esquizar la identid\u00e1 asturiana al travi\u00e9s de disciplines como la pintura, el dibuxu, la fotograf\u00eda y los medios dixitales.<\/li>\n<li><strong>El segundu eventu va tener llugar nel MUJA el 17 d&#8217;ochobre y va tar dirix\u00edu a escolares<\/strong>. N\u00e9l combinar\u00e1n actividaes educatives y l\u00fadiques na redolada cultural del mus\u00e9u, coles mires de fomentar l&#8217;aprendizaxe y l&#8217;inter\u00e9s pol patrimoniu cient\u00edficu y natural d&#8217;Asturies.<\/li>\n<\/ul>\n<p>Europa na mio rex\u00f3n ye una campa\u00f1a conxunta ente la UE y les autoridaes rexonales y locales. Dende la so puesta en marcha en 2018, desenvolvi\u00f3 m\u00e1s de 70 campa\u00f1es en 14 Estaos miembros col prop\u00f3situ d&#8217;averar a la ciudadan\u00eda los beneficios concretos de les inversiones europees y reforzar el venceyu ente Europa y los territorios.<\/p>\n<div class=\"xyinxu5 xv54qhq x1g2khh7 xf7dkkf\">\n<div class=\"x6s0dn4 x78zum5 x1q0g3np x1nhvcw1 xh8yej3\">\n<div class=\"html-div xdj266r x14z9mp xat24cr x1lziwak xexx8yu xyri2b x18d9i69 x1c1uobl x9f619 xjbqb8w x78zum5 x15mokao x1ga7v0g x16uus16 xbiv7yw x1uhb9sk x1plvlek xryxfnj x1iyjqo2 x2lwn1j xeuugli x1q0g3np xqjyukv x6s0dn4 x1oa3qoh x1nhvcw1\">\n<div class=\"html-div xdj266r x14z9mp xat24cr x1lziwak xexx8yu xyri2b x18d9i69 x1c1uobl x9f619 x5lhr3w xjbqb8w x78zum5 x15mokao x1ga7v0g x16uus16 xbiv7yw x1n2onr6 x1plvlek xryxfnj x1c4vz4f x2lah0s xdt5ytf xqjyukv x1qjc9v5 x1oa3qoh xl56j7k\">\n<div class=\"html-div xdj266r x14z9mp xat24cr x1lziwak xexx8yu xyri2b x18d9i69 x1c1uobl x9f619 xjbqb8w x78zum5 x15mokao x1ga7v0g x16uus16 xbiv7yw x1uhb9sk x1plvlek xryxfnj x1c4vz4f x2lah0s x1q0g3np xqjyukv x6s0dn4 x1oa3qoh x1nhvcw1\">\n<div>\n<div class=\"html-div xdj266r x14z9mp xat24cr x1lziwak xexx8yu xyri2b x18d9i69 x1c1uobl x9f619 xjbqb8w x78zum5 x15mokao x1ga7v0g x16uus16 xbiv7yw x1uhb9sk x1plvlek xryxfnj x1c4vz4f x2lah0s x1q0g3np xqjyukv x6s0dn4 x1oa3qoh x1nhvcw1\">\n<div>\n<div class=\"html-div xdj266r x14z9mp xat24cr x1lziwak xexx8yu xyri2b x18d9i69 x1c1uobl x9f619 xjbqb8w x1rg5ohu x15mokao x1ga7v0g x16uus16 xbiv7yw x1uhb9sk x1plvlek xryxfnj x1c4vz4f x2lah0s x1oa3qoh\"><\/div>\n<\/div>\n<\/div>\n<\/div>\n<\/div>\n<\/div>\n<\/div>\n<\/div>\n<\/div>\n<div class=\"x5yr21d xw2csxc x1odjw0f x1n2onr6\">\n<div class=\"x9f619 x78zum5 xdt5ytf x5yr21d xexx8yu xv54qhq x1l90r2v xf7dkkf x10l6tqk xh8yej3\">\n<div>\n<div class=\"html-div xdj266r x14z9mp xat24cr x1lziwak xyri2b x1c1uobl x9f619 xjbqb8w x78zum5 x15mokao x1ga7v0g x16uus16 xbiv7yw xsag5q8 xz9dl7a x1uhb9sk x1plvlek xryxfnj x1c4vz4f x2lah0s x1q0g3np xqjyukv x1qjc9v5 x1oa3qoh x1nhvcw1\">\n<div class=\"html-div xdj266r x14z9mp xat24cr x1lziwak xexx8yu xyri2b x18d9i69 x1c1uobl x9f619 xjbqb8w x78zum5 x15mokao x1ga7v0g x16uus16 xbiv7yw x1uhb9sk x1plvlek xryxfnj x1c4vz4f x2lah0s x1q0g3np xqjyukv x1qjc9v5 x1oa3qoh x1nhvcw1\" style=\"text-align: center\"><a href=\"https:\/\/fusionasturias.com\/wp-content\/uploads\/2025\/10\/fame-por-saber.jpg.webp\"><img loading=\"lazy\" decoding=\"async\" class=\"aligncenter \" src=\"https:\/\/fusionasturias.com\/wp-content\/uploads\/2025\/10\/fame-por-saber.jpg.webp\" width=\"538\" height=\"418\" \/><\/a><\/div>\n<div class=\"html-div xdj266r x14z9mp xat24cr x1lziwak xexx8yu xyri2b x18d9i69 x1c1uobl x9f619 xjbqb8w x78zum5 x15mokao x1ga7v0g x16uus16 xbiv7yw x1uhb9sk x1plvlek xryxfnj x1iyjqo2 x2lwn1j xeuugli x1q0g3np xqjyukv x1qjc9v5 x1oa3qoh x1nhvcw1\">\n<div class=\"html-div xdj266r x14z9mp xat24cr x1lziwak xexx8yu xyri2b x18d9i69 x1c1uobl x9f619 xjbqb8w x78zum5 x15mokao x1ga7v0g x16uus16 xbiv7yw x1uhb9sk x1plvlek xryxfnj x1iyjqo2 x2lwn1j xeuugli xdt5ytf xqjyukv x1qjc9v5 x1oa3qoh x1nhvcw1\">\n<div class=\"html-div xdj266r x14z9mp xat24cr x1lziwak xexx8yu xyri2b x18d9i69 x1c1uobl x9f619 xjbqb8w x78zum5 x15mokao x1ga7v0g x16uus16 xbiv7yw x1uhb9sk x1plvlek xryxfnj x1c4vz4f x2lah0s xdt5ytf xqjyukv x1qjc9v5 x1oa3qoh x1nhvcw1\">\n<p><span class=\"x193iq5w xeuugli x13faqbe x1vvkbs xt0psk2 x1i0vuye xvs91rp xo1l8bm x5n08af x10wh9bi xpm28yp x8viiok x1o7cslx x126k92a\">Pues s\u00ed, tenemos fame por saber y am\u00e1s asina lo reconoz la Comisi\u00f3n Europea qu&#8217;escoy\u00f3 Asturies como protagonista de la so campa\u00f1a informativa <a class=\"x1i10hfl xjbqb8w x1ejq31n x18oe1m7 x1sy0etr xstzfhl x972fbf x10w94by x1qhh985 x14e42zd x9f619 x1ypdohk xt0psk2 x3ct3a4 xdj266r x14z9mp xat24cr x1lziwak xexx8yu xyri2b x18d9i69 x1c1uobl x16tdsg8 x1hl2dhg xggy1nq x1a2a7pz notranslate _a6hd\" role=\"link\" href=\"https:\/\/www.instagram.com\/euinmyregion\/\">@euinmyregion<\/a>, una iniciativa que busca mostrar c\u00f3mo les inversiones comunitaries contribuyeren al desendolcu d&#8217;un territoriu.<\/span><\/p>\n<p>Cinco inversiones clave pa dicha eleicci\u00f3n:<a class=\"x1i10hfl xjbqb8w x1ejq31n x18oe1m7 x1sy0etr xstzfhl x972fbf x10w94by x1qhh985 x14e42zd x9f619 x1ypdohk xt0psk2 x3ct3a4 xdj266r x14z9mp xat24cr x1lziwak xexx8yu xyri2b x18d9i69 x1c1uobl x16tdsg8 x1hl2dhg xggy1nq x1a2a7pz notranslate _a6hd\" role=\"link\" href=\"https:\/\/www.instagram.com\/esapa_aviles\/\">@esapa_aviles<\/a><span class=\"x193iq5w xeuugli x13faqbe x1vvkbs xt0psk2 x1i0vuye xvs91rp xo1l8bm x5n08af x10wh9bi xpm28yp x8viiok x1o7cslx x126k92a\">\/<a class=\"x1i10hfl xjbqb8w x1ejq31n x18oe1m7 x1sy0etr xstzfhl x972fbf x10w94by x1qhh985 x14e42zd x9f619 x1ypdohk xt0psk2 x3ct3a4 xdj266r x14z9mp xat24cr x1lziwak xexx8yu xyri2b x18d9i69 x1c1uobl x16tdsg8 x1hl2dhg xggy1nq x1a2a7pz notranslate _a6hd\" role=\"link\" href=\"https:\/\/www.instagram.com\/ieslafresneda\/\">@ieslafresneda<\/a><\/span><span class=\"x193iq5w xeuugli x13faqbe x1vvkbs xt0psk2 x1i0vuye xvs91rp xo1l8bm x5n08af x10wh9bi xpm28yp x8viiok x1o7cslx x126k92a\">\/El centro Avil\u00e9s Innova \/El Mus\u00e9o del Xur\u00e1sico d&#8217;Asturies <a class=\"x1i10hfl xjbqb8w x1ejq31n x18oe1m7 x1sy0etr xstzfhl x972fbf x10w94by x1qhh985 x14e42zd x9f619 x1ypdohk xt0psk2 x3ct3a4 xdj266r x14z9mp xat24cr x1lziwak xexx8yu xyri2b x18d9i69 x1c1uobl x16tdsg8 x1hl2dhg xggy1nq x1a2a7pz _aa9_ _a6hd\" role=\"link\" href=\"https:\/\/www.instagram.com\/explore\/tags\/muja\/\">#MUJA<\/a>.<\/span><\/p>\n<p>\ud83d\udc4f Estos proyectos reflexen el compromiso con la educaci\u00f3n, la innovaci\u00f3n y la cultura, pilares fundamentales pal desarrollu rexonal.<\/p>\n<p>\ud83d\udd17<a href=\"https:\/\/fusionasturias.com\/editorial\/la-ue-reconoce-a-asturias-por-su-fame-por-saber.htm\">https:\/\/fusionasturias.com\/editorial\/la-ue-reconoce-a-asturias-por-su-fame-por-saber.htm<\/a><\/p>\n<p style=\"text-align: center\"><span class=\"x193iq5w xeuugli x13faqbe x1vvkbs xt0psk2 x1i0vuye xvs91rp xo1l8bm x5n08af x10wh9bi xpm28yp x8viiok x1o7cslx x126k92a\"><span class=\"html-span xexx8yu x4uap5 x18d9i69 xkhd6sd x1hl2dhg x16tdsg8 x1vvkbs x3nfvp2 x1j61x8r x1fcty0u xdj266r xat24cr xgzva0m xhhsvwb xxymvpz xlup9mm x1kky2od\">\n<!-- iframe plugin v.6.0 wordpress.org\/plugins\/iframe\/ -->\n<iframe loading=\"lazy\" src=\"https:\/\/www.instagram.com\/reel\/DPWDnTtiCMu\/embed\" width=\"500\" height=\"675\" 0=\"\/iframe\" scrolling=\"yes\" class=\"iframe-class\" frameborder=\"0\"><\/iframe>\n<\/span><\/span><\/p>\n<\/div>\n<\/div>\n<\/div>\n<\/div>\n<\/div>\n<\/div>\n<\/div>\n","protected":false},"excerpt":{"rendered":"<p>&nbsp; La Comisi\u00f3n Europea (CE) escoy\u00f3 Asturies como protagonista de la so campa\u00f1a informativa Europa na mio rex\u00f3n, una iniciativa que busca resaltar les inversiones n&#8217;educaci\u00f3n, cultura o innovaci\u00f3n que se llevaron a cabu nel Princip\u00e1u.\u00a0Nesta edici\u00f3n, la campa\u00f1a pres\u00e9ntase sol lema Tenemos fame de saber y sei d&#8217;innovaci\u00f3n y pon en valor\u00a0 los proyectos [&hellip;]<\/p>\n","protected":false},"author":117,"featured_media":0,"comment_status":"closed","ping_status":"open","sticky":false,"template":"","format":"standard","meta":{"footnotes":""},"categories":[11,480,49],"tags":[],"class_list":["post-59129","post","type-post","status-publish","format-standard","hentry","category-campanes","category-europa","category-revistes"],"_links":{"self":[{"href":"https:\/\/edublog.educastur.es\/ixuxu\/wp-json\/wp\/v2\/posts\/59129","targetHints":{"allow":["GET"]}}],"collection":[{"href":"https:\/\/edublog.educastur.es\/ixuxu\/wp-json\/wp\/v2\/posts"}],"about":[{"href":"https:\/\/edublog.educastur.es\/ixuxu\/wp-json\/wp\/v2\/types\/post"}],"author":[{"embeddable":true,"href":"https:\/\/edublog.educastur.es\/ixuxu\/wp-json\/wp\/v2\/users\/117"}],"replies":[{"embeddable":true,"href":"https:\/\/edublog.educastur.es\/ixuxu\/wp-json\/wp\/v2\/comments?post=59129"}],"version-history":[{"count":7,"href":"https:\/\/edublog.educastur.es\/ixuxu\/wp-json\/wp\/v2\/posts\/59129\/revisions"}],"predecessor-version":[{"id":59341,"href":"https:\/\/edublog.educastur.es\/ixuxu\/wp-json\/wp\/v2\/posts\/59129\/revisions\/59341"}],"wp:attachment":[{"href":"https:\/\/edublog.educastur.es\/ixuxu\/wp-json\/wp\/v2\/media?parent=59129"}],"wp:term":[{"taxonomy":"category","embeddable":true,"href":"https:\/\/edublog.educastur.es\/ixuxu\/wp-json\/wp\/v2\/categories?post=59129"},{"taxonomy":"post_tag","embeddable":true,"href":"https:\/\/edublog.educastur.es\/ixuxu\/wp-json\/wp\/v2\/tags?post=59129"}],"curies":[{"name":"wp","href":"https:\/\/api.w.org\/{rel}","templated":true}]}}