{"id":59135,"date":"2025-10-01T13:51:39","date_gmt":"2025-10-01T11:51:39","guid":{"rendered":"https:\/\/edublog.educastur.es\/ixuxu\/?p=59135"},"modified":"2025-10-01T14:33:43","modified_gmt":"2025-10-01T12:33:43","slug":"el-festival-nel-amaro-de-teatru-profesional-en-llingua-asturiana-llega-a-la-9a-edicion","status":"publish","type":"post","link":"https:\/\/edublog.educastur.es\/ixuxu\/2025\/10\/el-festival-nel-amaro-de-teatru-profesional-en-llingua-asturiana-llega-a-la-9a-edicion\/","title":{"rendered":"El Festival Nel Amaro de Teatru profesional n&#8217;asturianu llega a la 9\u00aa edici\u00f3n"},"content":{"rendered":"<div class=\"description\">\n<p>El Festival Nel Amaro de Teatru profesional en llingua asturiana llega a la novena edici\u00f3n con cuatro obres finalistes y una d\u2019exhibici\u00f3n.<\/p>\n<p style=\"text-align: center\"><a href=\"https:\/\/actualidad.asturias.es\/documents\/537115\/2838905\/Cartel+Festival+Nel+Amaro+2025.jpeg\/57cd4427-1503-ed05-3323-ae5ddf7afae2?t=1759308124201\"><img loading=\"lazy\" decoding=\"async\" class=\"aligncenter size-large\" src=\"https:\/\/actualidad.asturias.es\/documents\/537115\/2838905\/Cartel+Festival+Nel+Amaro+2025.jpeg\/57cd4427-1503-ed05-3323-ae5ddf7afae2?t=1759308124201\" width=\"615\" height=\"916\" \/><\/a><\/p>\n<p>Les representaciones van facese tolos vienres d\u2019ochobre nel Teatru Filarm\u00f3nica d\u2019Uvi\u00e9u.\u00a0 A les obres finalistes va sumase la representaci\u00f3n de la obra ganadora del a\u00f1u 2024.<a href=\"https:\/\/actualidad.asturias.es\/-\/el-ix-festival-nel-amaro-de-teatro-profesional-en-lengua-asturiana-comenzar%C3%A1-el-viernes-con-la-representaci%C3%B3n-de-las-cuatro-obras-finalistas?redirect=%2Fnoticias\"> Actualid\u00e1<\/a><\/p>\n<h4><!--more--><\/h4>\n<p>El vienres 3 d\u2019ochobre va facese la primer representaci\u00f3n del IX Festival Nel Amaro de Teatru Profesional en llingua asturiana, entam\u00e1u pola Conseyer\u00eda de Cultura, Pol\u00edtica Lling\u00fc\u00edstica y Deporte. Nesti festival van representase les cuatro obres finalistes qu\u2019opten al premiu del mesmu nome, escoy\u00edes pol xur\u00e1u nuna primer fase celebrada nel mes de xunu. A estu gallard\u00f3n pod\u00eden presentase empreses del sector profesional dedicaes a la producci\u00f3n y representaci\u00f3n d\u2019espect\u00e1culos teatrales.<\/p>\n<p>&nbsp;<\/p>\n<p>El xur\u00e1u, integr\u00e1u por especialistes en teatru y llingua asturiana y presid\u00edu pol director xeneral d\u2019Acci\u00f3n Cultural y Normalizaci\u00f3n Lling\u00fc\u00edstica, Ant\u00f3n Garc\u00eda seleccion\u00f3 na so primer reuni\u00f3n estos trabayos pa representase neI XI Festival Nel Amaro nes feches indicaes:<\/p>\n<ul>\n<li><span style=\"color: #008080\"><i>1001 Una odisea nel desiertu<\/i>, d\u2019Higi\u00e9nico Papel Teatro: 3 d\u2019ochobre, 18:30 h.<\/span><\/li>\n<li><span style=\"color: #008080\"><i>T\u00eda Miseria,\u00a0<\/i>de Covenant Producciones<i>:\u00a0<\/i>10 d\u2019ochobre, 20:00 h.<i><\/i><\/span><\/li>\n<li><span style=\"color: #008080\"><i>Vuelu d\u2019andarines,\u00a0<\/i>de Nun Tris Teatro: 17 d\u2019ochobre, 20:00 h.<\/span><\/li>\n<li><span style=\"color: #008080\"><i>Al rodiu l\u2019horru<\/i>, d\u2019\u00c9 Vero Teatro: 24 d\u2019ochobre, 18:30 h.<\/span><\/li>\n<\/ul>\n<p>Am\u00e1s, esti a\u00f1u\u2019l p\u00fablicu va tener ocasi\u00f3n de volver disfrutar de la obra ganadora del a\u00f1u 2024,\u00a0<i>Perendi<\/i>, de La Compa\u00f1\u00eda del Alba, que va zarrar el festival el d\u00eda 31 d\u2019ochobre a les 20:00 hores.<\/p>\n<p>El Teatru Filarm\u00f3nica d\u2019Uvi\u00e9u va acoyer les representaciones, con entrada llibre y gratuita hasta enllenar aforu: les qu\u2019empiecen a les 18:30<strong> son aptes pa tolos p\u00fablicos y dirix\u00edes a un p\u00fablicu familiar<\/strong>, y les qu\u2019empiecen a les 20:00 van dirix\u00edes pa p\u00fablicu adulto.<\/p>\n<p>El Premiu de Teatru Profesional<i>\u00a0<\/i>Nel Amaro, dot\u00e1u con 6.000 euros, <strong>conv\u00f3case cola mira d\u2019afianzar, arriquecer y prestixar la llingua asturiana y l\u2019eonaviegu nel \u00e1mbitu del arte dram\u00e1ticu.<\/strong> Depu\u00e9s de les representaciones del mes d\u2019ochobre, el xur\u00e1u va decidir la obra ganadora, que va poder vese a lo llargo del territoriu asturianu al travi\u00e9s del programa\u00a0<i>Autores nel Cam\u00edn<\/i>.<\/p>\n<p>El premiu y el festival lleven el nome del autor turon\u00e9s <strong>Nel Amaro (1946-2011), consider\u00e1u una referencia fundamental na vanguardia teatral n\u2019asturianu.<\/strong> Nel Amaro foi am\u00e1s l\u2019autor al que se dedic\u00f3 la edici\u00f3n de la Selmana de Lletres Asturianes nel 2021.<\/p>\n<\/div>\n<div class=\"contenido-article documentacion\">\n<ul>\n<li><a class=\"pdf\" title=\"NP Festival teatro Nel Amaro. Abre una nueva ventana\" href=\"https:\/\/actualidad.asturias.es\/documents\/533407\/0\/2025_10_01+NP+Festival+Nel+Amaro+de+Teatro.pdf\/c033ee5f-ec80-9dac-02a9-c2e184cc980f?t=1759308091832\" target=\"_blank\" rel=\"noopener\">\u00a0NP Festival teatro Nel Amaro<\/a><\/li>\n<li><a class=\"pdf\" title=\"Programa festival Nel Amaro 2025. Abre una nueva ventana\" href=\"https:\/\/actualidad.asturias.es\/documents\/533407\/0\/Programa+Festival+Nel+Amaro+2025.pdf\/7b23e223-1492-9dd5-178b-e788efdee247?t=1759308498411\" target=\"_blank\" rel=\"noopener\">\u00a0Programa festival Nel Amaro 2025<\/a><\/li>\n<\/ul>\n<\/div>\n<p>&nbsp;<\/p>\n","protected":false},"excerpt":{"rendered":"<p>El Festival Nel Amaro de Teatru profesional en llingua asturiana llega a la novena edici\u00f3n con cuatro obres finalistes y una d\u2019exhibici\u00f3n. Les representaciones van facese tolos vienres d\u2019ochobre nel Teatru Filarm\u00f3nica d\u2019Uvi\u00e9u.\u00a0 A les obres finalistes va sumase la representaci\u00f3n de la obra ganadora del a\u00f1u 2024. Actualid\u00e1<\/p>\n","protected":false},"author":117,"featured_media":0,"comment_status":"closed","ping_status":"open","sticky":false,"template":"","format":"standard","meta":{"footnotes":""},"categories":[204,82],"tags":[],"class_list":["post-59135","post","type-post","status-publish","format-standard","hentry","category-festivales","category-teatru"],"_links":{"self":[{"href":"https:\/\/edublog.educastur.es\/ixuxu\/wp-json\/wp\/v2\/posts\/59135","targetHints":{"allow":["GET"]}}],"collection":[{"href":"https:\/\/edublog.educastur.es\/ixuxu\/wp-json\/wp\/v2\/posts"}],"about":[{"href":"https:\/\/edublog.educastur.es\/ixuxu\/wp-json\/wp\/v2\/types\/post"}],"author":[{"embeddable":true,"href":"https:\/\/edublog.educastur.es\/ixuxu\/wp-json\/wp\/v2\/users\/117"}],"replies":[{"embeddable":true,"href":"https:\/\/edublog.educastur.es\/ixuxu\/wp-json\/wp\/v2\/comments?post=59135"}],"version-history":[{"count":3,"href":"https:\/\/edublog.educastur.es\/ixuxu\/wp-json\/wp\/v2\/posts\/59135\/revisions"}],"predecessor-version":[{"id":59138,"href":"https:\/\/edublog.educastur.es\/ixuxu\/wp-json\/wp\/v2\/posts\/59135\/revisions\/59138"}],"wp:attachment":[{"href":"https:\/\/edublog.educastur.es\/ixuxu\/wp-json\/wp\/v2\/media?parent=59135"}],"wp:term":[{"taxonomy":"category","embeddable":true,"href":"https:\/\/edublog.educastur.es\/ixuxu\/wp-json\/wp\/v2\/categories?post=59135"},{"taxonomy":"post_tag","embeddable":true,"href":"https:\/\/edublog.educastur.es\/ixuxu\/wp-json\/wp\/v2\/tags?post=59135"}],"curies":[{"name":"wp","href":"https:\/\/api.w.org\/{rel}","templated":true}]}}