{"id":59139,"date":"2025-10-01T09:00:06","date_gmt":"2025-10-01T07:00:06","guid":{"rendered":"https:\/\/edublog.educastur.es\/ixuxu\/?p=59139"},"modified":"2025-10-01T14:43:20","modified_gmt":"2025-10-01T12:43:20","slug":"dia-internacional-de-les-persones-mayores","status":"publish","type":"post","link":"https:\/\/edublog.educastur.es\/ixuxu\/2025\/10\/dia-internacional-de-les-persones-mayores\/","title":{"rendered":"D\u00eda Internacional de les Persones Mayores"},"content":{"rendered":"<blockquote><p><strong><em><span style=\"color: #008080\">\u00abLes persones d&#8217;ed\u00e1 impulsen l&#8217;acci\u00f3n local y mundial:<br \/>\nles nueses aspiraciones, el nuesu bienestar y los nuesos derechos\u00bb<\/span><\/em><\/strong><\/p><\/blockquote>\n<p style=\"text-align: center\"><a href=\"https:\/\/ospaca.com\/upload\/novedades\/ospaca-novedades-personas-mayores-2024-01.jpg\"><img loading=\"lazy\" decoding=\"async\" class=\"aligncenter size-large\" src=\"https:\/\/ospaca.com\/upload\/novedades\/ospaca-novedades-personas-mayores-2024-01.jpg\" width=\"1100\" height=\"543\" \/><\/a><\/p>\n<p>Tien como oxetivu destacar el papel esencial de les persones mayores na socied\u00e1, promover los sos derechos humanos y garantizar la so participaci\u00f3n activa, dignid\u00e1 y respetu. En 2025, el lema c\u00e9ntrase en cumplir les promeses de la Declaraci\u00f3n Universal de Derechos Humanos pa les persones mayores, fomentando la solidarid\u00e1 y la equid\u00e1 ente xeneraciones. <a href=\"https:\/\/www.un.org\/es\/observances\/older-persons-day\/messages\">D\u00eda de&#8230;<\/a> \/<\/p>\n<p><!--more--><br \/>\nCel\u00e9brase&#8217;l 1 d&#8217;ochobre de cada a\u00f1u dende 1991, en siendo proclam\u00e1u pola Asamblea Xeneral de les Naciones Xun\u00edes el 14 d&#8217;avientu de 1990.<\/p>\n<p>La fecha foi escoyida para coincidir col entamu del mes, dedic\u00e1u tradicionalmente a cavilgar sobro l&#8217;avieyamientu y les sos implicaciones, como la promoci\u00f3n de biotecnolox\u00edes innovadores pa prevenir procesos dexenerativos y estender la vida activo y saludable.<\/p>\n<p style=\"text-align: center\">\n<!-- iframe plugin v.6.0 wordpress.org\/plugins\/iframe\/ -->\n<iframe loading=\"lazy\" width=\"100%\" height=\"445\" src=\"https:\/\/www.youtube.com\/embed\/gI60DPmJ-mw\" title=\"CAMPA\u00d1A D\u00cdA INTERNACIONAL DE LAS PERSONAS MAYORES 2025\" frameborder=\"0\" allow=\"accelerometer; autoplay; clipboard-write; encrypted-media; gyroscope; picture-in-picture; web-share\" referrerpolicy=\"strict-origin-when-cross-origin\" 0=\"allowfullscreen\" 1=\"\/iframe\" scrolling=\"yes\" class=\"iframe-class\"><\/iframe>\n<\/p>\n<p>&nbsp;<\/p>\n<p><span style=\"color: #008080\"><em><strong>Nos postreros 30 a\u00f1os el n\u00famberu de persones mayores de 60 dobl\u00f3se<\/strong> en demas\u00eda hasta algamar los 1.200 millones. En 2050, van formar parte de la familia humana otros 900 millones de persones d&#8217;ed\u00e1. Esto representa un camb\u00e9u demogr\u00e1ficu fondu, que va tener consecuencies de gran algame para les econom\u00edes, los sistemes de sal\u00fa y la cohesi\u00f3n social.<\/em><\/span><\/p>\n<p><span style=\"color: #008080\"><em>Tenemos de responder con previsi\u00f3n y acci\u00f3n. <strong>Velar por que resp\u00e9tense dafechu los derechos de les persones d&#8217;ed\u00e1, def\u00e9ndase la so dignid\u00e1 y recon\u00f3zanse les sos aportaciones.<\/strong><\/em><\/span><\/p>\n<p><span style=\"color: #008080\"><em>Como nos recuerda&#8217;l lema d&#8217;angua\u00f1o,<strong> les persones d&#8217;ed\u00e1 son poderosos axentes de camb\u00e9u<\/strong>. Tien d&#8217;escuchase la so opini\u00f3n a la de configurar les pol\u00edtiques, acabar cola discriminaci\u00f3n por motivos d&#8217;ed\u00e1 y construyir sociedaes inclusives.<\/em><\/span><\/p>\n<p><span style=\"color: #008080\"><em><strong>La sabidur\u00eda de les persones d&#8217;ed\u00e1 beneficia a toles comunidaes y edaes.<\/strong> Estes persones tienen munches conocencies que tresmitir sobro c\u00f3mo encarar la incertidume, resolver conflictos y forxar la solidarid\u00e1 ente xeneraciones.<\/em><\/span><\/p>\n<p><span style=\"color: #008080\"><em>Compromet\u00e1monos a escuchar, aprender y actuar. <strong>Creemos un mundu en que toles persones, s\u00eda como quier la so ed\u00e1, puedan vivir con respetu, segurid\u00e1 y oportunidaes.<\/strong><\/em><\/span><\/p>\n<p><span style=\"color: #008080\"><em>Ant\u00f3nio Guterres<\/em><\/span><\/p>\n<p style=\"text-align: center\"><a href=\"https:\/\/imgs.search.brave.com\/5mraamil8aG6YLAce4xs8gcn5qNE7C_lumuCUMDc3Cg\/rs:fit:860:0:0:0\/g:ce\/aHR0cHM6Ly93d3cu\/b3N0ZW9wb3Jvc2lz\/LmZvdW5kYXRpb24v\/c2l0ZXMvaW9mYm9u\/ZWhlYWx0aC9maWxl\/cy9zdHlsZXMvZDA1\/X3N0YW5kYXJkL3B1\/YmxpYy9pbWFnZXMv\/MjAyMS0xMC9pbmZv\/Z3JhZmlhX2RlX2Vu\/dmVqZWNpbWllbnRv\/X2RlX2xhX29udS1v\/Y3R1YnJlMjAyMS1j\/YXB0dXJhLmpwZz9o\/PWI5ZGU1MWNkJml0\/b2s9MHdjSmdzZkQ\"><img loading=\"lazy\" decoding=\"async\" class=\"aligncenter size-large\" src=\"https:\/\/imgs.search.brave.com\/5mraamil8aG6YLAce4xs8gcn5qNE7C_lumuCUMDc3Cg\/rs:fit:860:0:0:0\/g:ce\/aHR0cHM6Ly93d3cu\/b3N0ZW9wb3Jvc2lz\/LmZvdW5kYXRpb24v\/c2l0ZXMvaW9mYm9u\/ZWhlYWx0aC9maWxl\/cy9zdHlsZXMvZDA1\/X3N0YW5kYXJkL3B1\/YmxpYy9pbWFnZXMv\/MjAyMS0xMC9pbmZv\/Z3JhZmlhX2RlX2Vu\/dmVqZWNpbWllbnRv\/X2RlX2xhX29udS1v\/Y3R1YnJlMjAyMS1j\/YXB0dXJhLmpwZz9o\/PWI5ZGU1MWNkJml0\/b2s9MHdjSmdzZkQ\" width=\"500\" height=\"282\" \/><\/a><\/p>\n","protected":false},"excerpt":{"rendered":"<p>\u00abLes persones d&#8217;ed\u00e1 impulsen l&#8217;acci\u00f3n local y mundial: les nueses aspiraciones, el nuesu bienestar y los nuesos derechos\u00bb Tien como oxetivu destacar el papel esencial de les persones mayores na socied\u00e1, promover los sos derechos humanos y garantizar la so participaci\u00f3n activa, dignid\u00e1 y respetu. En 2025, el lema c\u00e9ntrase en cumplir les promeses de [&hellip;]<\/p>\n","protected":false},"author":117,"featured_media":0,"comment_status":"closed","ping_status":"open","sticky":false,"template":"","format":"standard","meta":{"footnotes":""},"categories":[6],"tags":[],"class_list":["post-59139","post","type-post","status-publish","format-standard","hentry","category-dia-de"],"_links":{"self":[{"href":"https:\/\/edublog.educastur.es\/ixuxu\/wp-json\/wp\/v2\/posts\/59139","targetHints":{"allow":["GET"]}}],"collection":[{"href":"https:\/\/edublog.educastur.es\/ixuxu\/wp-json\/wp\/v2\/posts"}],"about":[{"href":"https:\/\/edublog.educastur.es\/ixuxu\/wp-json\/wp\/v2\/types\/post"}],"author":[{"embeddable":true,"href":"https:\/\/edublog.educastur.es\/ixuxu\/wp-json\/wp\/v2\/users\/117"}],"replies":[{"embeddable":true,"href":"https:\/\/edublog.educastur.es\/ixuxu\/wp-json\/wp\/v2\/comments?post=59139"}],"version-history":[{"count":6,"href":"https:\/\/edublog.educastur.es\/ixuxu\/wp-json\/wp\/v2\/posts\/59139\/revisions"}],"predecessor-version":[{"id":59145,"href":"https:\/\/edublog.educastur.es\/ixuxu\/wp-json\/wp\/v2\/posts\/59139\/revisions\/59145"}],"wp:attachment":[{"href":"https:\/\/edublog.educastur.es\/ixuxu\/wp-json\/wp\/v2\/media?parent=59139"}],"wp:term":[{"taxonomy":"category","embeddable":true,"href":"https:\/\/edublog.educastur.es\/ixuxu\/wp-json\/wp\/v2\/categories?post=59139"},{"taxonomy":"post_tag","embeddable":true,"href":"https:\/\/edublog.educastur.es\/ixuxu\/wp-json\/wp\/v2\/tags?post=59139"}],"curies":[{"name":"wp","href":"https:\/\/api.w.org\/{rel}","templated":true}]}}