{"id":59191,"date":"2025-10-01T10:13:54","date_gmt":"2025-10-01T08:13:54","guid":{"rendered":"https:\/\/edublog.educastur.es\/ixuxu\/?p=59191"},"modified":"2025-10-02T10:23:03","modified_gmt":"2025-10-02T08:23:03","slug":"el-54-festival-de-lablana-de-pilona-entama-nueve-actividaes-de-musica-asturiana","status":"publish","type":"post","link":"https:\/\/edublog.educastur.es\/ixuxu\/2025\/10\/el-54-festival-de-lablana-de-pilona-entama-nueve-actividaes-de-musica-asturiana\/","title":{"rendered":"El 54 festival de l\u2019Ablana de Pilo\u00f1a entama nueve actividaes de m\u00fasica asturiana"},"content":{"rendered":"<div class=\"elementor-element elementor-element-667e3c7 elementor-widget__width-inherit elementor-widget elementor-widget-theme-post-title elementor-page-title elementor-widget-heading\" data-id=\"667e3c7\" data-element_type=\"widget\" data-widget_type=\"theme-post-title.default\">\n<div class=\"elementor-widget-container\">\n<ul>\n<li class=\"elementor-heading-title elementor-size-default\"><a href=\"https:\/\/musicasturiana.com\/el-54-festival-de-lablana-de-pilona-programa-ocho-actividaes-de-musical-pais\/\">El 54 festival de l\u2019Ablana de Pilo\u00f1a entama nueve actividaes de m\u00fasica asturiana<\/a><\/li>\n<\/ul>\n<\/div>\n<\/div>\n<div class=\"elementor-element elementor-element-00f4678 elementor-widget__width-inherit elementor-widget elementor-widget-theme-post-excerpt\" data-id=\"00f4678\" data-element_type=\"widget\" data-widget_type=\"theme-post-excerpt.default\">\n<div class=\"elementor-widget-container\">Act\u00faen LaKadarma, Anabel Santiago, Soi Panderetera, La Xarangana, Picos d&#8217;Europa, Los Muiles y hai concursu d&#8217;asturianada y corales.<\/div>\n<div style=\"text-align: center\"><a href=\"https:\/\/musicasturiana.com\/wp-content\/uploads\/2025\/09\/festival-lablana.jpg\"><img loading=\"lazy\" decoding=\"async\" class=\"aligncenter size-large\" src=\"https:\/\/musicasturiana.com\/wp-content\/uploads\/2025\/09\/festival-lablana.jpg\" width=\"1200\" height=\"600\" \/><\/a><\/div>\n<div>\n<p>G\u00fcei entama en Pilo\u00f1a la 54 edici\u00f3n del\u00a0<strong>Festival de l\u2019Ablana<\/strong>, eventu qu\u2019hasta\u2019l 20 d\u2019ochobre va axuntar una montonera d\u2019<strong>actividaes culturales, gastron\u00f3miques y deportives<\/strong>, ente les que la m\u00fasica n\u2019asturianu tien una presencia importante. Nesta ocasi\u00f3n la\u00a0<strong>m\u00fasica\u2019l pa\u00eds<\/strong>\u00a0van ponela la Banda Gaites LaKadarma, Anabel Santiago, Soi Panderetera, La Xaranga, l\u2019A.F Picos d\u2019Europa y Los Muiles. Am\u00e1s va celebrase\u2019l IX Alcuentru de Bandes de Gaites, el VI Concursu de CAnci\u00f3n Asturiana y el conciertu XXXIII Aniversariu de la Coral Polif\u00f3nica Pilo\u00f1esa.<\/p>\n<p><!--more--><\/p>\n<p>La programaci\u00f3n de m\u00fasica n\u2019asturianu entama esti\u00a0<strong>vienres 3\u00a0<\/strong>a les 19h cola actuaci\u00f3n de la<strong>\u00a0Banda Gaites LaKadarma\u00a0<\/strong>enantes de la gala inaugural del festival. Darr\u00e9u d\u2019ello,\u00a0<strong>Anabel Santiago<\/strong>\u00a0va ufrir un conciertu a les 21h na Casa la Cultura. Pal\u00a0<strong>s\u00e1badu 4\u00a0<\/strong>los sones de raiga\u00f1u caltienen el protagonismu coles actuaciones de<strong>\u00a0Soi Panderetera\u00a0<\/strong>(13.30h) y\u00a0<strong>La Xarangana\u00a0<\/strong>(18h). El merc\u00e1u tradicional del festival que se desendolca en L\u2019Infiestu tami\u00e9n va tar anim\u00e1u\u2019l\u00a0<strong>domingu 5\u00a0<\/strong>a les doce\u2019l mediud\u00eda pola\u00a0<strong>Asociaci\u00f3n Folcl\u00f3rica Picos d\u2019Europa<\/strong>.<\/p>\n<p>El mesmu domingu a les 18h ye\u2019l\u00a0<strong>IX Alcuentru de Bandes de Gaites\u00a0<\/strong>nel que\u00a0<strong>Picos d\u2019Europa-DOP<\/strong>,<strong>\u00a0LaKadarma<\/strong>\u00a0y la berciana\u00a0<strong>Vega de Espinareda<\/strong>\u00a0van desfilar dende la Plaza Mar\u00eda Xosefa Canellada hasta la Plaza\u2019l Gan\u00e1u. Y\u00e1 pa la selmana qu\u2019entra, el<strong>\u00a0xueves 9\u00a0<\/strong>a les 19.30h na Casa la Cultura, ye\u2019l\u00a0<strong>VI Concursu de Canci\u00f3n Asturiana<\/strong>\u00a0n\u2019homenaxe a Josefina Arg\u00fceles \u00abLa Calandria de Vegadotos\u00bb.<\/p>\n<p>El\u00a0<strong>s\u00e1badu 11<\/strong>\u00a0a les 11.30h na Ilesia Parroquial ye\u2019l\u00a0<strong>conciertu XXXIII Aniversariu Coral Polif\u00f3nica Pilo\u00f1esa<\/strong>. N\u00e9l van actuar la Coral Polif\u00f3nica Santiago L\u00f3pez de Pravia, el Coru Mixtu Pe\u00f1asanta-Ram\u00f3n Prada de Cangues d\u2019On\u00eds y la coral anfitriona. La programaci\u00f3n musical z\u00e1rrase\u2019l llunes 13 colos pasuc\u00e1is de la bandina\u00a0<strong>Los Muiles<\/strong>.<\/p>\n<\/div>\n<\/div>\n<p>&nbsp;<\/p>\n","protected":false},"excerpt":{"rendered":"<p>El 54 festival de l\u2019Ablana de Pilo\u00f1a entama nueve actividaes de m\u00fasica asturiana Act\u00faen LaKadarma, Anabel Santiago, Soi Panderetera, La Xarangana, Picos d&#8217;Europa, Los Muiles y hai concursu d&#8217;asturianada y corales. G\u00fcei entama en Pilo\u00f1a la 54 edici\u00f3n del\u00a0Festival de l\u2019Ablana, eventu qu\u2019hasta\u2019l 20 d\u2019ochobre va axuntar una montonera d\u2019actividaes culturales, gastron\u00f3miques y deportives, ente [&hellip;]<\/p>\n","protected":false},"author":117,"featured_media":0,"comment_status":"closed","ping_status":"open","sticky":false,"template":"","format":"standard","meta":{"footnotes":""},"categories":[204,35,125],"tags":[],"class_list":["post-59191","post","type-post","status-publish","format-standard","hentry","category-festivales","category-musica","category-musicasturiana-com"],"_links":{"self":[{"href":"https:\/\/edublog.educastur.es\/ixuxu\/wp-json\/wp\/v2\/posts\/59191","targetHints":{"allow":["GET"]}}],"collection":[{"href":"https:\/\/edublog.educastur.es\/ixuxu\/wp-json\/wp\/v2\/posts"}],"about":[{"href":"https:\/\/edublog.educastur.es\/ixuxu\/wp-json\/wp\/v2\/types\/post"}],"author":[{"embeddable":true,"href":"https:\/\/edublog.educastur.es\/ixuxu\/wp-json\/wp\/v2\/users\/117"}],"replies":[{"embeddable":true,"href":"https:\/\/edublog.educastur.es\/ixuxu\/wp-json\/wp\/v2\/comments?post=59191"}],"version-history":[{"count":2,"href":"https:\/\/edublog.educastur.es\/ixuxu\/wp-json\/wp\/v2\/posts\/59191\/revisions"}],"predecessor-version":[{"id":59193,"href":"https:\/\/edublog.educastur.es\/ixuxu\/wp-json\/wp\/v2\/posts\/59191\/revisions\/59193"}],"wp:attachment":[{"href":"https:\/\/edublog.educastur.es\/ixuxu\/wp-json\/wp\/v2\/media?parent=59191"}],"wp:term":[{"taxonomy":"category","embeddable":true,"href":"https:\/\/edublog.educastur.es\/ixuxu\/wp-json\/wp\/v2\/categories?post=59191"},{"taxonomy":"post_tag","embeddable":true,"href":"https:\/\/edublog.educastur.es\/ixuxu\/wp-json\/wp\/v2\/tags?post=59191"}],"curies":[{"name":"wp","href":"https:\/\/api.w.org\/{rel}","templated":true}]}}