{"id":59194,"date":"2025-10-02T10:16:12","date_gmt":"2025-10-02T08:16:12","guid":{"rendered":"https:\/\/edublog.educastur.es\/ixuxu\/?p=59194"},"modified":"2025-10-02T10:18:54","modified_gmt":"2025-10-02T08:18:54","slug":"xii-dia-de-la-reciella-en-xixon-el-4-dochobre","status":"publish","type":"post","link":"https:\/\/edublog.educastur.es\/ixuxu\/2025\/10\/xii-dia-de-la-reciella-en-xixon-el-4-dochobre\/","title":{"rendered":"XII D\u00eda de la reciella, en Xix\u00f3n, el 4 d&#8217;ochobre"},"content":{"rendered":"<p><img decoding=\"async\" src=\"https:\/\/musicasturiana.com\/wp-content\/uploads\/2025\/09\/XXII-Dia-de-la-Reciella.jpg\" \/><\/p>\n<p><a href=\"https:\/\/musicasturiana.com\/banda-gaites-saxum-dj-furo-baille-y-el-taller-panderetiando-ponen-son-al-xii-dia-de-la-reciella\/\">Musicasturiana.com<\/a> \/<\/p>\n<p>El\u00a0<strong>Mus\u00e9u del Pueblu d\u2019Asturies<\/strong>\u00a0acueye esti<strong>\u00a0s\u00e1badu 4\u00a0<\/strong>d\u2019ochobre una edici\u00f3n nueva del<strong>\u00a0D\u00eda de la Reciella<\/strong>, eventu que vien faci\u00e9ndose dende 2013 pa poner en primer planu la importancia de la<strong>\u00a0tresmisi\u00f3n interxeneracional de la llingua asturiana<\/strong>.<\/p>\n<ul>\n<li><strong>Skama la Rede<\/strong>\u00a0con \u2018<a href=\"https:\/\/youtu.be\/-PMzLSpy2Xg\" target=\"_blank\" rel=\"noreferrer noopener\">Enta\u00edna<\/a>\u2018;<\/li>\n<li><strong>David Varela<\/strong>\u00a0con \u2018<a href=\"https:\/\/youtu.be\/Loaja715NJk\" target=\"_blank\" rel=\"noreferrer noopener\">N\u2019asturianu, sumes<\/a>\u2018;<strong>\u00a0<\/strong><\/li>\n<li><strong>Pop Piqui\u00f1\u00edn<\/strong>\u00a0con \u2018<a href=\"https:\/\/youtu.be\/iRNlTpE56Fc\" target=\"_blank\" rel=\"noreferrer noopener\">Espoxiga<\/a>\u2018;<\/li>\n<li><strong>Alicia \u00c1lvarez<\/strong>\u00a0con \u2018<a href=\"https:\/\/youtu.be\/_q6_NtRyZ58\" target=\"_blank\" rel=\"noreferrer noopener\">Pr\u00e9stame pola vida<\/a>\u2018;<\/li>\n<li><strong>Xaime Mart\u00ednez<\/strong>\u00a0con\u00a0<a href=\"https:\/\/promo.theorchard.com\/HSLRK2FWz9XRUlkrHKTv\" target=\"_blank\" rel=\"noreferrer noopener\">\u2018L\u2019asturianu sal con n\u00f3s<\/a>\u2018;<\/li>\n<li>\u00a0<strong>Alfredo Gonz\u00e1lez\u00a0<\/strong>con \u2018<a href=\"https:\/\/youtu.be\/vmtpPmNqBvU?si=IECJRLr_VOfDPJhh\" target=\"_blank\" rel=\"noopener\">L\u2019asturianu con\u00e9ctate<\/a>\u2018;<\/li>\n<li>\u00a0<strong>Manuela, Esther y<\/strong>\u00a0<strong>Nacho Fonseca<\/strong>\u00a0con \u2018<a href=\"https:\/\/youtu.be\/A06UZIOESRM\" target=\"_blank\" rel=\"noopener\">La familia del asturianu crez<\/a>\u2018<\/li>\n<li>\u00a0<strong>Mostru l\u2019Horru<\/strong>\u00a0con \u2018<a href=\"https:\/\/youtu.be\/oofAOOXdS_k\" target=\"_blank\" rel=\"noopener\">Xugando n\u2019equipu<\/a>\u2018.<\/li>\n<\/ul>\n<p><!--more--><\/p>\n<p>Pa ello l\u2019asociaci\u00f3n Reciella de families pol asturianu entama la carrera\u00a0<strong>Enta\u00edna\u00a0<\/strong>y ufierta\u00a0<strong>actividaes deportives, d\u2019ociu,\u00a0musicales\u00a0y talleres<\/strong>; toes elles de baldre y n\u2019asturianu. Nesta d\u00e9cimosegunda edici\u00f3n el son van ponelu la<strong>\u00a0Banda Gaites Saxum\u00a0<\/strong>y\u00a0<strong>DJ Furo<\/strong>, am\u00e1s va desendolcase\u2019l taller\u00a0<strong><em>Panderetiando<\/em>\u00a0<\/strong>y va haber<strong>\u00a0baille y danza prima\u00a0<\/strong>pa zarrar la xornada.<\/p>\n<p>&nbsp;<\/p>\n<p><strong>\u00abSiguimos semando\u00bb<\/strong>\u00a0ye\u2019l llema d\u2019esti XII D\u00eda de la Reciella que va arrancar a les once la ma\u00f1ana cola inscripci\u00f3n y el repartu de dorsales de la carrera Enta\u00edna, na que\u00a0<strong>tr\u00e9s xeneraciones<\/strong>\u00a0d\u2019una familia de Reciella p\u00e1sense simb\u00f3licamente\u2019l\u00a0<strong>testigu del asturianu<\/strong>. Llueu va haber una montonera d\u2019actividaes ente les qu\u2019hai talleres, mercad\u00edn d\u2019empreses qu\u2019usen l\u2019idioma\u2019l pa\u00eds o un mundial\u00edn de f\u00fatbol.<\/p>\n<p>La<strong>\u00a0m\u00fasica asturiana<\/strong>\u00a0vuelve a tar presente un a\u00f1u m\u00e1s nesti eventu. Nesta ocasi\u00f3n va haber, a les 13.30h, una activid\u00e1 abierta pa tol grupu familiar de<strong>\u00a0baille tradicional<\/strong>\u00a0siguida d\u2019un\u00a0<strong>verm\u00fa musical<\/strong>\u00a0a les 14.45h al cargu de<strong>\u00a0<\/strong>DJ Furo. Y\u00e1 pela tarde, a les seis, Xabel \u00c1lvarez Miranda -en colllaboraci\u00f3n con Cartonajes VIR- va desendolcar el\u00a0<strong>taller de panderu<\/strong>\u00a0<em>Panderetiando<\/em>\u00a0y la\u00a0<strong>Banda Gaites Saxum<\/strong>\u00a0act\u00faa a les 18.45h. A les siete y media la tarde ponse\u2019l ramu a la xornada baillando una<strong>\u00a0danza prima<\/strong>\u00a0nel Mus\u00e9u del Pueblu d\u2019Asturies.<\/p>\n<h2 class=\"wp-block-heading\"><mark class=\"has-inline-color\">Ensin cantar oficial<\/mark><\/h2>\n<p>Al D\u00eda de la Reciella acompa\u00f1\u00f3lu davezu un cantar y un videoclip que punxo\u00a0<strong>banda sonora<\/strong>\u00a0a esta celebraci\u00f3n de la tresmisi\u00f3n interxeneracional de la llingua asturiana. Nesta edici\u00f3n nun va haber cantar, sicas\u00ed la organizaci\u00f3n del eventu va trabayar pa<strong>\u00a0retomar esta iniciativa\u00a0<\/strong>en pr\u00f3ximes ediciones. Ye una acci\u00f3n qu\u2019afonda nel\u00a0<strong>papel normalizador que tien la m\u00fasica\u00a0<\/strong>pa les nueves xeneraciones d\u2019asturfalantes y pa la que n\u2019a\u00f1os anteriores participaron\u00a0<strong>Skama la Rede<\/strong>\u00a0con \u2018<a href=\"https:\/\/youtu.be\/-PMzLSpy2Xg\" target=\"_blank\" rel=\"noreferrer noopener\">Enta\u00edna<\/a>\u2018;\u00a0<strong>David Varela<\/strong>\u00a0con \u2018<a href=\"https:\/\/youtu.be\/Loaja715NJk\" target=\"_blank\" rel=\"noreferrer noopener\">N\u2019asturianu, sumes<\/a>\u2018;<strong>\u00a0Pop Piqui\u00f1\u00edn<\/strong>\u00a0con \u2018<a href=\"https:\/\/youtu.be\/iRNlTpE56Fc\" target=\"_blank\" rel=\"noreferrer noopener\">Espoxiga<\/a>\u2018;\u00a0<strong>Alicia \u00c1lvarez<\/strong>\u00a0con \u2018<a href=\"https:\/\/youtu.be\/_q6_NtRyZ58\" target=\"_blank\" rel=\"noreferrer noopener\">Pr\u00e9stame pola vida<\/a>\u2018;\u00a0<strong>Xaime Mart\u00ednez<\/strong>\u00a0con\u00a0<a href=\"https:\/\/promo.theorchard.com\/HSLRK2FWz9XRUlkrHKTv\" target=\"_blank\" rel=\"noreferrer noopener\">\u2018L\u2019asturianu sal con n\u00f3s<\/a>\u2018;\u00a0<strong>Alfredo Gonz\u00e1lez\u00a0<\/strong>con \u2018<a href=\"https:\/\/youtu.be\/vmtpPmNqBvU?si=IECJRLr_VOfDPJhh\" target=\"_blank\" rel=\"noopener\">L\u2019asturianu con\u00e9ctate<\/a>\u2018;\u00a0<strong>Manuela, Esther Fonseca<\/strong>\u00a0y\u00a0<strong>Nacho Fonseca<\/strong>\u00a0con \u2018<a href=\"https:\/\/youtu.be\/A06UZIOESRM\" target=\"_blank\" rel=\"noopener\">La familia del asturianu crez<\/a>\u2018 y\u00a0<strong>Mostru l\u2019Horru<\/strong>\u00a0con \u2018<a href=\"https:\/\/youtu.be\/oofAOOXdS_k\" target=\"_blank\" rel=\"noopener\">Xugando n\u2019equipu<\/a>\u2018.<\/p>\n<p>El D\u00eda de la Reciella ta entam\u00e1u por Reciella y ye un eventu que foi\u00a0<strong>sumando reconocimientu y sonad\u00eda<\/strong>\u00a0a lo llargo de m\u00e1s d\u2019una d\u00e9cada. En 2018, l\u2019<strong>Ayuntamientu de Xix\u00f3n<\/strong>, qu\u2019apoy\u00f3 esti eventu al travi\u00e9s de la FMCYUP dende la primer edici\u00f3n, aprob\u00f3 una\u00a0<strong>declaraci\u00f3n institucional<\/strong>\u00a0de sofitu al D\u00eda de la Reciella, reconociendo l\u2019inter\u00e9s y la importancia de la tresmisi\u00f3n interxeneracional del asturianu, l\u2019arraigu d\u2019esti eventu nel panorama d\u2019actividaes en Xix\u00f3n y la secular rellaci\u00f3n de la llingua asturiana col conceyu de Xix\u00f3n. Dende la edici\u00f3n de 2022 esti eventu incorpora tami\u00e9n el sofitu del\u00a0<strong>Gobiernu del Princip\u00e1u d\u2019Asturies<\/strong>\u00a0al travi\u00e9s del programa Asturies Cultura en Rede, que se renueva en 2025.<\/p>\n<div class=\"wp-block-spacer\" aria-hidden=\"true\"><\/div>\n<h2 class=\"wp-block-heading\"><mark class=\"has-inline-color\">Programa completu<\/mark><\/h2>\n<figure class=\"wp-block-table\">\n<table class=\"has-fixed-layout\">\n<tbody>\n<tr>\n<td><strong>11.00<\/strong>\u00a0<strong>\u00a0<\/strong><\/td>\n<td><strong>Inscripci\u00f3n y recoyida de dorsales de VI Enta\u00edna<\/strong><\/td>\n<\/tr>\n<tr>\n<td><strong>11.30<\/strong><\/td>\n<td><strong>Salida de la VII Enta\u00edna<\/strong>\u00a0<strong>\u00a0<\/strong><\/td>\n<\/tr>\n<tr>\n<td><strong>12.00<\/strong><\/td>\n<td><strong>Llegada Enta\u00edna y entrega avituallamientu<\/strong>\u00a0<strong>\u00a0<\/strong><\/td>\n<\/tr>\n<tr>\n<td><strong>\u00a0<\/strong>\u00a0<strong>12.15<\/strong><\/td>\n<td><strong>\u00a1Deprendemos a facer chapes! [Taller ma\u00f1ana]<\/strong>\u00a0Entama: ADAE<\/td>\n<\/tr>\n<tr>\n<td><strong>\u00a0<\/strong>\u00a0<strong>12.45<\/strong><\/td>\n<td><strong>Bord\u00e1u a puntu de cruz [Taller]<\/strong>\u00a0Collabora: Ringo Rango<\/td>\n<\/tr>\n<tr>\n<td><strong>13.30<\/strong><\/td>\n<td><strong>Baille en familia<\/strong>\u00a0Entama: Reciella<\/td>\n<\/tr>\n<tr>\n<td><strong>14.15<\/strong><\/td>\n<td><strong>Sesi\u00f3n verm\u00fa musical<\/strong>\u00a0Collabora: DJ Furo\u00a0<strong>Posa y xinta<\/strong><\/td>\n<\/tr>\n<tr>\n<td><\/td>\n<td><em>\u00a0<\/em><\/td>\n<\/tr>\n<tr>\n<td><strong>\u00a0<\/strong>\u00a0<strong>16.00<\/strong><\/td>\n<td><strong>Mundial\u00edn interReciella de f\u00fatbol coment\u00e1u [ANFITEATRU]<\/strong>\u00a0Entama: Reciella<\/td>\n<\/tr>\n<tr>\n<td><strong>\u00a0<\/strong>\u00a0<strong>16.30<\/strong><\/td>\n<td><strong>\u00a1Siguimos faciendo chapes! [Taller tarde]<\/strong>\u00a0Entama: ADAE<\/td>\n<\/tr>\n<tr>\n<td><strong>\u00a0<\/strong>\u00a0<strong>17.15<\/strong><\/td>\n<td><strong>Falar n\u2019asturianu ye de xules [Charra y taller]<\/strong>\u00a0Collabora: Asturxules<\/td>\n<\/tr>\n<tr>\n<td><strong>\u00a0<\/strong>\u00a0<strong>18.00<\/strong><\/td>\n<td><strong>Panderetiando [Taller Pandeiru]<\/strong>\u00a0Entama: Xabel \u00c1lvarez Miranda (Reciella) Collabora: Cartonajes VIR<\/td>\n<\/tr>\n<tr>\n<td><strong>\u00a0<\/strong>\u00a0<strong>18.45<\/strong>\u00a0<strong>\u00a0<\/strong><\/td>\n<td><strong>Actuaci\u00f3n Banda Gaites Saxum<\/strong>\u00a0Entama: Banda Gaites Saxum<\/td>\n<\/tr>\n<tr>\n<td><strong>\u00a0<\/strong>\u00a0<strong>19.30<\/strong><\/td>\n<td><strong>\u00a0<\/strong>\u00a0<strong>Danza Prima y Pieslle<\/strong>\u00a0<strong>\u00a0<\/strong><\/td>\n<\/tr>\n<\/tbody>\n<\/table>\n<p style=\"text-align: center\"><a href=\"https:\/\/musicasturiana.com\/wp-content\/uploads\/2025\/10\/cartelu-xii-dia-de-la-reciella.jpg\"><img loading=\"lazy\" decoding=\"async\" class=\"aligncenter size-large\" src=\"https:\/\/musicasturiana.com\/wp-content\/uploads\/2025\/10\/cartelu-xii-dia-de-la-reciella.jpg\" width=\"553\" height=\"761\" \/><\/a><\/p>\n<\/figure>\n","protected":false},"excerpt":{"rendered":"<p>Musicasturiana.com \/ El\u00a0Mus\u00e9u del Pueblu d\u2019Asturies\u00a0acueye esti\u00a0s\u00e1badu 4\u00a0d\u2019ochobre una edici\u00f3n nueva del\u00a0D\u00eda de la Reciella, eventu que vien faci\u00e9ndose dende 2013 pa poner en primer planu la importancia de la\u00a0tresmisi\u00f3n interxeneracional de la llingua asturiana. Skama la Rede\u00a0con \u2018Enta\u00edna\u2018; David Varela\u00a0con \u2018N\u2019asturianu, sumes\u2018;\u00a0 Pop Piqui\u00f1\u00edn\u00a0con \u2018Espoxiga\u2018; Alicia \u00c1lvarez\u00a0con \u2018Pr\u00e9stame pola vida\u2018; Xaime Mart\u00ednez\u00a0con\u00a0\u2018L\u2019asturianu sal con [&hellip;]<\/p>\n","protected":false},"author":117,"featured_media":0,"comment_status":"closed","ping_status":"open","sticky":false,"template":"","format":"standard","meta":{"footnotes":""},"categories":[6,230],"tags":[],"class_list":["post-59194","post","type-post","status-publish","format-standard","hentry","category-dia-de","category-reciella"],"_links":{"self":[{"href":"https:\/\/edublog.educastur.es\/ixuxu\/wp-json\/wp\/v2\/posts\/59194","targetHints":{"allow":["GET"]}}],"collection":[{"href":"https:\/\/edublog.educastur.es\/ixuxu\/wp-json\/wp\/v2\/posts"}],"about":[{"href":"https:\/\/edublog.educastur.es\/ixuxu\/wp-json\/wp\/v2\/types\/post"}],"author":[{"embeddable":true,"href":"https:\/\/edublog.educastur.es\/ixuxu\/wp-json\/wp\/v2\/users\/117"}],"replies":[{"embeddable":true,"href":"https:\/\/edublog.educastur.es\/ixuxu\/wp-json\/wp\/v2\/comments?post=59194"}],"version-history":[{"count":4,"href":"https:\/\/edublog.educastur.es\/ixuxu\/wp-json\/wp\/v2\/posts\/59194\/revisions"}],"predecessor-version":[{"id":59198,"href":"https:\/\/edublog.educastur.es\/ixuxu\/wp-json\/wp\/v2\/posts\/59194\/revisions\/59198"}],"wp:attachment":[{"href":"https:\/\/edublog.educastur.es\/ixuxu\/wp-json\/wp\/v2\/media?parent=59194"}],"wp:term":[{"taxonomy":"category","embeddable":true,"href":"https:\/\/edublog.educastur.es\/ixuxu\/wp-json\/wp\/v2\/categories?post=59194"},{"taxonomy":"post_tag","embeddable":true,"href":"https:\/\/edublog.educastur.es\/ixuxu\/wp-json\/wp\/v2\/tags?post=59194"}],"curies":[{"name":"wp","href":"https:\/\/api.w.org\/{rel}","templated":true}]}}