{"id":59201,"date":"2025-10-02T08:30:17","date_gmt":"2025-10-02T06:30:17","guid":{"rendered":"https:\/\/edublog.educastur.es\/ixuxu\/?p=59201"},"modified":"2025-10-02T10:24:58","modified_gmt":"2025-10-02T08:24:58","slug":"el-tiempu-el-comercio-153","status":"publish","type":"post","link":"https:\/\/edublog.educastur.es\/ixuxu\/2025\/10\/el-tiempu-el-comercio-153\/","title":{"rendered":"El tiempu (El Comercio)"},"content":{"rendered":"<p style=\"text-align: center\"><a href=\"https:\/\/s1.ppllstatics.com\/elcomercio\/www\/multimedia\/2025\/10\/01\/tiempo-asturias-jueves-2-octubre-kI0-U2302588077118HVD-1200x870@El%20Comercio.jpg\"><img loading=\"lazy\" decoding=\"async\" class=\"aligncenter size-large\" src=\"https:\/\/s1.ppllstatics.com\/elcomercio\/www\/multimedia\/2025\/10\/01\/tiempo-asturias-jueves-2-octubre-kI0-U2302588077118HVD-1200x870@El%20Comercio.jpg\" width=\"1200\" height=\"868\" \/><\/a><\/p>\n<p>Esperamos una xornada estable na que van predominar los grandes claros en tol Princip\u00e1u d&#8217;Asturies. A lo sumo, van poder apaecer dellos intervalos de nubes altes ensin importancia a lo llargo del d\u00eda. La probabilid\u00e1 de precipitaciones va ser rotundamente nula.<strong> Los vientos<\/strong> van predominar de componente este na mari\u00f1a con raches moderaes, ente que nel interior los vientos van ser fluexos. <strong>Les temperatures m\u00e1ximes<\/strong> van xubir de forma xeneralizada. Esti ascensu va ser d&#8217;hasta 2 \u00baC nel occidente, hasta 3 o 4 \u00baC nel centru, y nun se refuga que puedan xubir hasta 5 \u00baC respectu al mi\u00e9rcoles nel interior oriental. Tocantes a<strong> les m\u00ednimes<\/strong>, van ser bien similares. S\u00eda que non van poder xubir bien llixeramente en Picos d&#8217;Europa y tami\u00e9n nel suroccidente.<\/p>\n<p><!--more--><\/p>\n<p><strong>El vienres<\/strong> vamos tener otru d\u00eda marc\u00e1u pola estabilid\u00e1 onde los cielos van tar velaos por cuenta de la presencia de nubes de tipu altu. Un d\u00eda m\u00e1s, la probabilid\u00e1 de precipitaciones va ser nula. Los vientos esp\u00e9rense fluexos y variables. Les temperatures m\u00e1ximes van baxar ente 2 y 3 \u00baC nel centru y nel oriente, y de forma m\u00e1s llixera nel occidente. Les m\u00ednimes van xubir en tola rex\u00f3n.<\/p>\n<p><strong>El s\u00e1badu<\/strong> va llegar xuna masa de nubes que va dexar precipitaciones mientres la segunda parte del d\u00eda.<\/p>\n","protected":false},"excerpt":{"rendered":"<p>Esperamos una xornada estable na que van predominar los grandes claros en tol Princip\u00e1u d&#8217;Asturies. A lo sumo, van poder apaecer dellos intervalos de nubes altes ensin importancia a lo llargo del d\u00eda. La probabilid\u00e1 de precipitaciones va ser rotundamente nula. Los vientos van predominar de componente este na mari\u00f1a con raches moderaes, ente que [&hellip;]<\/p>\n","protected":false},"author":117,"featured_media":0,"comment_status":"closed","ping_status":"open","sticky":false,"template":"","format":"standard","meta":{"footnotes":""},"categories":[5],"tags":[],"class_list":["post-59201","post","type-post","status-publish","format-standard","hentry","category-tiempu"],"_links":{"self":[{"href":"https:\/\/edublog.educastur.es\/ixuxu\/wp-json\/wp\/v2\/posts\/59201","targetHints":{"allow":["GET"]}}],"collection":[{"href":"https:\/\/edublog.educastur.es\/ixuxu\/wp-json\/wp\/v2\/posts"}],"about":[{"href":"https:\/\/edublog.educastur.es\/ixuxu\/wp-json\/wp\/v2\/types\/post"}],"author":[{"embeddable":true,"href":"https:\/\/edublog.educastur.es\/ixuxu\/wp-json\/wp\/v2\/users\/117"}],"replies":[{"embeddable":true,"href":"https:\/\/edublog.educastur.es\/ixuxu\/wp-json\/wp\/v2\/comments?post=59201"}],"version-history":[{"count":3,"href":"https:\/\/edublog.educastur.es\/ixuxu\/wp-json\/wp\/v2\/posts\/59201\/revisions"}],"predecessor-version":[{"id":59204,"href":"https:\/\/edublog.educastur.es\/ixuxu\/wp-json\/wp\/v2\/posts\/59201\/revisions\/59204"}],"wp:attachment":[{"href":"https:\/\/edublog.educastur.es\/ixuxu\/wp-json\/wp\/v2\/media?parent=59201"}],"wp:term":[{"taxonomy":"category","embeddable":true,"href":"https:\/\/edublog.educastur.es\/ixuxu\/wp-json\/wp\/v2\/categories?post=59201"},{"taxonomy":"post_tag","embeddable":true,"href":"https:\/\/edublog.educastur.es\/ixuxu\/wp-json\/wp\/v2\/tags?post=59201"}],"curies":[{"name":"wp","href":"https:\/\/api.w.org\/{rel}","templated":true}]}}