{"id":59262,"date":"2025-10-02T13:45:06","date_gmt":"2025-10-02T11:45:06","guid":{"rendered":"https:\/\/edublog.educastur.es\/ixuxu\/?p=59262"},"modified":"2025-10-02T13:51:00","modified_gmt":"2025-10-02T11:51:00","slug":"el-monte-de-les-asturianes-nel-himalaya","status":"publish","type":"post","link":"https:\/\/edublog.educastur.es\/ixuxu\/2025\/10\/el-monte-de-les-asturianes-nel-himalaya\/","title":{"rendered":"\u00abEl Monte de les Asturianes\u00bb nel Himalaya"},"content":{"rendered":"<p>\u00abEl Monte de les Asturianes\u00bb nel Himalaya: Rosa Fern\u00e1ndez y Azucena Collar conquisten unu visu virxe. <a href=\"https:\/\/www.lavozdeasturias.es\/noticia\/asturias\/2025\/09\/30\/montana-asturianas-himalayarosa-fernandez-azucena-collarconquistan-cima-virgen\/00031759248169679946713.htm\">La Voz<\/a><\/p>\n<p style=\"text-align: center\"><a href=\"https:\/\/img.lavdg.com\/sc\/cvRjU8GC02x9i1jDdHxbXQmRdks=\/768x\/2025\/09\/30\/00121759248628590491415\/Foto\/1.jpg\"><img loading=\"lazy\" decoding=\"async\" class=\"aligncenter size-large\" src=\"https:\/\/img.lavdg.com\/sc\/cvRjU8GC02x9i1jDdHxbXQmRdks=\/768x\/2025\/09\/30\/00121759248628590491415\/Foto\/1.jpg\" width=\"768\" height=\"432\" \/><\/a><\/p>\n<p>Les alpinistes faen cume tres un segundu intentu que simboliza \u00abla constancia, el trabayu n&#8217;equipu y los nuesos raiga\u00f1os\u00bb<br \/>\n<!--more--><br \/>\nLes monta\u00f1eres asturianes Rosa Fern\u00e1ndez y Azucena Collar algamaron el visu d&#8217;un monte virxe n&#8217;una remota rex\u00f3n del Himalaya indiu, dempu\u00e9s d&#8217;un esixente acercamientu ensin caminos y n&#8217;aplicando la esperiencia adquirida n&#8217;una espedici\u00f3n previa l&#8217;a\u00f1u anterior.<\/p>\n<p><strong>El cume, ensin nome oficial nin rexistros d&#8217;ascensos anteriores, foi bautizada pol equipu como \u00abEl Monte de les Asturianes\u00bb<\/strong>, n&#8217;homenaxe al doble intento realiz\u00e1u por muyeres d&#8217;Asturies en dos a\u00f1os consecutivos.<\/p>\n<p>\u00abEn 2024 vini con Isabel Arg\u00fcelles, compa\u00f1era asturiana. A los dos d\u00edes d&#8217;acercamientu tuvimos qu&#8217;arrenunciar polo inaccesible del terr\u00e9n, y finalmente decidimos esguilar otru monte virxe, onde quedamos a pocos metros del visu por una inmensa cornisa. Angua\u00f1o, con Azucena, tornamos meyor preparaos, n&#8217;otra d\u00f3mina colos r\u00edos m\u00e1s baxos y cola esperiencia de raspiar y\u00e1 aquel glaciar. Eso facilit\u00f3 l&#8217;aproximamientu y dex\u00f3nos algamar el cume. Esti monte simboliza la constancia, el trabayu n&#8217;equipu y los nuesos raiga\u00f1os\u00bb, esplica Rosa.<\/p>\n<p style=\"text-align: center\"><a href=\"https:\/\/img.lavdg.com\/sc\/58zvOpu_jV3Sp2P4miLwSYZpUrU=\/768x\/2025\/09\/30\/00121759248672247976247\/Foto\/2.jpg\"><img loading=\"lazy\" decoding=\"async\" class=\"aligncenter size-large\" src=\"https:\/\/img.lavdg.com\/sc\/58zvOpu_jV3Sp2P4miLwSYZpUrU=\/768x\/2025\/09\/30\/00121759248672247976247\/Foto\/2.jpg\" width=\"768\" height=\"432\" \/><\/a><\/p>\n<p>Seg\u00fan espliquen les alpinistes, el terr\u00e9n planteg\u00f3 grandes dificultaes, con progresi\u00f3n sobro morrenes glaciares y ausencia de caminos defin\u00edos hasta&#8217;l campamentu base. Dende ell\u00ed, l&#8217;ascensu realizose n&#8217;estilu cl\u00e1sicu y autosuficiente, ensin cuerdes fixes nin porteadores d&#8217;altor. \u00abM\u00e1s que una cume, foi cerrar un ciclu. El monte esper\u00f3nos un a\u00f1u, y esta vegada abri\u00f3nos les sos puertes dempu\u00e9s de muncho esfuerzu compart\u00edu\u00bb, a\u00f1ede Azucena.<\/p>\n<p>Na espedici\u00f3n tami\u00e9n particip\u00f3 Robin Walker, monta\u00f1eru residente n&#8217;Asturies, que&#8217;l so sofitu result\u00f3 esencial pa crear un ambiente d&#8217;enfotu y cooperaci\u00f3n, espliquen les alpinistes.<\/p>\n<p><span style=\"text-decoration: underline\">Detalles de la espedici\u00f3n:<\/span><\/p>\n<ul>\n<li>Allugamientu: Himalaya indiu (Himachal Pradesh), zona ensin rexistros previos d&#8217;ascensu<\/li>\n<li>Altit\u00fa envalorada: 5.694 metros<\/li>\n<li>Estilu: ascensu cl\u00e1sicu, ensin cuerdes fixes nin porteadores d&#8217;altor<\/li>\n<li>Equipu: Rosa Fern\u00e1ndez, Azucena Collar y Robin Walker<\/li>\n<\/ul>\n","protected":false},"excerpt":{"rendered":"<p>\u00abEl Monte de les Asturianes\u00bb nel Himalaya: Rosa Fern\u00e1ndez y Azucena Collar conquisten unu visu virxe. La Voz Les alpinistes faen cume tres un segundu intentu que simboliza \u00abla constancia, el trabayu n&#8217;equipu y los nuesos raiga\u00f1os\u00bb<\/p>\n","protected":false},"author":117,"featured_media":0,"comment_status":"closed","ping_status":"open","sticky":false,"template":"","format":"standard","meta":{"footnotes":""},"categories":[311],"tags":[],"class_list":["post-59262","post","type-post","status-publish","format-standard","hentry","category-montes"],"_links":{"self":[{"href":"https:\/\/edublog.educastur.es\/ixuxu\/wp-json\/wp\/v2\/posts\/59262","targetHints":{"allow":["GET"]}}],"collection":[{"href":"https:\/\/edublog.educastur.es\/ixuxu\/wp-json\/wp\/v2\/posts"}],"about":[{"href":"https:\/\/edublog.educastur.es\/ixuxu\/wp-json\/wp\/v2\/types\/post"}],"author":[{"embeddable":true,"href":"https:\/\/edublog.educastur.es\/ixuxu\/wp-json\/wp\/v2\/users\/117"}],"replies":[{"embeddable":true,"href":"https:\/\/edublog.educastur.es\/ixuxu\/wp-json\/wp\/v2\/comments?post=59262"}],"version-history":[{"count":4,"href":"https:\/\/edublog.educastur.es\/ixuxu\/wp-json\/wp\/v2\/posts\/59262\/revisions"}],"predecessor-version":[{"id":59266,"href":"https:\/\/edublog.educastur.es\/ixuxu\/wp-json\/wp\/v2\/posts\/59262\/revisions\/59266"}],"wp:attachment":[{"href":"https:\/\/edublog.educastur.es\/ixuxu\/wp-json\/wp\/v2\/media?parent=59262"}],"wp:term":[{"taxonomy":"category","embeddable":true,"href":"https:\/\/edublog.educastur.es\/ixuxu\/wp-json\/wp\/v2\/categories?post=59262"},{"taxonomy":"post_tag","embeddable":true,"href":"https:\/\/edublog.educastur.es\/ixuxu\/wp-json\/wp\/v2\/tags?post=59262"}],"curies":[{"name":"wp","href":"https:\/\/api.w.org\/{rel}","templated":true}]}}