{"id":59268,"date":"2025-10-02T13:57:16","date_gmt":"2025-10-02T11:57:16","guid":{"rendered":"https:\/\/edublog.educastur.es\/ixuxu\/?p=59268"},"modified":"2025-10-07T10:19:56","modified_gmt":"2025-10-07T08:19:56","slug":"nueva-aplicacion-informatica-para-los-centros-educativos","status":"publish","type":"post","link":"https:\/\/edublog.educastur.es\/ixuxu\/2025\/10\/nueva-aplicacion-informatica-para-los-centros-educativos\/","title":{"rendered":"Nueva aplicaci\u00f3n inform\u00e1tica para los centros educativos"},"content":{"rendered":"<p style=\"text-align: center\"><a href=\"https:\/\/actualidad.asturias.es\/documents\/537115\/2842394\/2025_10_01+Pancarta+contra+el+acoso+escolar+en+el+CP+Salvador+Vega+Berros+%28Sariego%29.jpg\/a7be73a0-8e25-be35-d2af-a9ef9adcce14?t=1759402877276\"><img loading=\"lazy\" decoding=\"async\" class=\"aligncenter \" src=\"https:\/\/actualidad.asturias.es\/documents\/537115\/2842394\/2025_10_01+Pancarta+contra+el+acoso+escolar+en+el+CP+Salvador+Vega+Berros+%28Sariego%29.jpg\/a7be73a0-8e25-be35-d2af-a9ef9adcce14?t=1759402877276\" width=\"617\" height=\"463\" \/><\/a><\/p>\n<p><a href=\"https:\/\/actualidad.asturias.es\/-\/el-gobierno-de-asturias-agiliza-la-gesti%C3%B3n-del-acoso-escolar-con-una-nueva-aplicaci%C3%B3n-inform%C3%A1tica-para-los-centros-educativos?redirect=%2Fnoticias\">Actualid\u00e1<\/a> \/<\/p>\n<p>El Gobiernu d&#8217;Asturies enta\u00edna la xesti\u00f3n del acoso escolar con una nueva aplicaci\u00f3n inform\u00e1tica para los centros educativos. La ferramienta dexa, na so fase inicial, tramitar les actuaciones previes \u00e9nte posibles casos ente l&#8217;alumn\u00e1u.<\/p>\n<p><!--more--><\/p>\n<p>La Conseyer\u00eda d&#8217;Educaci\u00f3n punxo en marcha la primer fase d&#8217;<strong>una aplicaci\u00f3n inform\u00e1tica pa facilitar la xesti\u00f3n de posibles casos d&#8217;acoso escolar ente l&#8217;alumn\u00e1u<\/strong>. Esta ferramienta, denominada xen\u00e9ricamente <span style=\"color: #008080\"><strong>Acoso escolar<\/strong><\/span>, y\u00e1 ta disponible pa les direcciones de los centros educativos.<\/p>\n<p>El so oxetivu ye simplificar y entainar la tramitaci\u00f3n de situaciones que puedan constituyir acoso. La etapa inicial ye clave, y\u00e1 que dexa determinar si hai nicios abondos p&#8217;abrir un espediente formal o si, pela contra, nun alleguen les circunstancies necesaries. La mayor\u00eda de los casos denunciaos nun superen esa fase preliminar, lo que convierte esta aplicaci\u00f3n nuna ferramienta \u00fatil pa la xesti\u00f3n diaria nos centros.<\/p>\n<p>La conseyera d&#8217;Educaci\u00f3n, Eva Ledo, unvi\u00f3 g\u00fcei a los centros un bolet\u00edn oficial sobro l&#8217;aplicaci\u00f3n, nel que s&#8217;incl\u00fai un enllaz d&#8217;accesu y un manual d&#8217;usu. <strong>El documentu esplica los primeros pasos pa utilizar esta ferramienta<\/strong>, seg\u00fan los accesos y funciones disponibles tantu pa los equipos directivos como pa la inspecci\u00f3n.<\/p>\n<p>Am\u00e1s, y\u00e1 se ta trabayando nuna segunda fase de l&#8217;aplicaci\u00f3n, que va dexar rexistrar y tramitar tolos casos d&#8217;acoso escolar que se detecten. \u201cEsta ferramienta dise\u00f1\u00f3se a partir de la esperiencia acumulada nos centros y ta abierta a meyores. Ello ye que y\u00e1 se ta ellaborando xuna fueya de ruta pa la so evoluci\u00f3n nos pr\u00f3ximos meses\u201d, esplic\u00f3 Ledo.<\/p>\n","protected":false},"excerpt":{"rendered":"<p>Actualid\u00e1 \/ El Gobiernu d&#8217;Asturies enta\u00edna la xesti\u00f3n del acoso escolar con una nueva aplicaci\u00f3n inform\u00e1tica para los centros educativos. La ferramienta dexa, na so fase inicial, tramitar les actuaciones previes \u00e9nte posibles casos ente l&#8217;alumn\u00e1u.<\/p>\n","protected":false},"author":117,"featured_media":0,"comment_status":"closed","ping_status":"open","sticky":false,"template":"","format":"standard","meta":{"footnotes":""},"categories":[132],"tags":[],"class_list":["post-59268","post","type-post","status-publish","format-standard","hentry","category-educastur"],"_links":{"self":[{"href":"https:\/\/edublog.educastur.es\/ixuxu\/wp-json\/wp\/v2\/posts\/59268","targetHints":{"allow":["GET"]}}],"collection":[{"href":"https:\/\/edublog.educastur.es\/ixuxu\/wp-json\/wp\/v2\/posts"}],"about":[{"href":"https:\/\/edublog.educastur.es\/ixuxu\/wp-json\/wp\/v2\/types\/post"}],"author":[{"embeddable":true,"href":"https:\/\/edublog.educastur.es\/ixuxu\/wp-json\/wp\/v2\/users\/117"}],"replies":[{"embeddable":true,"href":"https:\/\/edublog.educastur.es\/ixuxu\/wp-json\/wp\/v2\/comments?post=59268"}],"version-history":[{"count":2,"href":"https:\/\/edublog.educastur.es\/ixuxu\/wp-json\/wp\/v2\/posts\/59268\/revisions"}],"predecessor-version":[{"id":59453,"href":"https:\/\/edublog.educastur.es\/ixuxu\/wp-json\/wp\/v2\/posts\/59268\/revisions\/59453"}],"wp:attachment":[{"href":"https:\/\/edublog.educastur.es\/ixuxu\/wp-json\/wp\/v2\/media?parent=59268"}],"wp:term":[{"taxonomy":"category","embeddable":true,"href":"https:\/\/edublog.educastur.es\/ixuxu\/wp-json\/wp\/v2\/categories?post=59268"},{"taxonomy":"post_tag","embeddable":true,"href":"https:\/\/edublog.educastur.es\/ixuxu\/wp-json\/wp\/v2\/tags?post=59268"}],"curies":[{"name":"wp","href":"https:\/\/api.w.org\/{rel}","templated":true}]}}