{"id":59274,"date":"2025-10-03T08:30:40","date_gmt":"2025-10-03T06:30:40","guid":{"rendered":"https:\/\/edublog.educastur.es\/ixuxu\/?p=59274"},"modified":"2025-10-03T12:40:39","modified_gmt":"2025-10-03T10:40:39","slug":"el-tiempu-el-comercio-154","status":"publish","type":"post","link":"https:\/\/edublog.educastur.es\/ixuxu\/2025\/10\/el-tiempu-el-comercio-154\/","title":{"rendered":"El tiempu (El Comercio)"},"content":{"rendered":"<p style=\"text-align: center\"><a href=\"https:\/\/s3.ppllstatics.com\/elcomercio\/www\/multimedia\/2025\/10\/02\/tiempo-asturias-viernes-3-octubre-kdYF-U2302588077118HVD-1200x870@El%20Comercio.jpg\"><img loading=\"lazy\" decoding=\"async\" class=\"aligncenter size-large\" src=\"https:\/\/s3.ppllstatics.com\/elcomercio\/www\/multimedia\/2025\/10\/02\/tiempo-asturias-viernes-3-octubre-kdYF-U2302588077118HVD-1200x870@El%20Comercio.jpg\" width=\"1200\" height=\"870\" \/><\/a><\/p>\n<p>Esperamos otru d\u00eda sele en tol Princip\u00e1u d&#8217;Asturies. <strong>Mientres la xornada<\/strong> vamos tener nubes altes que van dexar los cielos atapec\u00edos, pero la probabilid\u00e1 de precipitaciones va ser totalmente nula.<strong> Los vientos<\/strong> prevense fluexos y variables anque, s\u00eda que non, con ciertu predominiu de componente oeste.<strong> Les temperatures m\u00e1ximes<\/strong> van ser unu o dos graos m\u00e1s baxes que les del xueves. <strong>Les m\u00ednimes<\/strong> van xubir de forma xeneralizada.<\/p>\n<p><!--more--><\/p>\n<p><strong>El s\u00e1badu<\/strong> s\u00ed que vamos tener cambeos. Va llegar un frente fr\u00edu a lo llargo del d\u00eda y, con ello, nubes y precipitaciones. Comoquier, vamos amanecer con cielos pocu nublos. R\u00e1pido, vamos dir reparando como la nubosid\u00e1 va dir entrando pola mari\u00f1a y va dise estendiendo mientres la ma\u00f1ana al restu de la rex\u00f3n.<\/p>\n","protected":false},"excerpt":{"rendered":"<p>Esperamos otru d\u00eda sele en tol Princip\u00e1u d&#8217;Asturies. Mientres la xornada vamos tener nubes altes que van dexar los cielos atapec\u00edos, pero la probabilid\u00e1 de precipitaciones va ser totalmente nula. Los vientos prevense fluexos y variables anque, s\u00eda que non, con ciertu predominiu de componente oeste. Les temperatures m\u00e1ximes van ser unu o dos graos [&hellip;]<\/p>\n","protected":false},"author":117,"featured_media":0,"comment_status":"closed","ping_status":"open","sticky":false,"template":"","format":"standard","meta":{"footnotes":""},"categories":[5],"tags":[],"class_list":["post-59274","post","type-post","status-publish","format-standard","hentry","category-tiempu"],"_links":{"self":[{"href":"https:\/\/edublog.educastur.es\/ixuxu\/wp-json\/wp\/v2\/posts\/59274","targetHints":{"allow":["GET"]}}],"collection":[{"href":"https:\/\/edublog.educastur.es\/ixuxu\/wp-json\/wp\/v2\/posts"}],"about":[{"href":"https:\/\/edublog.educastur.es\/ixuxu\/wp-json\/wp\/v2\/types\/post"}],"author":[{"embeddable":true,"href":"https:\/\/edublog.educastur.es\/ixuxu\/wp-json\/wp\/v2\/users\/117"}],"replies":[{"embeddable":true,"href":"https:\/\/edublog.educastur.es\/ixuxu\/wp-json\/wp\/v2\/comments?post=59274"}],"version-history":[{"count":3,"href":"https:\/\/edublog.educastur.es\/ixuxu\/wp-json\/wp\/v2\/posts\/59274\/revisions"}],"predecessor-version":[{"id":59277,"href":"https:\/\/edublog.educastur.es\/ixuxu\/wp-json\/wp\/v2\/posts\/59274\/revisions\/59277"}],"wp:attachment":[{"href":"https:\/\/edublog.educastur.es\/ixuxu\/wp-json\/wp\/v2\/media?parent=59274"}],"wp:term":[{"taxonomy":"category","embeddable":true,"href":"https:\/\/edublog.educastur.es\/ixuxu\/wp-json\/wp\/v2\/categories?post=59274"},{"taxonomy":"post_tag","embeddable":true,"href":"https:\/\/edublog.educastur.es\/ixuxu\/wp-json\/wp\/v2\/tags?post=59274"}],"curies":[{"name":"wp","href":"https:\/\/api.w.org\/{rel}","templated":true}]}}