{"id":59292,"date":"2025-10-05T08:35:22","date_gmt":"2025-10-05T06:35:22","guid":{"rendered":"https:\/\/edublog.educastur.es\/ixuxu\/?p=59292"},"modified":"2025-10-05T09:37:23","modified_gmt":"2025-10-05T07:37:23","slug":"el-tiempu-el-comercio-155","status":"publish","type":"post","link":"https:\/\/edublog.educastur.es\/ixuxu\/2025\/10\/el-tiempu-el-comercio-155\/","title":{"rendered":"El tiempu (El Comercio)"},"content":{"rendered":"<p style=\"text-align: center\"><a href=\"https:\/\/s2.ppllstatics.com\/elcomercio\/www\/multimedia\/2025\/10\/04\/tiempo-asturias-domingo-5-octubre-koK-U2302588077118HVD-1200x870@El%20Comercio.jpg\"><img loading=\"lazy\" decoding=\"async\" class=\"aligncenter size-large\" src=\"https:\/\/s2.ppllstatics.com\/elcomercio\/www\/multimedia\/2025\/10\/04\/tiempo-asturias-domingo-5-octubre-koK-U2302588077118HVD-1200x870@El%20Comercio.jpg\" width=\"1200\" height=\"870\" \/><\/a><\/p>\n<p>Esperamos <strong>una ma\u00f1ana<\/strong> con cielos bien nublos y cola posibilid\u00e1 de precipitaciones que van ser m\u00e1s frecuentes nel norte de la rex\u00f3n y cuanto m\u00e1s escontra l&#8217;oriente. Pero, <strong>a lo llargo de la tarde<\/strong>, vamos reparar como les nubes van ser cada vez menos compactes hasta&#8217;l puntu de quedar los cielos poco nublos o inclusive pr\u00e1cticamente estenaos en tol Princip\u00e1u d&#8217;Asturies nel tramu final del d\u00eda.<strong> Los vientos<\/strong> van ser fluexos y variables pudiendo predominar de nordeste-esti moderaos, siquier, na mari\u00f1a.<strong> Les temperatures m\u00e1ximes<\/strong> van baxar de forma xeneralizada salvu, s\u00eda que non, nel estremu m\u00e1s suroccidental onde apenes van variar respectu al s\u00e1badu. El descensu nel restu va ser d&#8217;hasta 2 o 3 \u00baC nel occidente, y hasta 4 o 5 \u00baC nel oriente. <strong>Les m\u00ednimes<\/strong> van baxar llixeramente na gran parte de la Comunid\u00e1 Aut\u00f3noma.<\/p>\n<p><!--more--><\/p>\n<p><strong>El llunes<\/strong> vamos empecipiar la selmana con un d\u00eda soleyeru de principiu a fin. Los vientos van soplar de componente esti moderaos y, inclusive, localmente fuertes na mari\u00f1a. M\u00e1s fluexos nel interior. Les m\u00e1ximes van xubir hasta 5 o 6 \u00baC ente que les m\u00ednimes volver\u00e1n baxar.<\/p>\n","protected":false},"excerpt":{"rendered":"<p>Esperamos una ma\u00f1ana con cielos bien nublos y cola posibilid\u00e1 de precipitaciones que van ser m\u00e1s frecuentes nel norte de la rex\u00f3n y cuanto m\u00e1s escontra l&#8217;oriente. Pero, a lo llargo de la tarde, vamos reparar como les nubes van ser cada vez menos compactes hasta&#8217;l puntu de quedar los cielos poco nublos o inclusive [&hellip;]<\/p>\n","protected":false},"author":117,"featured_media":0,"comment_status":"closed","ping_status":"open","sticky":false,"template":"","format":"standard","meta":{"footnotes":""},"categories":[5],"tags":[],"class_list":["post-59292","post","type-post","status-publish","format-standard","hentry","category-tiempu"],"_links":{"self":[{"href":"https:\/\/edublog.educastur.es\/ixuxu\/wp-json\/wp\/v2\/posts\/59292","targetHints":{"allow":["GET"]}}],"collection":[{"href":"https:\/\/edublog.educastur.es\/ixuxu\/wp-json\/wp\/v2\/posts"}],"about":[{"href":"https:\/\/edublog.educastur.es\/ixuxu\/wp-json\/wp\/v2\/types\/post"}],"author":[{"embeddable":true,"href":"https:\/\/edublog.educastur.es\/ixuxu\/wp-json\/wp\/v2\/users\/117"}],"replies":[{"embeddable":true,"href":"https:\/\/edublog.educastur.es\/ixuxu\/wp-json\/wp\/v2\/comments?post=59292"}],"version-history":[{"count":3,"href":"https:\/\/edublog.educastur.es\/ixuxu\/wp-json\/wp\/v2\/posts\/59292\/revisions"}],"predecessor-version":[{"id":59295,"href":"https:\/\/edublog.educastur.es\/ixuxu\/wp-json\/wp\/v2\/posts\/59292\/revisions\/59295"}],"wp:attachment":[{"href":"https:\/\/edublog.educastur.es\/ixuxu\/wp-json\/wp\/v2\/media?parent=59292"}],"wp:term":[{"taxonomy":"category","embeddable":true,"href":"https:\/\/edublog.educastur.es\/ixuxu\/wp-json\/wp\/v2\/categories?post=59292"},{"taxonomy":"post_tag","embeddable":true,"href":"https:\/\/edublog.educastur.es\/ixuxu\/wp-json\/wp\/v2\/tags?post=59292"}],"curies":[{"name":"wp","href":"https:\/\/api.w.org\/{rel}","templated":true}]}}