{"id":59298,"date":"2025-10-04T08:30:50","date_gmt":"2025-10-04T06:30:50","guid":{"rendered":"https:\/\/edublog.educastur.es\/ixuxu\/?p=59298"},"modified":"2025-10-05T09:40:05","modified_gmt":"2025-10-05T07:40:05","slug":"sabadu-4-dochobre-2025","status":"publish","type":"post","link":"https:\/\/edublog.educastur.es\/ixuxu\/2025\/10\/sabadu-4-dochobre-2025\/","title":{"rendered":"S\u00e1badu 4 d&#8217;ochobre 2025"},"content":{"rendered":"<div class=\"html-div xdj266r x14z9mp xat24cr x1lziwak xexx8yu xyri2b x18d9i69 x1c1uobl\">\n<div class=\"html-div xdj266r x14z9mp x1lziwak x18d9i69 x1cy8zhl x78zum5 x1q0g3np xod5an3 xz9dl7a x1g0dm76 xpdmqnj\">\n<div class=\"html-div xdj266r x14z9mp xat24cr x1lziwak xexx8yu xyri2b x18d9i69 x1c1uobl x1iyjqo2 xeuugli\">\n<div class=\"x78zum5 xdt5ytf xz62fqu x16ldp7u\">\n<div class=\"xu06os2 x1ok221b\">\n<div class=\"html-div xdj266r x14z9mp xat24cr x1lziwak xexx8yu xyri2b x18d9i69 x1c1uobl\" data-ad-rendering-role=\"profile_name\">\n<ul>\n<li id=\"_r_tj_\" class=\"html-h2 x14z9mp xat24cr x1lziwak xexx8yu xyri2b x18d9i69 x1c1uobl x1vvkbs x1heor9g x1qlqyl8 x1pd3egz x1a2a7pz x1gslohp x1yc453h\"><span class=\"x78zum5 x1q0g3np\"><span class=\"x1lliihq x6ikm8r x10wlt62 x1n2onr6 xlyipyv xuxw1ft\"><span class=\"xt0psk2\"><a class=\"x1i10hfl xjbqb8w x1ejq31n x18oe1m7 x1sy0etr xstzfhl x972fbf x10w94by x1qhh985 x14e42zd x9f619 x1ypdohk xt0psk2 x3ct3a4 xdj266r x14z9mp xat24cr x1lziwak xexx8yu xyri2b x18d9i69 x1c1uobl x16tdsg8 x1hl2dhg xggy1nq x1a2a7pz xkrqix3 x1sur9pj xzsf02u x1s688f\" role=\"link\" href=\"https:\/\/www.facebook.com\/eltiempuenasturies?__cft__[0]=AZVA0XFUr_W2_3HJ_k8yjYL5CeE1jW7PTJgLIshM3ZqqqNK1M795DByyTL--BpgEhIzXPuSzYYYM2wPCAOH6xk1B47bMPMQlhn3JhM74NfvtCOpLmfbRyF3SsX4hrjW5Ag-UPia1np0JUrZFZtxIH5qNH5C36M_8TuBaeIUZId-I5Skl0AqzIu6oi960SrogEik&amp;__tn__=-UC%2CP-R\"><b class=\"html-b xdj266r x14z9mp xat24cr x1lziwak xexx8yu xyri2b x18d9i69 x1c1uobl x1hl2dhg x16tdsg8 x1vvkbs x1s688f\"><span class=\"html-span xdj266r x14z9mp xat24cr x1lziwak xexx8yu xyri2b x18d9i69 x1c1uobl x1hl2dhg x16tdsg8 x1vvkbs\">El Tiempu n&#8217;Asturies.<\/span><\/b><\/a><\/span><\/span><\/span><\/li>\n<\/ul>\n<\/div>\n<\/div>\n<div class=\"xu06os2 x1ok221b\"><\/div>\n<\/div>\n<\/div>\n<\/div>\n<\/div>\n<div class=\"html-div xdj266r x14z9mp xat24cr x1lziwak xexx8yu xyri2b x18d9i69 x1c1uobl\">\n<div class=\"html-div xdj266r x14z9mp xat24cr x1lziwak xexx8yu xyri2b x18d9i69 x1c1uobl\" dir=\"auto\">\n<div class=\"html-div xdj266r x14z9mp xat24cr x1lziwak xexx8yu xyri2b x18d9i69 x1c1uobl\" data-ad-rendering-role=\"story_message\">\n<div id=\"_r_tl_\" class=\"x1l90r2v x1iorvi4 x1g0dm76 xpdmqnj\" data-ad-comet-preview=\"message\" data-ad-preview=\"message\">\n<div class=\"x78zum5 xdt5ytf xz62fqu x16ldp7u\">\n<div class=\"xu06os2 x1ok221b\">\n<div class=\"html-div xdj266r x14z9mp xat24cr x1lziwak xexx8yu xyri2b x18d9i69 x1c1uobl\">\n<div class=\"x14z9mp xat24cr x1lziwak x1vvkbs xtlvy1s x126k92a\">\n<ul>\n<li dir=\"auto\"><span style=\"color: #008080\"><strong>Alborecemos<\/strong><\/span> con grandes claros o abancios entemecios ente delles nubes medies y altes, am\u00e1s sopla l&#8217;aire gallegu con fuercia na costa, mentantu nel interior nun se mueve una fueya con unes temperatures condicionaes pol vientu, ell\u00ed onde temos al abellugue d&#8217;\u00e9l hai alrodiu de los 13\u00baC y na costa onde pega ronden los 18\u00baC, rexistr\u00e1ndose nel puirtu Payares 10,5\u00baC<\/li>\n<\/ul>\n<\/div>\n<div class=\"x14z9mp xat24cr x1lziwak x1vvkbs xtlvy1s x126k92a\">\n<ul>\n<li dir=\"auto\"><strong><span style=\"color: #008080\">G\u00fcei<\/span> <\/strong>va cruzanos d&#8217;oeste a este un frente poco activu que mos dexar\u00e1 al so pasu precipitaciones febles en xeneral pero primeru esfrutaremos tov\u00eda del sol. A partir del mediud\u00eda dir\u00e1 aumentando la nubosid\u00e1 r\u00e1pidamente pa dexanos el cielu nuble, llegando primeru les precipitaciones pel oeste asturianu pa descargar a primera hora de la tarde na fastera central asturiana, am\u00e1s vendr\u00e1n acompangaes de vientu rache\u00e1u de componente noroeste y n&#8217;antes d&#8217;empezar les nubes baxes dominar\u00e1n el territoriu.<\/li>\n<\/ul>\n<p><!--more--><\/p>\n<\/div>\n<div class=\"x14z9mp xat24cr x1lziwak x1vvkbs xtlvy1s x126k92a\">\n<ul>\n<li dir=\"auto\"><span style=\"color: #008080\"><strong>Ma\u00f1ana domingu<\/strong><\/span> va caltenese la nubosid\u00e1 pero nun tendremos precipitaciones con unes temperatures en moder\u00e1u descensu col vientu nord\u00e9s que sedr\u00e1 cafiante na costa y baxar\u00e1 entov\u00eda m\u00e1s la sensaci\u00f3n t\u00e9rmica.<\/li>\n<\/ul>\n<\/div>\n<div class=\"x14z9mp xat24cr x1lziwak x1vvkbs xtlvy1s x126k92a\">\n<ul>\n<li dir=\"auto\"><strong><span style=\"color: #008080\">El llunes<\/span><\/strong> dir\u00e1n abri\u00e9ndose dellos claros o abancios y subir\u00e1n les temperatures, sobre too de cara&#8217;l martes que volveremos a pasar calor.<\/li>\n<\/ul>\n<\/div>\n<div class=\"x14z9mp xat24cr x1lziwak x1vvkbs xtlvy1s x126k92a\">\n<ul>\n<li dir=\"auto\"><strong><span style=\"color: #008080\">Mi\u00e9rcoles y xueves<\/span><\/strong> tendremos m\u00e1s nubes y descender\u00e1n les temperatures y paez que la fin de selmana sedr\u00e1 soleyera y calurosa pero esto y\u00e1 lu diremos viendo. Onde pinta otra vegada mal ye pal Mediterran\u00e9u porque ye probable que se repita de cara a la fin de selmana viniente otra situaci\u00f3n de xarabatos y bastiazos torrenciales.<\/li>\n<\/ul>\n<\/div>\n<\/div>\n<\/div>\n<\/div>\n<\/div>\n<\/div>\n<\/div>\n<\/div>\n<p>&nbsp;<\/p>\n","protected":false},"excerpt":{"rendered":"<p>El Tiempu n&#8217;Asturies. Alborecemos con grandes claros o abancios entemecios ente delles nubes medies y altes, am\u00e1s sopla l&#8217;aire gallegu con fuercia na costa, mentantu nel interior nun se mueve una fueya con unes temperatures condicionaes pol vientu, ell\u00ed onde temos al abellugue d&#8217;\u00e9l hai alrodiu de los 13\u00baC y na costa onde pega ronden [&hellip;]<\/p>\n","protected":false},"author":117,"featured_media":0,"comment_status":"closed","ping_status":"open","sticky":false,"template":"","format":"standard","meta":{"footnotes":""},"categories":[5],"tags":[],"class_list":["post-59298","post","type-post","status-publish","format-standard","hentry","category-tiempu"],"_links":{"self":[{"href":"https:\/\/edublog.educastur.es\/ixuxu\/wp-json\/wp\/v2\/posts\/59298","targetHints":{"allow":["GET"]}}],"collection":[{"href":"https:\/\/edublog.educastur.es\/ixuxu\/wp-json\/wp\/v2\/posts"}],"about":[{"href":"https:\/\/edublog.educastur.es\/ixuxu\/wp-json\/wp\/v2\/types\/post"}],"author":[{"embeddable":true,"href":"https:\/\/edublog.educastur.es\/ixuxu\/wp-json\/wp\/v2\/users\/117"}],"replies":[{"embeddable":true,"href":"https:\/\/edublog.educastur.es\/ixuxu\/wp-json\/wp\/v2\/comments?post=59298"}],"version-history":[{"count":1,"href":"https:\/\/edublog.educastur.es\/ixuxu\/wp-json\/wp\/v2\/posts\/59298\/revisions"}],"predecessor-version":[{"id":59299,"href":"https:\/\/edublog.educastur.es\/ixuxu\/wp-json\/wp\/v2\/posts\/59298\/revisions\/59299"}],"wp:attachment":[{"href":"https:\/\/edublog.educastur.es\/ixuxu\/wp-json\/wp\/v2\/media?parent=59298"}],"wp:term":[{"taxonomy":"category","embeddable":true,"href":"https:\/\/edublog.educastur.es\/ixuxu\/wp-json\/wp\/v2\/categories?post=59298"},{"taxonomy":"post_tag","embeddable":true,"href":"https:\/\/edublog.educastur.es\/ixuxu\/wp-json\/wp\/v2\/tags?post=59298"}],"curies":[{"name":"wp","href":"https:\/\/api.w.org\/{rel}","templated":true}]}}