{"id":59373,"date":"2025-10-06T14:24:30","date_gmt":"2025-10-06T12:24:30","guid":{"rendered":"https:\/\/edublog.educastur.es\/ixuxu\/?p=59373"},"modified":"2025-10-05T21:26:54","modified_gmt":"2025-10-05T19:26:54","slug":"alderique-asturies-lliteraria-u-tamos-au-vamos","status":"publish","type":"post","link":"https:\/\/edublog.educastur.es\/ixuxu\/2025\/10\/alderique-asturies-lliteraria-u-tamos-au-vamos\/","title":{"rendered":"Alderique: \u00abASTURIES LLITERARIA, \u00bf\u00da TAMOS? \u00bfA\u00da VAMOS?\u00bb"},"content":{"rendered":"<div class=\"html-div xdj266r x14z9mp xat24cr x1lziwak xexx8yu x1a8lsjc xf7dkkf xv54qhq\">\n<div class=\"html-div xdj266r x14z9mp xat24cr x1lziwak xexx8yu xyri2b x18d9i69 x1c1uobl x1jx94hy x78zum5 x1q0g3np\">\n<div class=\"x78zum5 xdt5ytf xz62fqu x16ldp7u\">\n<div class=\"xu06os2 x1ok221b\">\n<div class=\"html-div xdj266r x14z9mp xat24cr x1lziwak xexx8yu xyri2b x18d9i69 x1c1uobl\" data-ad-rendering-role=\"profile_name\">\n<ul>\n<li class=\"html-h3 x14z9mp xat24cr x1lziwak xexx8yu xyri2b x18d9i69 x1c1uobl x1vvkbs x1heor9g x1qlqyl8 x1pd3egz x1a2a7pz x1gslohp x1yc453h\"><span class=\"x1lliihq x6ikm8r x10wlt62 x1n2onr6\"><span class=\"xt0psk2\"><a class=\"x1i10hfl xjbqb8w x1ejq31n x18oe1m7 x1sy0etr xstzfhl x972fbf x10w94by x1qhh985 x14e42zd x9f619 x1ypdohk xt0psk2 x3ct3a4 xdj266r x14z9mp xat24cr x1lziwak xexx8yu xyri2b x18d9i69 x1c1uobl x16tdsg8 x1hl2dhg xggy1nq x1a2a7pz xkrqix3 x1sur9pj xzsf02u x1s688f\" role=\"link\" href=\"https:\/\/www.facebook.com\/amadeu.benaventerodriguez.3?__cft__[0]=AZWFmgnhhGoKd2Fdk7r39s7QyJX0nv-50P1xZb0W2evzzif7NVb2Jev-MGIij_JbkyEJyGRA3viTTMmGViEQsE_3sAAs15bSo_0NUHrJuOXgoqD3yeV2tN4VX8dSq29HqJcYD0Ft7EftUM0sk0d954k4KfZMItVlxfh3Y882FQBqEbVnQ231vRuJJeeNjnRrh2Q&amp;__tn__=-UC%2CP-y-R\"><b class=\"html-b xdj266r x14z9mp xat24cr x1lziwak xexx8yu xyri2b x18d9i69 x1c1uobl x1hl2dhg x16tdsg8 x1vvkbs x1s688f\"><span class=\"html-span xdj266r x14z9mp xat24cr x1lziwak xexx8yu xyri2b x18d9i69 x1c1uobl x1hl2dhg x16tdsg8 x1vvkbs\">Amad\u00e9u Benavente<\/span><\/b><\/a><\/span><\/span><\/li>\n<\/ul>\n<\/div>\n<\/div>\n<div class=\"xu06os2 x1ok221b\"><\/div>\n<\/div>\n<\/div>\n<\/div>\n<div class=\"html-div xdj266r x14z9mp xat24cr x1lziwak xexx8yu xyri2b x18d9i69 x1c1uobl\" dir=\"auto\">\n<div class=\"html-div xdj266r x14z9mp xat24cr x1lziwak xexx8yu xyri2b x18d9i69 x1c1uobl\" dir=\"auto\">\n<div class=\"html-div xdj266r x14z9mp xat24cr x1lziwak xexx8yu xyri2b x18d9i69 x1c1uobl\" data-ad-rendering-role=\"story_message\">\n<div class=\"x1l90r2v x1iorvi4 x1g0dm76 xpdmqnj\" data-ad-comet-preview=\"message\" data-ad-preview=\"message\">\n<div class=\"x78zum5 xdt5ytf xz62fqu x16ldp7u\">\n<div class=\"xu06os2 x1ok221b\">\n<div class=\"html-div xdj266r x14z9mp xat24cr x1lziwak xexx8yu xyri2b x18d9i69 x1c1uobl\">\n<div class=\"xdj266r x14z9mp xat24cr x1lziwak x1vvkbs x126k92a\">\n<div dir=\"auto\">ALDERIQUE SOBRE L&#8217; <strong><span style=\"color: #008080\">\u00abASTURIES LLITERARIA, \u00bf\u00da TAMOS? \u00bfA\u00da VAMOS?\u00bb<\/span><\/strong> con los prestixosos escritores asturianos Fulgencio Arg\u00fcelles, Miguel Rojo y Blanca Fern\u00e1ndez Quintana. <strong>Aten\u00e9u Obreru de Xix\u00f3n Escuela de Comerciu<\/strong>, 2\u00aa planta Martes 14 d&#8217;ochobre, 19:00 hores.<\/div>\n<div dir=\"auto\"><\/div>\n<div dir=\"auto\" style=\"text-align: center\">\n<!-- iframe plugin v.6.0 wordpress.org\/plugins\/iframe\/ -->\n<iframe loading=\"lazy\" src=\"https:\/\/www.facebook.com\/plugins\/post.php?href=https%3A%2F%2Fwww.facebook.com%2Famadeu.benaventerodriguez.3%2Fposts%2Fpfbid05h933aGoVYFuhQECa3KZL1XzUjUmp7mdfNxXEiRmWQABquaKFtpUqwCEzomQDJCBl&#038;show_text=false&#038;width=500\" width=\"500\" height=\"281\" style=\"border:none;overflow:hidden\" scrolling=\"no\" frameborder=\"0\" allowfullscreen=\"true\" allow=\"autoplay; clipboard-write; encrypted-media; picture-in-picture; web-share\" 0=\"\/iframe\" class=\"iframe-class\"><\/iframe>\n<\/div>\n<div dir=\"auto\"><\/div>\n<div dir=\"auto\">Convidamos a esti coloquiu a tr\u00e9s representantes reconoc\u00edos de les nuestres lletres pa planteganos la realid\u00e1 de la nuestra lliteratura, \u00bftien sent\u00edu axetivala como asturiana cuando la creaci\u00f3n ye un talentu universal?, \u00bfqu\u00e9 valor diferencial apurre la llingua a la lliteratura asturiana, por qu\u00e9 sigue siendo asturiana anque tea escrita en castell\u00e1n?, \u00bfqu\u00e9 papel xueguen la memoria, la tradici\u00f3n, los raiga\u00f1os, el paisaxe o la identid\u00e1 nel trabayu lliterariu? Etc\u2026<\/div>\n<div dir=\"auto\"><\/div>\n<div dir=\"auto\"><!--more--><\/div>\n<div dir=\"auto\">Contamos pa esti alderique con tr\u00e9s autores asturianos premiaos por distintes instituciones:<\/div>\n<\/div>\n<div class=\"x14z9mp xat24cr x1lziwak x1vvkbs xtlvy1s x126k92a\">\n<div dir=\"auto\">\u2022<span style=\"color: #008080\"><strong> FULGENCIO ARG\u00dcELLES<\/strong><\/span> (Uri\u00e9s, Serrapio, Ayer, 1955), autor de llarga trayeutoria, empez\u00f3 colos rellatos curtios y dempu\u00e9s vinieron les noveles, los art\u00edculos d&#8217;opini\u00f3n y la cr\u00edtica lliteraria, siendo premi\u00e1u en toles modalidaes. Ye \u00fan de los grandes narradores de la lliteratura asturiana contempor\u00e1nea. Anque la mayor parte de la so obra ta escrita en castell\u00e1n, fizo tami\u00e9n delles incursiones n&#8217;asturianu. Psic\u00f3logu de formaci\u00f3n, vivi\u00f3 en Madrid munchos a\u00f1os enantes de tornar a la Cenera de so infancia, onde vive angua\u00f1o.<\/div>\n<div dir=\"auto\">Destaquen na so producci\u00f3n noveles premiaes como \u00abLetan\u00edas de lluvia\u00bb (Premiu Azor\u00edn), \u00abRecuerdos de alg\u00fan vivir\u00bb (Premio Princip\u00e1u d&#8217;Asturies) o \u00abEl palacio azul de los ingenieros belgas\u00bb (Premiu Caf\u00e9 Xix\u00f3n), caracterizaes pola so evocaci\u00f3n de lo rural y lo humano, y rellatos como \u00abDel color de la nada\u00bb o \u00abSeronda\u00bb. La so \u00faltima novela ye \u00abEl desv\u00e1n de las musas dormidas\u00bb (Acantilado, 2025).<\/div>\n<\/div>\n<div class=\"x14z9mp xat24cr x1lziwak x1vvkbs xtlvy1s x126k92a\">\n<div dir=\"auto\">\u2022 <span style=\"color: #008080\"><strong>MIGUEL ROJO<\/strong> <\/span>(Zarrac\u00edn, Tin\u00e9u, 1957) representa&#8217;l mestizaxe de lling\u00fces: escribe n&#8217;asturianu y en castell\u00e1n, cubriendo casi tolos x\u00e9neros, dende la novela a la poes\u00eda, el cuentu y la lliteratura infantil. Doctor en Biolox\u00eda y profesor de secundaria, la so obra ye de les m\u00e1s granibles y premiaes del momentu cultural que conocemos como el \u201cSurdimientu\u201d, con t\u00edtulos clave como \u00abAsina somos n\u00f3s\u00bb (Premiu Xosefa Xovellanos), \u00abHistories d\u2019un seductor (memories d&#8217;un babayu)\u00bb (Premiu Narraciones Trabe) y poemarios como \u00abBuscador d\u2019estrel.las\u00bb (Premiu Fern\u00e1n Coronas). El rellatu sobre \u00abXicu&#8217;l toperu\u00bb foi llev\u00e1u al cine, nun curtiumetraxe de Gonzalo Tapia. L&#8217;estilu modernu y la visi\u00f3n universal de Miguel Rojo arriquecen el nuestru panorama lliterariu.<\/div>\n<div dir=\"auto\">Llogr\u00f3&#8217;l Premiu de la Cr\u00edtica d&#8217;Asturies en poes\u00eda y lliteratura infantil en 2005 y 2008.<\/div>\n<div dir=\"auto\">La so \u00faltima obra narrativa en castell\u00e1n ye \u00abPeque\u00f1os barcos a la deriva\u00bb (2021). Y, n&#8217;edici\u00f3n billing\u00fce, espubliz\u00f3 la obra po\u00e9tica \u00abLa ed\u00e1 de la memoria\u00bb en Trabe (2024).<\/div>\n<\/div>\n<div class=\"x14z9mp xat24cr x1lziwak x1vvkbs xtlvy1s x126k92a\">\n<div dir=\"auto\">\u2022 <span style=\"color: #008080\"><strong>BLANCA FERN\u00c1NDEZ QUINTANA<\/strong> <\/span>(Bimenes, 1994) ye la voz m\u00e1s nueva de la mesa. Graduada n\u2019Estudios Cl\u00e1sicos y Rom\u00e1nicos pola Universid\u00e1 d\u2019Uvi\u00e9u ye profesora de secundaria y escritora tanto en castell\u00e1n como n\u2019asturianu. Algam\u00f3l&#8217;I Premiu Enriqueta Gonz\u00e1lez Rub\u00edn de narrativa moza con \u00abNo que cinca los seres de lleenda\u00bb y foi la ganadora del XV Premiu Xosefa Canellada de lliteratura infantil y xuvenil por \u00abEl cartafueyu d\u2019alquimia\u00bb y del I Premiu Radagast por \u00abTrovadoresca\u00bb. Tien participao n\u2019antolox\u00edes como l\u2019Excelsius 2025, Canallas, Paisajes de acero y sue\u00f1os o Nosotres. \u00abLas que no olvidaron\u00bb ye la so primer novela en castell\u00e1n, sobre un futuru planetariu dist\u00f3picu, espublizada esti mesmu a\u00f1u.<\/div>\n<div dir=\"auto\">Pola so trayeutoria lliteraria y pol so activismu pa col asturianu, recibi\u00f3\u2019l XV Premiu Ostana Xoven (Piamonte, Italia) y el II Premiu Ondras (Cerde\u00f1a, Italia). Esti premiu ye una reconocencia a\u00f1al otorgada en Cerde\u00f1a p&#8217;afalar y protexer les lling\u00fces y cultures minoritaries europees. Ensin dulda, Blanca Fern\u00e1ndez Quintana ye una referencia en nueves tem\u00e1tiques y, perimportante, atraye a nuevos llectores a la lliteratura n&#8217;asturianu.<\/div>\n<\/div>\n<\/div>\n<\/div>\n<\/div>\n<\/div>\n<\/div>\n<\/div>\n<\/div>\n<p>&nbsp;<\/p>\n","protected":false},"excerpt":{"rendered":"<p>Amad\u00e9u Benavente ALDERIQUE SOBRE L&#8217; \u00abASTURIES LLITERARIA, \u00bf\u00da TAMOS? \u00bfA\u00da VAMOS?\u00bb con los prestixosos escritores asturianos Fulgencio Arg\u00fcelles, Miguel Rojo y Blanca Fern\u00e1ndez Quintana. Aten\u00e9u Obreru de Xix\u00f3n Escuela de Comerciu, 2\u00aa planta Martes 14 d&#8217;ochobre, 19:00 hores. Convidamos a esti coloquiu a tr\u00e9s representantes reconoc\u00edos de les nuestres lletres pa planteganos la realid\u00e1 de [&hellip;]<\/p>\n","protected":false},"author":117,"featured_media":0,"comment_status":"closed","ping_status":"open","sticky":false,"template":"","format":"standard","meta":{"footnotes":""},"categories":[481,1],"tags":[],"class_list":["post-59373","post","type-post","status-publish","format-standard","hentry","category-alderique","category-sin-categoria"],"_links":{"self":[{"href":"https:\/\/edublog.educastur.es\/ixuxu\/wp-json\/wp\/v2\/posts\/59373","targetHints":{"allow":["GET"]}}],"collection":[{"href":"https:\/\/edublog.educastur.es\/ixuxu\/wp-json\/wp\/v2\/posts"}],"about":[{"href":"https:\/\/edublog.educastur.es\/ixuxu\/wp-json\/wp\/v2\/types\/post"}],"author":[{"embeddable":true,"href":"https:\/\/edublog.educastur.es\/ixuxu\/wp-json\/wp\/v2\/users\/117"}],"replies":[{"embeddable":true,"href":"https:\/\/edublog.educastur.es\/ixuxu\/wp-json\/wp\/v2\/comments?post=59373"}],"version-history":[{"count":1,"href":"https:\/\/edublog.educastur.es\/ixuxu\/wp-json\/wp\/v2\/posts\/59373\/revisions"}],"predecessor-version":[{"id":59374,"href":"https:\/\/edublog.educastur.es\/ixuxu\/wp-json\/wp\/v2\/posts\/59373\/revisions\/59374"}],"wp:attachment":[{"href":"https:\/\/edublog.educastur.es\/ixuxu\/wp-json\/wp\/v2\/media?parent=59373"}],"wp:term":[{"taxonomy":"category","embeddable":true,"href":"https:\/\/edublog.educastur.es\/ixuxu\/wp-json\/wp\/v2\/categories?post=59373"},{"taxonomy":"post_tag","embeddable":true,"href":"https:\/\/edublog.educastur.es\/ixuxu\/wp-json\/wp\/v2\/tags?post=59373"}],"curies":[{"name":"wp","href":"https:\/\/api.w.org\/{rel}","templated":true}]}}