{"id":59392,"date":"2025-10-06T08:30:26","date_gmt":"2025-10-06T06:30:26","guid":{"rendered":"https:\/\/edublog.educastur.es\/ixuxu\/?p=59392"},"modified":"2025-10-05T22:49:13","modified_gmt":"2025-10-05T20:49:13","slug":"el-tiempu-el-comercio-156","status":"publish","type":"post","link":"https:\/\/edublog.educastur.es\/ixuxu\/2025\/10\/el-tiempu-el-comercio-156\/","title":{"rendered":"El tiempu (El Comercio)"},"content":{"rendered":"<p style=\"text-align: center\"><a href=\"https:\/\/s2.ppllstatics.com\/elcomercio\/www\/multimedia\/2025\/10\/05\/tiempo-asturias-lunes-6-octubre-kjSC-U2302588077118HVD-1200x870@El%20Comercio.jpg\"><img loading=\"lazy\" decoding=\"async\" class=\"aligncenter size-large\" src=\"https:\/\/s2.ppllstatics.com\/elcomercio\/www\/multimedia\/2025\/10\/05\/tiempo-asturias-lunes-6-octubre-kjSC-U2302588077118HVD-1200x870@El%20Comercio.jpg\" width=\"1200\" height=\"867\" \/><\/a><\/p>\n<p>Para esti llunes <strong>esperamos empezar la selmana<\/strong> con una xornada estable en tol Princip\u00e1u d&#8217;Asturies.<strong> Los cielos<\/strong> van tar con poca nubosid\u00e1 o pr\u00e1cticamente estenaos en cualquier puntu mientres tola xornada. <strong>Les temperatures m\u00e1ximes<\/strong> van xubir de forma xeneralizada. Concretamente, hasta 8 \u00baC m\u00e1s qu&#8217;esti domingu nel cordal, hasta 5 o 6 \u00baC nel restu del sur de la rex\u00f3n y en tol interior occidental, y hasta 4 \u00baC nel restu d&#8217;Asturies. <strong>Les m\u00ednimes<\/strong>, sicas\u00ed, van baxar y van #facer sobremanera nel sector central. <strong>Los vientos<\/strong> van soplar de componente esti moderaos, ya inclusive por momentos localmente fuertes, na mari\u00f1a. Nel interior esp\u00e9rense fluexos y variables.<\/p>\n<p><!--more--><\/p>\n<p><strong>El martes<\/strong> tami\u00e9n vamos esfrutar d&#8217;otru d\u00eda estable nel que los cielos van tar pocu nublos en ll\u00ednees xenerales. Los vientos van ser moderaos na mari\u00f1a y fluexos nel interior. Les temperatures m\u00e1ximes van ser daqu\u00e9 m\u00e1s altes de forma que ye posible que ma\u00f1ana pueda ser, teniendo en cuenta la previsi\u00f3n de los siguientes d\u00edes, el d\u00eda m\u00e1s templ\u00e1u de la selmana.<strong> A lo llargo del mi\u00e9rcoles<\/strong> van llegar bastios y van baxar les temperatures.<\/p>\n","protected":false},"excerpt":{"rendered":"<p>Para esti llunes esperamos empezar la selmana con una xornada estable en tol Princip\u00e1u d&#8217;Asturies. Los cielos van tar con poca nubosid\u00e1 o pr\u00e1cticamente estenaos en cualquier puntu mientres tola xornada. Les temperatures m\u00e1ximes van xubir de forma xeneralizada. Concretamente, hasta 8 \u00baC m\u00e1s qu&#8217;esti domingu nel cordal, hasta 5 o 6 \u00baC nel restu [&hellip;]<\/p>\n","protected":false},"author":117,"featured_media":0,"comment_status":"closed","ping_status":"open","sticky":false,"template":"","format":"standard","meta":{"footnotes":""},"categories":[5],"tags":[],"class_list":["post-59392","post","type-post","status-publish","format-standard","hentry","category-tiempu"],"_links":{"self":[{"href":"https:\/\/edublog.educastur.es\/ixuxu\/wp-json\/wp\/v2\/posts\/59392","targetHints":{"allow":["GET"]}}],"collection":[{"href":"https:\/\/edublog.educastur.es\/ixuxu\/wp-json\/wp\/v2\/posts"}],"about":[{"href":"https:\/\/edublog.educastur.es\/ixuxu\/wp-json\/wp\/v2\/types\/post"}],"author":[{"embeddable":true,"href":"https:\/\/edublog.educastur.es\/ixuxu\/wp-json\/wp\/v2\/users\/117"}],"replies":[{"embeddable":true,"href":"https:\/\/edublog.educastur.es\/ixuxu\/wp-json\/wp\/v2\/comments?post=59392"}],"version-history":[{"count":1,"href":"https:\/\/edublog.educastur.es\/ixuxu\/wp-json\/wp\/v2\/posts\/59392\/revisions"}],"predecessor-version":[{"id":59393,"href":"https:\/\/edublog.educastur.es\/ixuxu\/wp-json\/wp\/v2\/posts\/59392\/revisions\/59393"}],"wp:attachment":[{"href":"https:\/\/edublog.educastur.es\/ixuxu\/wp-json\/wp\/v2\/media?parent=59392"}],"wp:term":[{"taxonomy":"category","embeddable":true,"href":"https:\/\/edublog.educastur.es\/ixuxu\/wp-json\/wp\/v2\/categories?post=59392"},{"taxonomy":"post_tag","embeddable":true,"href":"https:\/\/edublog.educastur.es\/ixuxu\/wp-json\/wp\/v2\/tags?post=59392"}],"curies":[{"name":"wp","href":"https:\/\/api.w.org\/{rel}","templated":true}]}}