{"id":59437,"date":"2025-10-06T18:17:04","date_gmt":"2025-10-06T16:17:04","guid":{"rendered":"https:\/\/edublog.educastur.es\/ixuxu\/?p=59437"},"modified":"2025-10-08T10:37:27","modified_gmt":"2025-10-08T08:37:27","slug":"nel-pozu-soton-la-tradicion-ente-los-limites-de-la-creativida","status":"publish","type":"post","link":"https:\/\/edublog.educastur.es\/ixuxu\/2025\/10\/nel-pozu-soton-la-tradicion-ente-los-limites-de-la-creativida\/","title":{"rendered":"Nel Pozu Sot\u00f3n: \u00abLa tradici\u00f3n ente los l\u00edmites de la creativid\u00e1\u00bb"},"content":{"rendered":"<div class=\"html-div xdj266r x14z9mp xat24cr x1lziwak xexx8yu x1a8lsjc xf7dkkf xv54qhq\">\n<div class=\"html-div xdj266r x14z9mp xat24cr x1lziwak xexx8yu xyri2b x18d9i69 x1c1uobl x1jx94hy x78zum5 x1q0g3np\">\n<div class=\"x78zum5 xdt5ytf xz62fqu x16ldp7u\">\n<div class=\"xu06os2 x1ok221b\">\n<div class=\"html-div xdj266r x14z9mp xat24cr x1lziwak xexx8yu xyri2b x18d9i69 x1c1uobl\" data-ad-rendering-role=\"profile_name\">\n<ul>\n<li class=\"html-h3 x14z9mp xat24cr x1lziwak xexx8yu xyri2b x18d9i69 x1c1uobl x1vvkbs x1heor9g x1qlqyl8 x1pd3egz x1a2a7pz x1gslohp x1yc453h\"><span class=\"x1lliihq x6ikm8r x10wlt62 x1n2onr6\"><span class=\"xt0psk2\"><a class=\"x1i10hfl xjbqb8w x1ejq31n x18oe1m7 x1sy0etr xstzfhl x972fbf x10w94by x1qhh985 x14e42zd x9f619 x1ypdohk xt0psk2 x3ct3a4 xdj266r x14z9mp xat24cr x1lziwak xexx8yu xyri2b x18d9i69 x1c1uobl x16tdsg8 x1hl2dhg xggy1nq x1a2a7pz xkrqix3 x1sur9pj xzsf02u x1s688f\" role=\"link\" href=\"https:\/\/www.facebook.com\/aitanacd?__cft__[0]=AZV_-34th-eIYK_FpRJnC_NRHr8j0mBOGBUQ6Qez99yEDffG4UyTXdHZOM0ia6jIWAGBOZFTVTjAdXGXKzcjtwKd0uC1kCZYjiCVSWM9OkTMem63mbK0pNGpOOeprxoCgJoUisUnpenk1ZqKskr9bOQZQv1ubUeb5KDLo3JrCJBPKxgcv-vjKV97MjjQ7c06-jeKSYxa6Gjk2gNDLZ60H04v&amp;__tn__=-UC%2CP-y-R\"><b class=\"html-b xdj266r x14z9mp xat24cr x1lziwak xexx8yu xyri2b x18d9i69 x1c1uobl x1hl2dhg x16tdsg8 x1vvkbs x1s688f\"><span class=\"html-span xdj266r x14z9mp xat24cr x1lziwak xexx8yu xyri2b x18d9i69 x1c1uobl x1hl2dhg x16tdsg8 x1vvkbs\">Aitana Casta\u00f1o D\u00edaz<\/span><\/b><\/a><\/span><\/span><\/li>\n<\/ul>\n<\/div>\n<\/div>\n<div class=\"xu06os2 x1ok221b\">\n<div class=\"html-div xdj266r x14z9mp xat24cr x1lziwak xexx8yu xyri2b x18d9i69 x1c1uobl x6s0dn4 x17zd0t2 x78zum5 x1q0g3np x1a02dak\" style=\"text-align: center\">\n<!-- iframe plugin v.6.0 wordpress.org\/plugins\/iframe\/ -->\n<iframe loading=\"lazy\" src=\"https:\/\/www.facebook.com\/plugins\/post.php?href=https%3A%2F%2Fwww.facebook.com%2Faitanacd%2Fposts%2Fpfbid02oZkdpWotyzo2UZUHtaToM36CgnS4pWgyLghyD1YVFCFc3jVriuBAApmEAxsA2GTjl&#038;show_text=false&#038;width=500\" width=\"500\" height=\"498\" style=\"border:none;overflow:hidden\" scrolling=\"no\" frameborder=\"0\" allowfullscreen=\"true\" allow=\"autoplay; clipboard-write; encrypted-media; picture-in-picture; web-share\" 0=\"\/iframe\" class=\"iframe-class\"><\/iframe>\n<\/div>\n<div><\/div>\n<\/div>\n<\/div>\n<\/div>\n<\/div>\n<div class=\"html-div xdj266r x14z9mp xat24cr x1lziwak xexx8yu xyri2b x18d9i69 x1c1uobl\" dir=\"auto\">\n<div class=\"html-div xdj266r x14z9mp xat24cr x1lziwak xexx8yu xyri2b x18d9i69 x1c1uobl\" dir=\"auto\">\n<div class=\"html-div xdj266r x14z9mp xat24cr x1lziwak xexx8yu xyri2b x18d9i69 x1c1uobl\" data-ad-rendering-role=\"story_message\">\n<div class=\"x1l90r2v x1iorvi4 x1g0dm76 xpdmqnj\" data-ad-comet-preview=\"message\" data-ad-preview=\"message\">\n<div class=\"x78zum5 xdt5ytf xz62fqu x16ldp7u\">\n<div class=\"xu06os2 x1ok221b\">\n<div class=\"html-div xdj266r x14z9mp xat24cr x1lziwak xexx8yu xyri2b x18d9i69 x1c1uobl\">\n<div class=\"xdj266r x14z9mp xat24cr x1lziwak x1vvkbs x126k92a\">\n<div dir=\"auto\"><span style=\"color: #008080\"><em>El mi\u00e9rcoles a les siete de la tarde en el Pozu Sot\u00f3n vamos a charrar de munches coses, de c\u00f3mo, por ejemplo, un guaje de Sama, el fiu de Eloy y Marga, pu\u00e9 convertirse en uno de los directores de orquesta m\u00e1s importantes de Asturies. O de c\u00f3mo Natalia volvi\u00f3 a casa pa enfudarse el mono de trabayu y elevalu a la categor\u00eda de arte siendo, tan solo fae unos meses, la primera muyer que protagoniz\u00f3 una exposici\u00f3n en la Pinacoteca Eduardo \u00darculo. O de c\u00f3mo el guaje David Mart\u00ednez encontr\u00f3 na selva negra de la G\u00fceria Carrocera el mejor lugar para pensar su arte.<\/em><\/span><\/div>\n<div dir=\"auto\"><\/div>\n<div dir=\"auto\"><strong><span style=\"color: #008080\"><em>En resumen, vamos a sentarnos a falar del fumu que traspasa generaciones y nos hace ser lo que somos.<\/em><\/span><\/strong><\/div>\n<\/div>\n<div class=\"x14z9mp xat24cr x1lziwak x1vvkbs xtlvy1s x126k92a\">\n<div dir=\"auto\"><span style=\"color: #008080\"><em>Y todo gracies a Tribuna Ciudadana. <\/em><\/span><em style=\"color: #008080\">\u00a1Pasaivos a la grabaci\u00f3n del podcast que va a tar prestos\u00edsimo!<\/em><\/div>\n<\/div>\n<\/div>\n<\/div>\n<\/div>\n<\/div>\n<\/div>\n<\/div>\n<\/div>\n","protected":false},"excerpt":{"rendered":"<p>Aitana Casta\u00f1o D\u00edaz El mi\u00e9rcoles a les siete de la tarde en el Pozu Sot\u00f3n vamos a charrar de munches coses, de c\u00f3mo, por ejemplo, un guaje de Sama, el fiu de Eloy y Marga, pu\u00e9 convertirse en uno de los directores de orquesta m\u00e1s importantes de Asturies. O de c\u00f3mo Natalia volvi\u00f3 a casa [&hellip;]<\/p>\n","protected":false},"author":117,"featured_media":0,"comment_status":"closed","ping_status":"open","sticky":false,"template":"","format":"standard","meta":{"footnotes":""},"categories":[377],"tags":[],"class_list":["post-59437","post","type-post","status-publish","format-standard","hentry","category-podcast"],"_links":{"self":[{"href":"https:\/\/edublog.educastur.es\/ixuxu\/wp-json\/wp\/v2\/posts\/59437","targetHints":{"allow":["GET"]}}],"collection":[{"href":"https:\/\/edublog.educastur.es\/ixuxu\/wp-json\/wp\/v2\/posts"}],"about":[{"href":"https:\/\/edublog.educastur.es\/ixuxu\/wp-json\/wp\/v2\/types\/post"}],"author":[{"embeddable":true,"href":"https:\/\/edublog.educastur.es\/ixuxu\/wp-json\/wp\/v2\/users\/117"}],"replies":[{"embeddable":true,"href":"https:\/\/edublog.educastur.es\/ixuxu\/wp-json\/wp\/v2\/comments?post=59437"}],"version-history":[{"count":5,"href":"https:\/\/edublog.educastur.es\/ixuxu\/wp-json\/wp\/v2\/posts\/59437\/revisions"}],"predecessor-version":[{"id":59472,"href":"https:\/\/edublog.educastur.es\/ixuxu\/wp-json\/wp\/v2\/posts\/59437\/revisions\/59472"}],"wp:attachment":[{"href":"https:\/\/edublog.educastur.es\/ixuxu\/wp-json\/wp\/v2\/media?parent=59437"}],"wp:term":[{"taxonomy":"category","embeddable":true,"href":"https:\/\/edublog.educastur.es\/ixuxu\/wp-json\/wp\/v2\/categories?post=59437"},{"taxonomy":"post_tag","embeddable":true,"href":"https:\/\/edublog.educastur.es\/ixuxu\/wp-json\/wp\/v2\/tags?post=59437"}],"curies":[{"name":"wp","href":"https:\/\/api.w.org\/{rel}","templated":true}]}}