{"id":59448,"date":"2025-10-07T08:30:10","date_gmt":"2025-10-07T06:30:10","guid":{"rendered":"https:\/\/edublog.educastur.es\/ixuxu\/?p=59448"},"modified":"2025-10-07T09:09:29","modified_gmt":"2025-10-07T07:09:29","slug":"el-tiempu-el-comercio-157","status":"publish","type":"post","link":"https:\/\/edublog.educastur.es\/ixuxu\/2025\/10\/el-tiempu-el-comercio-157\/","title":{"rendered":"El tiempu (El Comercio)"},"content":{"rendered":"<p style=\"text-align: center\"><a href=\"https:\/\/s3.ppllstatics.com\/elcomercio\/www\/multimedia\/2025\/10\/06\/prevision-tiempo-asturias-k0bE-U2302588077118HVD-1200x870@El%20Comercio.jpg\"><img loading=\"lazy\" decoding=\"async\" class=\"aligncenter size-large\" src=\"https:\/\/s3.ppllstatics.com\/elcomercio\/www\/multimedia\/2025\/10\/06\/prevision-tiempo-asturias-k0bE-U2302588077118HVD-1200x870@El%20Comercio.jpg\" width=\"1200\" height=\"870\" \/><\/a><\/p>\n<p>Esperamos otru d\u00eda estable na rex\u00f3n. <strong>Vamos ver<\/strong> nubes altes insignificantes polo que&#8217;l cielu como muncho va poder tar atapec\u00edu. La probabilid\u00e1 de precipitaciones va ser nula. <strong>Los vientos<\/strong> van ser fluexos polo xeneral tantu na mari\u00f1a como nel interior. Lo m\u00e1s destacao del d\u00eda, am\u00e1s de la estabilid\u00e1, va ser l&#8217;ascensu de les temperatures.<strong> Les m\u00e1ximes<\/strong> nel cordal van caltenese, pero nel restu van xubir y van facer hasta 4 o 5 \u00baC m\u00e1s que les anotaes el llunes. Concretamente, va ser el sector central onde m\u00e1s s&#8217;esperimente dichu ascensu. <strong>Les m\u00ednimes<\/strong> van xubir en tol interior, incluyida&#8217;l cordal, y van caltenese ensin cambeos importantes (o en llixeru ascensu) na mari\u00f1a.<\/p>\n<p><!--more--><\/p>\n<p><strong>El mi\u00e9rcoles<\/strong> vamos amanecer con poques nubes escontra&#8217;l sur de la rex\u00f3n pero con nubosidad na met\u00e1 norte asturiana. Conforme meyora&#8217;l d\u00eda vamos reparar como les nubes van dir estendi\u00e9ndose por tol Princip\u00e1u d&#8217;Asturies. Ello ye que nun se refuga que puedan escapase delles precipitaciones a lo llargo de la tarde.<\/p>\n<p>Los vientos van tender a afitase de componente norte mientres la segunda parte del d\u00eda. Tocantes a les temperatures, por cuenta de esi fluxu de norte m\u00e1s la presencia de nubes, van baxar les m\u00e1ximes ente 6 y 8 \u00baC na mayor parte de la Comunid\u00e1 Aut\u00f3noma. Les m\u00ednimes, sicas\u00ed, van xubir.<\/p>\n","protected":false},"excerpt":{"rendered":"<p>Esperamos otru d\u00eda estable na rex\u00f3n. Vamos ver nubes altes insignificantes polo que&#8217;l cielu como muncho va poder tar atapec\u00edu. La probabilid\u00e1 de precipitaciones va ser nula. Los vientos van ser fluexos polo xeneral tantu na mari\u00f1a como nel interior. Lo m\u00e1s destacao del d\u00eda, am\u00e1s de la estabilid\u00e1, va ser l&#8217;ascensu de les temperatures. [&hellip;]<\/p>\n","protected":false},"author":117,"featured_media":0,"comment_status":"closed","ping_status":"open","sticky":false,"template":"","format":"standard","meta":{"footnotes":""},"categories":[5],"tags":[],"class_list":["post-59448","post","type-post","status-publish","format-standard","hentry","category-tiempu"],"_links":{"self":[{"href":"https:\/\/edublog.educastur.es\/ixuxu\/wp-json\/wp\/v2\/posts\/59448","targetHints":{"allow":["GET"]}}],"collection":[{"href":"https:\/\/edublog.educastur.es\/ixuxu\/wp-json\/wp\/v2\/posts"}],"about":[{"href":"https:\/\/edublog.educastur.es\/ixuxu\/wp-json\/wp\/v2\/types\/post"}],"author":[{"embeddable":true,"href":"https:\/\/edublog.educastur.es\/ixuxu\/wp-json\/wp\/v2\/users\/117"}],"replies":[{"embeddable":true,"href":"https:\/\/edublog.educastur.es\/ixuxu\/wp-json\/wp\/v2\/comments?post=59448"}],"version-history":[{"count":1,"href":"https:\/\/edublog.educastur.es\/ixuxu\/wp-json\/wp\/v2\/posts\/59448\/revisions"}],"predecessor-version":[{"id":59449,"href":"https:\/\/edublog.educastur.es\/ixuxu\/wp-json\/wp\/v2\/posts\/59448\/revisions\/59449"}],"wp:attachment":[{"href":"https:\/\/edublog.educastur.es\/ixuxu\/wp-json\/wp\/v2\/media?parent=59448"}],"wp:term":[{"taxonomy":"category","embeddable":true,"href":"https:\/\/edublog.educastur.es\/ixuxu\/wp-json\/wp\/v2\/categories?post=59448"},{"taxonomy":"post_tag","embeddable":true,"href":"https:\/\/edublog.educastur.es\/ixuxu\/wp-json\/wp\/v2\/tags?post=59448"}],"curies":[{"name":"wp","href":"https:\/\/api.w.org\/{rel}","templated":true}]}}