{"id":59461,"date":"2025-10-08T08:30:34","date_gmt":"2025-10-08T06:30:34","guid":{"rendered":"https:\/\/edublog.educastur.es\/ixuxu\/?p=59461"},"modified":"2025-10-08T10:21:50","modified_gmt":"2025-10-08T08:21:50","slug":"el-tiempu-el-comercio-158","status":"publish","type":"post","link":"https:\/\/edublog.educastur.es\/ixuxu\/2025\/10\/el-tiempu-el-comercio-158\/","title":{"rendered":"El tiempu (El Comercio)"},"content":{"rendered":"<p style=\"text-align: center\"><a href=\"https:\/\/s1.ppllstatics.com\/elcomercio\/www\/multimedia\/2025\/10\/07\/prevision-tiempo-asturias-kHQI-U2302588077118HVD-1200x870@El%20Comercio.jpg\"><img loading=\"lazy\" decoding=\"async\" class=\"aligncenter size-large\" src=\"https:\/\/s1.ppllstatics.com\/elcomercio\/www\/multimedia\/2025\/10\/07\/prevision-tiempo-asturias-kHQI-U2302588077118HVD-1200x870@El%20Comercio.jpg\" width=\"1200\" height=\"870\" \/><\/a><\/p>\n<p><strong>Vamos amanecer<\/strong> con nubes na mari\u00f1a y tami\u00e9n na zona central de la rex\u00f3n. Sicas\u00ed, nel restu preve poca nubosid\u00e1 o, s\u00eda que non, intervalos de nubes de tipu altu ensin importancia. Comoquier, conforme meyora<strong> la ma\u00f1ana<\/strong> la nubosid\u00e1 va dir estendi\u00e9ndose escontra&#8217;l sur para dar pasu a una tarde con cielos cubiertos en cualquier puntu del Princip\u00e1u. Nun se refuguen precipitaciones d\u00e9biles <strong>mientres la tarde<\/strong> de forma ocasional. Los vientos van ser fluexos predominando la componente norte. <strong>Les temperatures m\u00e1xime<\/strong>s van baxar ente 5 y 6 \u00baC na mayor parte de la Comunid\u00e1 Aut\u00f3noma. Na mari\u00f1a&#8217;l descensu va ser daqu\u00e9 m\u00e1s moder\u00e1u pero, garr\u00e9 tou, prevese que baxen unos 3 o 4 \u00baC respectu al martes. <strong>Les m\u00ednimes<\/strong> van xubir de forma xeneralizada hasta 4 \u00baC.<\/p>\n<p><!--more--><\/p>\n<p><strong>El xueves<\/strong> esperamos otru d\u00eda marc\u00e1u peles nubes. La probabilid\u00e1 de precipitaciones nun va ser alta pero nun se refuga que puedan escapase delles gotes mientres el d\u00eda. Les temperatures van baxar llixeramente nel interior y van caltenese na mari\u00f1a. Muncho meyor tiempu vamos tener a partir del vienres con unes temperatures que van tender a l&#8217;alza mientres la fin de selmana.<\/p>\n","protected":false},"excerpt":{"rendered":"<p>Vamos amanecer con nubes na mari\u00f1a y tami\u00e9n na zona central de la rex\u00f3n. Sicas\u00ed, nel restu preve poca nubosid\u00e1 o, s\u00eda que non, intervalos de nubes de tipu altu ensin importancia. Comoquier, conforme meyora la ma\u00f1ana la nubosid\u00e1 va dir estendi\u00e9ndose escontra&#8217;l sur para dar pasu a una tarde con cielos cubiertos en cualquier [&hellip;]<\/p>\n","protected":false},"author":117,"featured_media":0,"comment_status":"closed","ping_status":"open","sticky":false,"template":"","format":"standard","meta":{"footnotes":""},"categories":[5],"tags":[],"class_list":["post-59461","post","type-post","status-publish","format-standard","hentry","category-tiempu"],"_links":{"self":[{"href":"https:\/\/edublog.educastur.es\/ixuxu\/wp-json\/wp\/v2\/posts\/59461","targetHints":{"allow":["GET"]}}],"collection":[{"href":"https:\/\/edublog.educastur.es\/ixuxu\/wp-json\/wp\/v2\/posts"}],"about":[{"href":"https:\/\/edublog.educastur.es\/ixuxu\/wp-json\/wp\/v2\/types\/post"}],"author":[{"embeddable":true,"href":"https:\/\/edublog.educastur.es\/ixuxu\/wp-json\/wp\/v2\/users\/117"}],"replies":[{"embeddable":true,"href":"https:\/\/edublog.educastur.es\/ixuxu\/wp-json\/wp\/v2\/comments?post=59461"}],"version-history":[{"count":1,"href":"https:\/\/edublog.educastur.es\/ixuxu\/wp-json\/wp\/v2\/posts\/59461\/revisions"}],"predecessor-version":[{"id":59462,"href":"https:\/\/edublog.educastur.es\/ixuxu\/wp-json\/wp\/v2\/posts\/59461\/revisions\/59462"}],"wp:attachment":[{"href":"https:\/\/edublog.educastur.es\/ixuxu\/wp-json\/wp\/v2\/media?parent=59461"}],"wp:term":[{"taxonomy":"category","embeddable":true,"href":"https:\/\/edublog.educastur.es\/ixuxu\/wp-json\/wp\/v2\/categories?post=59461"},{"taxonomy":"post_tag","embeddable":true,"href":"https:\/\/edublog.educastur.es\/ixuxu\/wp-json\/wp\/v2\/tags?post=59461"}],"curies":[{"name":"wp","href":"https:\/\/api.w.org\/{rel}","templated":true}]}}