{"id":59463,"date":"2025-10-07T18:00:09","date_gmt":"2025-10-07T16:00:09","guid":{"rendered":"https:\/\/edublog.educastur.es\/ixuxu\/?p=59463"},"modified":"2025-10-09T13:39:42","modified_gmt":"2025-10-09T11:39:42","slug":"la-banda-de-gaites-de-xixon-na-esposicion-universal-dosaka","status":"publish","type":"post","link":"https:\/\/edublog.educastur.es\/ixuxu\/2025\/10\/la-banda-de-gaites-de-xixon-na-esposicion-universal-dosaka\/","title":{"rendered":"La Banda de gaites de Xix\u00f3n na Esposici\u00f3n Universal d&#8217;Osaka"},"content":{"rendered":"<div class=\"html-div xdj266r x14z9mp xat24cr x1lziwak xexx8yu x1a8lsjc xf7dkkf xv54qhq\">\n<div class=\"html-div xdj266r x14z9mp xat24cr x1lziwak xexx8yu xyri2b x18d9i69 x1c1uobl x1jx94hy x78zum5 x1q0g3np\">\n<div class=\"x78zum5 xdt5ytf xz62fqu x16ldp7u\">\n<div class=\"xu06os2 x1ok221b\">\n<div class=\"html-div xdj266r x14z9mp xat24cr x1lziwak xexx8yu xyri2b x18d9i69 x1c1uobl\" data-ad-rendering-role=\"profile_name\">\n<ul>\n<li class=\"html-h3 x14z9mp xat24cr x1lziwak xexx8yu xyri2b x18d9i69 x1c1uobl x1vvkbs x1heor9g x1qlqyl8 x1pd3egz x1a2a7pz x1gslohp x1yc453h\"><span class=\"x1lliihq x6ikm8r x10wlt62 x1n2onr6\"><span class=\"xt0psk2\"><a class=\"x1i10hfl xjbqb8w x1ejq31n x18oe1m7 x1sy0etr xstzfhl x972fbf x10w94by x1qhh985 x14e42zd x9f619 x1ypdohk xt0psk2 x3ct3a4 xdj266r x14z9mp xat24cr x1lziwak xexx8yu xyri2b x18d9i69 x1c1uobl x16tdsg8 x1hl2dhg xggy1nq x1a2a7pz xkrqix3 x1sur9pj xzsf02u x1s688f\" role=\"link\" href=\"https:\/\/www.facebook.com\/gobiernodeasturias?__cft__[0]=AZXEOai78ojtibQF7hLa1Whd8wpnVBCXayasvNaixG_tmKVbk9sb8hLxEJNDj0cInG32Eyq2DC9fsWU234bXqR9BlJY1UhX9eawy_JcWpeKueYJvtVNKYKApPiP3YAuh6_z0OXLEuQq0yxQgjlJuInEndrAYCw-kzQnK1w0FwBZ5j2ETQOHTG1Sd2niL9f3aRTEY92rcnpJrFLs5AYfwHyt8&amp;__tn__=-UC%2CP-y-R\"><b class=\"html-b xdj266r x14z9mp xat24cr x1lziwak xexx8yu xyri2b x18d9i69 x1c1uobl x1hl2dhg x16tdsg8 x1vvkbs x1s688f\"><span class=\"html-span xdj266r x14z9mp xat24cr x1lziwak xexx8yu xyri2b x18d9i69 x1c1uobl x1hl2dhg x16tdsg8 x1vvkbs\">Principado de Asturias<\/span><\/b><\/a><\/span> <\/span><span style=\"font-size: 16px\">\/ <a href=\"https:\/\/www.elcomercio.es\/gijon\/suena-asturias-patria-querida-japon-20251007200056-nt.html\">El Comercio<\/a> \/ <a href=\"https:\/\/actualidad.asturias.es\/-\/asturias-protagoniza-esta-semana-el-pabell%C3%B3n-de-espa%C3%B1a-en-la-exposici%C3%B3n-universal-de-osaka?redirect=%2F\"><strong>Actualid\u00e1<\/strong><\/a> \/<\/span><\/li>\n<li><a href=\"https:\/\/www.elcomercio.es\/gijon\/suena-asturias-patria-querida-japon-20251007200056-nt.html\"><strong>Asina suena&#8217;l &#8216;Asturies, patria quer\u00eda&#8217; en Xap\u00f3n.<\/strong><\/a><\/li>\n<li><a href=\"https:\/\/www.facebook.com\/bgvilladexixon\">https:\/\/www.facebook.com\/bgvilladexixon<\/a><\/li>\n<\/ul>\n<p style=\"text-align: center\"><a href=\"https:\/\/actualidad.asturias.es\/documents\/537115\/2851790\/2025_10_08+Viceconsejera+Turismo+Expo+Osaka+%282%29.jpg\/51f375f5-c705-8914-a991-5bd9f0c98b77?t=1759916795445\"><img loading=\"lazy\" decoding=\"async\" class=\"aligncenter size-large\" src=\"https:\/\/actualidad.asturias.es\/documents\/537115\/2851790\/2025_10_08+Viceconsejera+Turismo+Expo+Osaka+%282%29.jpg\/51f375f5-c705-8914-a991-5bd9f0c98b77?t=1759916795445\" width=\"6111\" height=\"3610\" \/><\/a><\/p>\n<p><span class=\"html-span xexx8yu xyri2b x18d9i69 x1c1uobl x1hl2dhg x16tdsg8 x1vvkbs x3nfvp2 x1j61x8r x1fcty0u xdj266r xat24cr xm2jcoa x1mpyi22 xxymvpz xlup9mm x1kky2od\"><img loading=\"lazy\" decoding=\"async\" class=\"xz74otr x15mokao x1ga7v0g x16uus16 xbiv7yw\" src=\"https:\/\/static.xx.fbcdn.net\/images\/emoji.php\/v9\/t51\/1\/16\/2714.png\" alt=\"\u2714\ufe0f\" width=\"16\" height=\"16\" \/><\/span>Asturies va ser la protagonista durante los pr\u00f3simos cinco d\u00edes del pabell\u00f3n d&#8217;Espa\u00f1a na Esposici\u00f3n Universal d&#8217;Osaka <span class=\"html-span xdj266r x14z9mp xat24cr x1lziwak xexx8yu xyri2b x18d9i69 x1c1uobl x1hl2dhg x16tdsg8 x1vvkbs\"><a class=\"x1i10hfl xjbqb8w x1ejq31n x18oe1m7 x1sy0etr xstzfhl x972fbf x10w94by x1qhh985 x14e42zd x9f619 x1ypdohk xt0psk2 x3ct3a4 xdj266r x14z9mp xat24cr x1lziwak xexx8yu xyri2b x18d9i69 x1c1uobl x16tdsg8 x1hl2dhg xggy1nq x1a2a7pz xkrqix3 x1sur9pj x1fey0fg x1s688f\" role=\"link\" href=\"https:\/\/www.facebook.com\/expo2025japan?__cft__[0]=AZXEOai78ojtibQF7hLa1Whd8wpnVBCXayasvNaixG_tmKVbk9sb8hLxEJNDj0cInG32Eyq2DC9fsWU234bXqR9BlJY1UhX9eawy_JcWpeKueYJvtVNKYKApPiP3YAuh6_z0OXLEuQq0yxQgjlJuInEndrAYCw-kzQnK1w0FwBZ5j2ETQOHTG1Sd2niL9f3aRTEY92rcnpJrFLs5AYfwHyt8&amp;__tn__=-]K-y-R\"><span class=\"xt0psk2\"><span class=\"xjp7ctv\">Expo2025 \u5927\u962a\u30fb\u95a2\u897f\u4e07\u535a<\/span><\/span><\/a><\/span>, inaugurada g\u00fcei, con un puntu d&#8217;informaci\u00f3n tur\u00edstica y un photocall.\u00a0<span class=\"html-span xexx8yu xyri2b x18d9i69 x1c1uobl x1hl2dhg x16tdsg8 x1vvkbs x3nfvp2 x1j61x8r x1fcty0u xdj266r xat24cr xm2jcoa x1mpyi22 xxymvpz xlup9mm x1kky2od\"><img loading=\"lazy\" decoding=\"async\" class=\"xz74otr x15mokao x1ga7v0g x16uus16 xbiv7yw\" src=\"https:\/\/static.xx.fbcdn.net\/images\/emoji.php\/v9\/t51\/1\/16\/2714.png\" alt=\"\u2714\ufe0f\" width=\"16\" height=\"16\" \/><\/span>Como elementu central de la xornada, la <span class=\"html-span xdj266r x14z9mp xat24cr x1lziwak xexx8yu xyri2b x18d9i69 x1c1uobl x1hl2dhg x16tdsg8 x1vvkbs\"><a class=\"x1i10hfl xjbqb8w x1ejq31n x18oe1m7 x1sy0etr xstzfhl x972fbf x10w94by x1qhh985 x14e42zd x9f619 x1ypdohk xt0psk2 x3ct3a4 xdj266r x14z9mp xat24cr x1lziwak xexx8yu xyri2b x18d9i69 x1c1uobl x16tdsg8 x1hl2dhg xggy1nq x1a2a7pz xkrqix3 x1sur9pj x1fey0fg x1s688f\" role=\"link\" href=\"https:\/\/www.facebook.com\/bgvilladexixon?__cft__[0]=AZXEOai78ojtibQF7hLa1Whd8wpnVBCXayasvNaixG_tmKVbk9sb8hLxEJNDj0cInG32Eyq2DC9fsWU234bXqR9BlJY1UhX9eawy_JcWpeKueYJvtVNKYKApPiP3YAuh6_z0OXLEuQq0yxQgjlJuInEndrAYCw-kzQnK1w0FwBZ5j2ETQOHTG1Sd2niL9f3aRTEY92rcnpJrFLs5AYfwHyt8&amp;__tn__=-]K-y-R\"><span class=\"xt0psk2\"><span class=\"xjp7ctv\">Banda de Gaitas Villa de Xix\u00f3n<\/span><\/span><\/a><\/span> desfil\u00f3 y present\u00f3 un espect\u00e1culo cultural de fusi\u00f3n de jazz y folclore asturianu con la Little Band Jazz de <span class=\"html-span xdj266r x14z9mp xat24cr x1lziwak xexx8yu xyri2b x18d9i69 x1c1uobl x1hl2dhg x16tdsg8 x1vvkbs\"><a class=\"x1i10hfl xjbqb8w x1ejq31n x18oe1m7 x1sy0etr xstzfhl x972fbf x10w94by x1qhh985 x14e42zd x9f619 x1ypdohk xt0psk2 x3ct3a4 xdj266r x14z9mp xat24cr x1lziwak xexx8yu xyri2b x18d9i69 x1c1uobl x16tdsg8 x1hl2dhg xggy1nq x1a2a7pz xkrqix3 x1sur9pj x1fey0fg x1s688f\" role=\"link\" href=\"https:\/\/www.facebook.com\/hashtag\/osaka?__cft__[0]=AZXEOai78ojtibQF7hLa1Whd8wpnVBCXayasvNaixG_tmKVbk9sb8hLxEJNDj0cInG32Eyq2DC9fsWU234bXqR9BlJY1UhX9eawy_JcWpeKueYJvtVNKYKApPiP3YAuh6_z0OXLEuQq0yxQgjlJuInEndrAYCw-kzQnK1w0FwBZ5j2ETQOHTG1Sd2niL9f3aRTEY92rcnpJrFLs5AYfwHyt8&amp;__tn__=*NK-y-R\">#Osaka<\/a><\/span>.<\/p>\n<p><!--more--><\/p>\n<p style=\"text-align: center\"><a href=\"https:\/\/pbs.twimg.com\/media\/G2qUbZDWEAACsx0?format=jpg&amp;name=large\"><img loading=\"lazy\" decoding=\"async\" class=\"aligncenter size-large\" src=\"https:\/\/pbs.twimg.com\/media\/G2qUbZDWEAACsx0?format=jpg&amp;name=large\" width=\"1600\" height=\"1200\" \/><\/a><\/p>\n<\/div>\n<\/div>\n<\/div>\n<\/div>\n<\/div>\n<div class=\"html-div xdj266r x14z9mp xat24cr x1lziwak xexx8yu xyri2b x18d9i69 x1c1uobl\" dir=\"auto\">\n<div class=\"html-div xdj266r x14z9mp xat24cr x1lziwak xexx8yu xyri2b x18d9i69 x1c1uobl\" dir=\"auto\">\n<div class=\"html-div xdj266r x14z9mp xat24cr x1lziwak xexx8yu xyri2b x18d9i69 x1c1uobl\" data-ad-rendering-role=\"story_message\">\n<div class=\"x1l90r2v x1iorvi4 x1g0dm76 xpdmqnj\" data-ad-comet-preview=\"message\" data-ad-preview=\"message\">\n<div class=\"x78zum5 xdt5ytf xz62fqu x16ldp7u\">\n<div class=\"xu06os2 x1ok221b\">\n<div class=\"html-div xdj266r x14z9mp xat24cr x1lziwak xexx8yu xyri2b x18d9i69 x1c1uobl\">\n<div class=\"xdj266r x14z9mp xat24cr x1lziwak x1vvkbs x126k92a\">\n<div dir=\"auto\"><\/div>\n<div dir=\"auto\"><\/div>\n<div dir=\"auto\" style=\"text-align: center\"><a href=\"https:\/\/pbs.twimg.com\/media\/G2qUew6XgAApmJh?format=jpg&amp;name=large\"><img loading=\"lazy\" decoding=\"async\" class=\"aligncenter size-large\" src=\"https:\/\/pbs.twimg.com\/media\/G2qUew6XgAApmJh?format=jpg&amp;name=large\" width=\"1600\" height=\"1200\" \/><\/a><\/div>\n<div dir=\"auto\"><\/div>\n<div dir=\"auto\" style=\"text-align: center\">\n<!-- iframe plugin v.6.0 wordpress.org\/plugins\/iframe\/ -->\n<iframe loading=\"lazy\" src=\"https:\/\/www.facebook.com\/plugins\/post.php?href=https%3A%2F%2Fwww.facebook.com%2Fphoto.php%3Ffbid%3D1111464077824224%26set%3Da.229758265994814%26type%3D3&#038;show_text=false&#038;width=500\" width=\"500\" height=\"761\" style=\"border:none;overflow:hidden\" scrolling=\"no\" frameborder=\"0\" allowfullscreen=\"true\" allow=\"autoplay; clipboard-write; encrypted-media; picture-in-picture; web-share\" 0=\"\/iframe\" class=\"iframe-class\"><\/iframe>\n<\/div>\n<div dir=\"auto\">Los xaponeses aplauden a la banda de gaites Villa de Xix\u00f3n mientres la so actuaci\u00f3n na Expo Universal d&#8217;Osaka 2025.<\/div>\n<div dir=\"auto\"><\/div>\n<div dir=\"auto\">\n<p>Inconfundible para cualquier asturianu. La banda de gaites Villa de Xix\u00f3n empezaba a tocar esti martes el &#8216;Asturies, patria quer\u00eda&#8217; anque nun escenariu y un pa\u00eds bien distintu al que t\u00e1n avezaos. L&#8217;himnu de la comunid\u00e1 aut\u00f3noma retumb\u00f3 na Expo Universal Osaka 2025, en Xap\u00f3n, \u00e9nte la sollerte mirada del publico nip\u00f3n.<\/p>\n<p style=\"text-align: center\">\n<!-- iframe plugin v.6.0 wordpress.org\/plugins\/iframe\/ -->\n<iframe loading=\"lazy\" src=\"https:\/\/www.facebook.com\/plugins\/video.php?height=316&#038;href=https%3A%2F%2Fwww.facebook.com%2Freel%2F789620203962862%2F&#038;show_text=false&#038;width=560&#038;t=0\" width=\"560\" height=\"316\" style=\"border:none;overflow:hidden\" scrolling=\"no\" frameborder=\"0\" allowfullscreen=\"true\" allow=\"autoplay; clipboard-write; encrypted-media; picture-in-picture; web-share\" 0=\"\/iframe\" class=\"iframe-class\"><\/iframe>\n<\/p>\n<p>L&#8217;eventu, que cunta con un pabell\u00f3n d&#8217;Espa\u00f1a, c\u00e9ntrase esta selmana n&#8217;Asturies y poro, <strong>el Princip\u00e1u quixo amosar la so cultura y tradici\u00f3n xuntu cola banda de gaites.<\/strong> Lo que foi tou un aciertu. \u00abEnc\u00e1nta-yos l&#8217;himnu d&#8217;Asturies, &#8216;Chalaneru&#8217;&#8230;\u00bb, afirma&#8217;l presidente de la banda, Jos\u00e9 Luis Garc\u00eda. \u00abAv\u00e9rase muncho p\u00fablicu cuando tocamos la bandina y sac\u00e1moslos a baillar una danza prima. Hai una bien bona reacci\u00f3n\u00bb, apunta.<\/p>\n<p>Mientres el d\u00eda de g\u00fcei realizaron una fusi\u00f3n ente la m\u00fasica tradicional asturiana y el jazz nip\u00f3n. \u00abLa fusi\u00f3n cultural ta funcionando perbi\u00e9n\u00bb, se\u00f1ala.<\/p>\n<p>Ma\u00f1ana, 8 d&#8217;ochobre, va celebrase&#8217;l<strong> D\u00eda d&#8217;Honor d&#8217;Asturie<\/strong>s cola presencia del embaxador d&#8217;Espa\u00f1a en Xap\u00f3n, \u00cd\u00f1igo de Palaciu; el comisariado del pabell\u00f3n, Jos\u00e9 Andr\u00e9s Torres Mora, y profesionales niponos.<\/p>\n<p style=\"text-align: center\">\n<!-- iframe plugin v.6.0 wordpress.org\/plugins\/iframe\/ -->\n<iframe loading=\"lazy\" src=\"https:\/\/www.facebook.com\/plugins\/post.php?href=https%3A%2F%2Fwww.facebook.com%2Fphoto.php%3Ffbid%3D1107327188239113%26set%3Da.228420436129797%26type%3D3&#038;show_text=false&#038;width=500\" width=\"500\" height=\"792\" style=\"border:none;overflow:hidden\" scrolling=\"no\" frameborder=\"0\" allowfullscreen=\"true\" allow=\"autoplay; clipboard-write; encrypted-media; picture-in-picture; web-share\" 0=\"\/iframe\" class=\"iframe-class\"><\/iframe>\n<\/p>\n<p style=\"text-align: center\"><a href=\"https:\/\/actualidad.asturias.es\/documents\/537115\/2851870\/2025_10_08+Viceconsejera+Turismo+Expo+Osaka+%281%29.jpg\/5e1fff44-7038-1652-91d0-c5faab4cb709?t=1759917534560\"><img loading=\"lazy\" decoding=\"async\" class=\"aligncenter size-large\" src=\"https:\/\/actualidad.asturias.es\/documents\/537115\/2851870\/2025_10_08+Viceconsejera+Turismo+Expo+Osaka+%281%29.jpg\/5e1fff44-7038-1652-91d0-c5faab4cb709?t=1759917534560\" width=\"4860\" height=\"3054\" \/><\/a><\/p>\n<\/div>\n<div dir=\"auto\" style=\"text-align: center\"><a href=\"https:\/\/actualidad.asturias.es\/documents\/537115\/2851790\/2025_10_08+Viceconsejera+Turismo+Expo+Osaka+%281%29.jpg\/35bbcd1d-c2b9-f3bc-c761-bebecc953234?t=1759916795354\"><img loading=\"lazy\" decoding=\"async\" class=\"aligncenter size-large\" src=\"https:\/\/actualidad.asturias.es\/documents\/537115\/2851790\/2025_10_08+Viceconsejera+Turismo+Expo+Osaka+%281%29.jpg\/35bbcd1d-c2b9-f3bc-c761-bebecc953234?t=1759916795354\" width=\"6192\" height=\"3296\" \/><\/a><\/div>\n<\/div>\n<\/div>\n<\/div>\n<\/div>\n<\/div>\n<\/div>\n<\/div>\n<\/div>\n<p style=\"text-align: center\">\n<!-- iframe plugin v.6.0 wordpress.org\/plugins\/iframe\/ -->\n<iframe loading=\"lazy\" src=\"https:\/\/www.facebook.com\/plugins\/video.php?height=323&#038;href=https%3A%2F%2Fwww.facebook.com%2Freel%2F1296841611681664%2F&#038;show_text=false&#038;width=560&#038;t=0\" width=\"560\" height=\"323\" style=\"border:none;overflow:hidden\" scrolling=\"no\" frameborder=\"0\" allowfullscreen=\"true\" allow=\"autoplay; clipboard-write; encrypted-media; picture-in-picture; web-share\" 0=\"\/iframe\" class=\"iframe-class\"><\/iframe>\n<\/p>\n","protected":false},"excerpt":{"rendered":"<p>Principado de Asturias \/ El Comercio \/ Actualid\u00e1 \/ Asina suena&#8217;l &#8216;Asturies, patria quer\u00eda&#8217; en Xap\u00f3n. https:\/\/www.facebook.com\/bgvilladexixon Asturies va ser la protagonista durante los pr\u00f3simos cinco d\u00edes del pabell\u00f3n d&#8217;Espa\u00f1a na Esposici\u00f3n Universal d&#8217;Osaka Expo2025 \u5927\u962a\u30fb\u95a2\u897f\u4e07\u535a, inaugurada g\u00fcei, con un puntu d&#8217;informaci\u00f3n tur\u00edstica y un photocall.\u00a0Como elementu central de la xornada, la Banda de Gaitas [&hellip;]<\/p>\n","protected":false},"author":117,"featured_media":0,"comment_status":"closed","ping_status":"open","sticky":false,"template":"","format":"standard","meta":{"footnotes":""},"categories":[425],"tags":[],"class_list":["post-59463","post","type-post","status-publish","format-standard","hentry","category-gaita"],"_links":{"self":[{"href":"https:\/\/edublog.educastur.es\/ixuxu\/wp-json\/wp\/v2\/posts\/59463","targetHints":{"allow":["GET"]}}],"collection":[{"href":"https:\/\/edublog.educastur.es\/ixuxu\/wp-json\/wp\/v2\/posts"}],"about":[{"href":"https:\/\/edublog.educastur.es\/ixuxu\/wp-json\/wp\/v2\/types\/post"}],"author":[{"embeddable":true,"href":"https:\/\/edublog.educastur.es\/ixuxu\/wp-json\/wp\/v2\/users\/117"}],"replies":[{"embeddable":true,"href":"https:\/\/edublog.educastur.es\/ixuxu\/wp-json\/wp\/v2\/comments?post=59463"}],"version-history":[{"count":12,"href":"https:\/\/edublog.educastur.es\/ixuxu\/wp-json\/wp\/v2\/posts\/59463\/revisions"}],"predecessor-version":[{"id":59584,"href":"https:\/\/edublog.educastur.es\/ixuxu\/wp-json\/wp\/v2\/posts\/59463\/revisions\/59584"}],"wp:attachment":[{"href":"https:\/\/edublog.educastur.es\/ixuxu\/wp-json\/wp\/v2\/media?parent=59463"}],"wp:term":[{"taxonomy":"category","embeddable":true,"href":"https:\/\/edublog.educastur.es\/ixuxu\/wp-json\/wp\/v2\/categories?post=59463"},{"taxonomy":"post_tag","embeddable":true,"href":"https:\/\/edublog.educastur.es\/ixuxu\/wp-json\/wp\/v2\/tags?post=59463"}],"curies":[{"name":"wp","href":"https:\/\/api.w.org\/{rel}","templated":true}]}}