{"id":59484,"date":"2025-10-08T12:32:28","date_gmt":"2025-10-08T10:32:28","guid":{"rendered":"https:\/\/edublog.educastur.es\/ixuxu\/?p=59484"},"modified":"2025-10-08T12:32:50","modified_gmt":"2025-10-08T10:32:50","slug":"estos-son-los-25-meyores-discos-de-los-ultimos-25-anos","status":"publish","type":"post","link":"https:\/\/edublog.educastur.es\/ixuxu\/2025\/10\/estos-son-los-25-meyores-discos-de-los-ultimos-25-anos\/","title":{"rendered":"Estos son los 25 meyores discos de los \u00faltimos 25 a\u00f1os"},"content":{"rendered":"<div class=\"elementor-element elementor-element-667e3c7 elementor-widget__width-inherit elementor-widget elementor-widget-theme-post-title elementor-page-title elementor-widget-heading\" data-id=\"667e3c7\" data-element_type=\"widget\" data-widget_type=\"theme-post-title.default\">\n<div class=\"elementor-widget-container\">\n<p class=\"elementor-heading-title elementor-size-default\"><span style=\"font-size: 16px\">Una trentena de persones estremaes venceyaes a la cultura asturiana escoyeron los meyores trabayos discogr\u00e1ficos publicaos ente&#8217;l 2000 y 2024. <a href=\"https:\/\/musicasturiana.com\/25-discos-pa-25-anos\/\">Musicasturiana.com\u00a0<\/a><\/span><\/p>\n<p style=\"text-align: center\"><a href=\"https:\/\/musicasturiana.com\/wp-content\/uploads\/2025\/10\/25-discos-25-anos.jpg\"><img loading=\"lazy\" decoding=\"async\" class=\"aligncenter size-large\" src=\"https:\/\/musicasturiana.com\/wp-content\/uploads\/2025\/10\/25-discos-25-anos.jpg\" width=\"1200\" height=\"600\" \/><\/a><\/p>\n<\/div>\n<\/div>\n<p><!--more--><\/p>\n<p>Dende l\u2019a\u00f1u\u00a0<strong>2000\u00a0<\/strong>hasta angua\u00f1o la m\u00fasica contempor\u00e1nea d\u2019espresi\u00f3n asturiana entr\u00f3 na so<strong>\u00a0mayor fase d\u2019evoluci\u00f3n y madurez<\/strong>. Nesti<strong>\u00a0cuartu de sieglu\u00a0<\/strong>surdieron munches propuestes art\u00edstiques d\u2019una montonera d\u2019estilos estremaos que foron responsables d\u2019<strong>arriquecer fondamente la calid\u00e1, la varied\u00e1 y el volume de les referencies discogr\u00e1fiques<\/strong>\u00a0que pueden enmarcase dientro de la m\u00fasica del pa\u00eds. D\u2019esta manera, puede dicise que los caberos venticinco a\u00f1os foron una\u00a0<strong>segunda ed\u00e1 d\u2019oru pa la m\u00fasica asturiana<\/strong>. Too ello pesie a qu\u2019esta escena tuvo qu\u2019enfrentar la\u00a0<strong>crisis que sufri\u00f3 la industria discogr\u00e1fica p<\/strong>or mor de la llamada \u00abpirater\u00eda\u00bb \u2014y la so posterior reconversi\u00f3n hacia\u2019l formatu dixital\u2014;<strong>\u00a0dos crisis mundiales<\/strong>\u00a0\u2014la financiera del 2008 y la del Covid-19, nes que la cultura volvi\u00f3 a ser una de les grandes damnificaes\u2014; y unes<strong>\u00a0t\u00edmides pol\u00edtiques culturales\u00a0<\/strong>asturianes que nun apostaron polos son\u00edos aut\u00f3ctonos col mesmu puxu qu\u2019otros territorios vecinos.<\/p>\n<p>Coincidiendo col\u00a0<a href=\"https:\/\/musicasturiana.com\/portfolio\/anuariu-2024\/\" target=\"_blank\" rel=\"noreferrer noopener\">XXV Aniversariu del\u00a0<em>Anuariu de la M\u00fasica Asturiana<\/em><\/a>, la redacci\u00f3n d\u2019esta publicaci\u00f3n paeci\u00f3nos escoyer los\u00a0<strong>25 meyores discos publicaos ente l\u2019a\u00f1u 2000 y el 2024<\/strong>. Pa ello fixo una<strong>\u00a0encuesta a trenta persones<\/strong>\u00a0\u2014quince muyeres y quince homes\u2014 venceyaes a la cultura asturiana, con<strong>\u00a0gustos musicales estremaos y con unes edaes comprend\u00edes ente los ventid\u00f3s y los setenta a\u00f1os<\/strong>. El result\u00e1u ye un llist\u00e1u qu\u2019abarca son\u00edos como\u2019l\u00a0<strong>folk, asturianada, electr\u00f3nica, rock, indie, canci\u00f3n d\u2019auto<\/strong>r\u2026 una amuesa de la pluralid\u00e1 d\u2019estilos colos que trabayaron los artistes del pa\u00eds nesti cuartu de sieglu y que MUSICASTURIANA.COM recuperamos pa esti mes dientro de la estaya de\u00a0<em>Discu del Mes.<\/em><\/p>\n<div class=\"wp-block-group is-layout-constrained wp-block-group-is-layout-constrained\">\n<div class=\"wp-block-group is-layout-constrained wp-block-group-is-layout-constrained\">\n<div class=\"wp-block-spacer\" aria-hidden=\"true\"><\/div>\n<h2 class=\"wp-block-heading\"><mark class=\"has-inline-color\">1. N\u2019ARBA \u2013\u00a0<em>Inda ya ceu<\/em>\u00a0(2001, Discos L\u2019Agua\u00f1az)<\/mark><\/h2>\n<p>N\u2019Arba ye un grupu de cultu dientro del folk asturianu. Nacieron en 1997 en Cuideiru y, anque angua\u00f1o nun t\u00e1n oficialmente disueltos, son mui pocos los conciertos que dan.\u00a0<em>Inda ya ceu\u00a0<\/em>ye l\u2019\u00fanicu trabayu que publicaron, pero con \u00e9l foron quien a facer que dellos de los sos cantares seyan g\u00fcei aut\u00e9nticos himnos. Los temes nacen de pieces populares que\u2019l vocalista de la banda, l\u2019etn\u00f3grafu Xos\u00e9 Ant\u00f3n \u00abAmb\u00e1s\u00bb, recoy\u00f3 per tola xeograf\u00eda asturiana, pero que t\u00e1n reellaboraos incluyendo instrumentos como\u2019l baxu, guitarres y bater\u00eda; dando asina una sonorid\u00e1 en\u00e9rxica y el\u00e9ctrica al so son\u00edu.<\/p>\n<figure class=\"wp-block-embed is-type-rich is-provider-spotify wp-block-embed-spotify\">\n<div class=\"wp-block-embed__wrapper\"><\/div>\n<\/figure>\n<div class=\"wp-block-spacer\" aria-hidden=\"true\"><\/div>\n<\/div>\n<div class=\"wp-block-group is-layout-constrained wp-block-group-is-layout-constrained\">\n<h2 class=\"wp-block-heading\"><mark class=\"has-inline-color\">2. FELPEYU \u2013\u00a0<em>Y\u00e1!<\/em>\u00a0(2003, Tierra Discos)<\/mark><\/h2>\n<p>Felpeyu ye una de les bandes referenciales del folk asturianu y\u00a0<em>Y\u00e1!<\/em>\u00a0ye\u2019l so \u00e1lbum m\u00e1s reconoc\u00edu. N\u00e9l, hai temes d\u2019autor\u00eda propia como \u00abLos fayeos de mayo\u00bb \u2014que y\u00e1 fuera seleccion\u00e1u como meyor cantar de la historia de la m\u00fasica asturiana nel especial que RPA fizo pola\u00a0<em>XXXIX Selmana de les Lletres Asturianes\u2014<\/em>, am\u00e1s de pieces tradicionales axeitaes al estilu del folk atl\u00e1nticu que fai la formaci\u00f3n. La so publicaci\u00f3n supunxo l\u2019estrenu de la discogr\u00e1fica Tierra Discos \u2014que fundaron los mesmos componentes de la banda\u2014 y foi l\u2019\u00faltimu trabayu que grabaron Igor Medio y Carlos Redondo enantes de la so muerte prematura.<\/p>\n<figure class=\"wp-block-embed is-type-rich is-provider-spotify wp-block-embed-spotify\">\n<div class=\"wp-block-embed__wrapper\"><\/div>\n<\/figure>\n<div class=\"wp-block-spacer\" aria-hidden=\"true\"><\/div>\n<\/div>\n<\/div>\n<div class=\"wp-block-group is-layout-constrained wp-block-group-is-layout-constrained\">\n<div class=\"wp-block-group is-layout-constrained wp-block-group-is-layout-constrained\">\n<h2 class=\"wp-block-heading\"><mark class=\"has-inline-color\">3. ALGAIRE \u2013\u00a0<em>Coral y Maera<\/em>\u00a0(2022, Autoedici\u00f3n)<\/mark><\/h2>\n<p>Algaire ye una de las formaciones m\u00e1s nueves de la m\u00fasica asturiana; tanto pola so fundaci\u00f3n \u2014nacieron nel 2019\u2014 como pola ed\u00e1 de les sos componentes \u2014que nun pasen los 35 a\u00f1os\u2014. Les pandereteres y cantantes Loreto Su\u00e1rez, Iratxe Espina, Carla Miranda y el guitarrista Juan Yag\u00fce sorprendieron col so primer trabayu discogr\u00e1ficu \u2014y \u00fanicu hasta la fecha\u2014 nel qu\u2019entemecieron cantares tradicionales y de composici\u00f3n propia con sonoridaes como\u2019l rock, la electr\u00f3nica o los ritmos llatinos. Too ello con delles collaboraciones mui destacaes. El discu llev\u00f3 importantes reconocimientos y ta acompa\u00f1\u00e1ndolu una estensa xira.<\/p>\n<figure class=\"wp-block-embed is-type-rich is-provider-spotify wp-block-embed-spotify\">\n<div class=\"wp-block-embed__wrapper\"><\/div>\n<\/figure>\n<\/div>\n<div class=\"wp-block-spacer\" aria-hidden=\"true\"><\/div>\n<\/div>\n<div class=\"wp-block-group is-layout-constrained wp-block-group-is-layout-constrained\">\n<div class=\"wp-block-group is-layout-constrained wp-block-group-is-layout-constrained\">\n<h2 class=\"wp-block-heading\"><mark class=\"has-inline-color\">4. TUENDA \u2013\u00a0<em>Tuenda<\/em>\u00a0(2005, Tierra Discos)<\/mark><\/h2>\n<p>En 2003 Xos\u00e9 Ant\u00f3n \u00abAmb\u00e1s\u00bb, Pep\u00edn de Mu\u00f1al\u00e9n y el fin\u00e1u El\u00edas Garc\u00eda crearon una de les formaciones de m\u00fasica tradicional m\u00e1s reputaes d\u2019Asturies. Nacieron col enfotu de rescatar el repertoriu de la tradici\u00f3n oral asturiana, arregl\u00e1ndolu nam\u00e1s con voz, buzuqui y flauta, y grab\u00e1ndolu pa qu\u2019asina se caltenga nel tiempu. Con esti oxetivu de reconocimientu de la m\u00fasica popular, publicaron ente 2005 y 2011 tres discos que son referenciales dientro del folk de c\u00e1mara. El primer d\u2019ellos, l\u2019hom\u00f3nimu\u00a0<em>Tuenda<\/em>,<em>\u00a0<\/em>ye\u2019l m\u00e1s aclam\u00e1u por cr\u00edtica y p\u00fablicu.<\/p>\n<figure class=\"wp-block-embed is-type-rich is-provider-spotify wp-block-embed-spotify\">\n<div class=\"wp-block-embed__wrapper\"><\/div>\n<\/figure>\n<div class=\"wp-block-spacer\" aria-hidden=\"true\"><\/div>\n<\/div>\n<div class=\"wp-block-group is-layout-constrained wp-block-group-is-layout-constrained\">\n<h2 class=\"wp-block-heading\"><mark class=\"has-inline-color\">5. L-R \u2013\u00a0<em>Post-folk asturianu<\/em>\u00a0(2018, Rub\u00e9n Bada Discos)<\/mark><\/h2>\n<p>Dos a\u00f1os depu\u00e9s de qu\u2019entamaren a esperimentar na cocina de la so casa cola pandereta, la voz y la guitarra, Leticia Baselgas y Rub\u00e9n Bada asoleyaron un discu que revolucion\u00f3 la m\u00fasica del pa\u00eds:\u00a0<em>Post-folk asturianu<\/em>. Con \u00e9l nac\u00eda tami\u00e9n el post-folk, x\u00e9neru que ruempe con tolos dogmes de la tradici\u00f3n al amestar la m\u00fasica tradicional con son\u00edos como\u2019l rock, el blues o\u2019l jazz. La propuesta convirti\u00f3 a esti d\u00fau n\u00fan de los m\u00e1s reputaos y vers\u00e1tiles de la escena, algamando actuar tanto nos eventos m\u00e1s\u00a0<em>tradis\u00a0<\/em>como nos festivales m\u00e1s\u00a0<em>indie<\/em>.<\/p>\n<figure class=\"wp-block-embed is-type-rich is-provider-spotify wp-block-embed-spotify\">\n<div class=\"wp-block-embed__wrapper\"><\/div>\n<\/figure>\n<div class=\"wp-block-spacer\" aria-hidden=\"true\"><\/div>\n<\/div>\n<\/div>\n<div class=\"wp-block-group is-layout-constrained wp-block-group-is-layout-constrained\">\n<div class=\"wp-block-group is-layout-constrained wp-block-group-is-layout-constrained\">\n<h2 class=\"wp-block-heading\"><mark class=\"has-inline-color\">6. LUCAS 15 \u2013\u00a0<em>Lucas 15<\/em>\u00a0(2008, Lloria Discos)<\/mark><\/h2>\n<p>Angua\u00f1o son munches les formaciones de la llamada \u00abm\u00fasica independiente\u00bb o \u00abalternativa\u00bb de tola pen\u00ednsula ib\u00e9rica que recurren a los son\u00edos de raiga\u00f1u de los sos territorios d\u2019orixe pa crear nuevos temes. Sicas\u00ed, nel 2008 la situaci\u00f3n yera bien distinta y Lucas 15 foron unos pioneros. El d\u00fau encabez\u00e1u por Xel Pereda y Nacho Vegas anticip\u00f3se per m\u00e1s d\u2019una d\u00e9cada a esta fola axuntando rock y pop alternativu con temes del repertoriu de la m\u00fasica popular asturiana. El trabayu foi tou un \u00e9xitu que convirti\u00f3 a Lucas 15 nun grupu de cultu y inda g\u00fcei hai muncha xente naguando por una segunda referencia discogr\u00e1fica del proyectu.<\/p>\n<figure class=\"wp-block-embed is-type-rich is-provider-spotify wp-block-embed-spotify\">\n<div class=\"wp-block-embed__wrapper\"><\/div>\n<\/figure>\n<div class=\"wp-block-spacer\" aria-hidden=\"true\"><\/div>\n<\/div>\n<\/div>\n<div class=\"wp-block-group is-layout-constrained wp-block-group-is-layout-constrained\">\n<div class=\"wp-block-group is-layout-constrained wp-block-group-is-layout-constrained\">\n<h2 class=\"wp-block-heading\"><mark class=\"has-inline-color\">7. LLAN DE CUBEL \u2013\u00a0<em>La lluz encesa<\/em>\u00a0(2019, Autoedici\u00f3n)<\/mark><\/h2>\n<p>Venti a\u00f1os depu\u00e9s de la publicaci\u00f3n del so anterior trabayu, Llan de Cubel volvieron a l\u2019actualid\u00e1 discogr\u00e1fica cola edici\u00f3n del so esper\u00e1u sestu discu. Esta formaci\u00f3n creada en 1984 ye una de les m\u00e1s reputaes y influyentes del folk asturianu y con\u00a0<em>La lluz encesa<\/em>\u00a0amosaron perbi\u00e9n que dos d\u00e9cades d\u2019espera pagaron la pena. Catorce temes d\u2019una finura y un gustu esquisitu dan forma a un discu que reflexa\u2019l bon est\u00e1u de sal\u00fa del que tami\u00e9n ye\u2019l grupu folk m\u00e1s llonxevu d\u2019Asturies.<\/p>\n<figure class=\"wp-block-embed is-type-rich is-provider-spotify wp-block-embed-spotify\">\n<div class=\"wp-block-embed__wrapper\"><\/div>\n<\/figure>\n<\/div>\n<div class=\"wp-block-spacer\" aria-hidden=\"true\"><\/div>\n<\/div>\n<div class=\"wp-block-group is-layout-constrained wp-block-group-is-layout-constrained\">\n<div class=\"wp-block-group is-layout-constrained wp-block-group-is-layout-constrained\">\n<h2 class=\"wp-block-heading\"><mark class=\"has-inline-color\">8. CORQUI\u00c9U \u2013\u00a0<em>Salia<\/em>\u00a0(2005, Tierra Discos)<\/mark><\/h2>\n<p>Corqui\u00e9u ye una de les bandes m\u00e1s destacaes del folk asturianu. Formaos en 1997 en Ribeseya, les sos canciones son reellaboraciones de pieces tradicionales y composiciones propies onde s\u2019alcuentren son\u00edos de calter celta, pop y ac\u00fasticu. El so segundu trabayu,\u00a0<em>Salia<\/em>, incl\u00fai dalguna de les pieces m\u00e1s ic\u00f3niques de la formaci\u00f3n como \u00abViquina\u00bb o \u00abRibeseyana\u00bb; mesmamente, esti \u00faltimu cantar foi version\u00e1u hasta en Xap\u00f3n.<\/p>\n<figure class=\"wp-block-embed is-type-rich is-provider-spotify wp-block-embed-spotify\">\n<div class=\"wp-block-embed__wrapper\"><\/div>\n<\/figure>\n<\/div>\n<div class=\"wp-block-spacer\" aria-hidden=\"true\"><\/div>\n<\/div>\n<div class=\"wp-block-group is-layout-constrained wp-block-group-is-layout-constrained\">\n<div class=\"wp-block-group is-layout-constrained wp-block-group-is-layout-constrained\">\n<h2 class=\"wp-block-heading\"><mark class=\"has-inline-color\">9. SERGIO RODR\u00cdGUEZ \u2013\u00a0<em>Tutu Studiu 07<\/em>\u00a0(2007, Discos L\u2019Agua\u00f1az)<\/mark><\/h2>\n<p>Sergio Rodr\u00edguez ye inxenieru de son\u00edu y responsable de Tutu Estudios, estudiu de grabaci\u00f3n pel que pasaron la mayor parte de los grupos del folk asturianu.\u00a0<em>Tutu Studiu 07<\/em>\u00a0foi\u2019l so \u00fanicu trabayu en solitario nel qu\u2019esperiment\u00f3 cola m\u00fasica electr\u00f3nica, col rock, col folk y cola asturianada. N\u00e9l suenen tami\u00e9n les voces de Xos\u00e9 Amb\u00e1s, H\u00e9ctor Braga, Herbamora, Dolfu R. Fern\u00e1ndez y Celestina Ca Sanchu, qu\u2019arriquecen un \u00e1lbum qu\u2019influyenci\u00f3 a los proyectos qu\u2019angua\u00f1o trabayen axuntando electr\u00f3nica y tradici\u00f3n.<\/p>\n<figure class=\"wp-block-embed is-type-rich is-provider-spotify wp-block-embed-spotify\">\n<div class=\"wp-block-embed__wrapper\"><\/div>\n<\/figure>\n<div class=\"wp-block-spacer\" aria-hidden=\"true\"><\/div>\n<\/div>\n<div class=\"wp-block-group is-layout-constrained wp-block-group-is-layout-constrained\">\n<h2 class=\"wp-block-heading\"><mark class=\"has-inline-color\">10. \u00cdGOR MEDIO Y LISARDO PRIETO \u2013\u00a0<em>Dual<\/em>\u00a0(2005, Tierra Discos)<\/mark><\/h2>\n<p>Los componentes de Felpeyu \u00cdgor Medio (voz y buzuqui) y Lisardo Prieto (viol\u00edn) unieron la so esperiencia, complicid\u00e1 y bon facer nesti \u00e1lbum c\u00e1sique fundacional de lo qu\u2019angua\u00f1o se define como folk de c\u00e1mara. Foi l\u2019\u00fanicu discu que publicaron como d\u00fau y n\u00e9l reellaboren pieces tradicionales y toquen otres de composici\u00f3n propia nes que ye bien palpable la maestr\u00eda, la sensibilid\u00e1 y la personalid\u00e1 d\u2019\u00fan de los m\u00fasicos m\u00e1s recordaos del pa\u00eds.<\/p>\n<figure class=\"wp-block-embed is-type-rich is-provider-spotify wp-block-embed-spotify\">\n<div class=\"wp-block-embed__wrapper\"><\/div>\n<\/figure>\n<div class=\"wp-block-spacer\" aria-hidden=\"true\"><\/div>\n<\/div>\n<div class=\"wp-block-group is-layout-constrained wp-block-group-is-layout-constrained\">\n<h2 class=\"wp-block-heading\"><mark class=\"has-inline-color\">11. ALFREDO GONZ\u00c1LEZ \u2013\u00a0<em>La nada y t\u00fa<\/em>\u00a0 (2009, Discos L\u2019Agua\u00f1az)<\/mark><\/h2>\n<p>Nel 2009 muncho lloviera dende\u2019l nacimientu del Nuevu Canciu Astur; aquel x\u00e9neru surd\u00edu nos a\u00f1os 70 qu\u2019algam\u00f3 gran sonad\u00eda naquella \u00e9poca gracies a entemecer canci\u00f3n d\u2019autor y llingua asturiana. Nesti discu el cantautor turon\u00e9s Alfredo Gonz\u00e1lez da un pasu m\u00e1s na canci\u00f3n d\u2019autor asturiana y present\u00f3 diez temes mui cuidaos no musical y no lliterariu que-y valieron el reconocimientu un\u00e1nime de la cr\u00edtica.<\/p>\n<figure class=\"wp-block-embed is-type-rich is-provider-spotify wp-block-embed-spotify\">\n<div class=\"wp-block-embed__wrapper\"><\/div>\n<\/figure>\n<div class=\"wp-block-spacer\" aria-hidden=\"true\"><\/div>\n<\/div>\n<\/div>\n<div class=\"wp-block-group is-layout-constrained wp-block-group-is-layout-constrained\">\n<div class=\"wp-block-group is-layout-constrained wp-block-group-is-layout-constrained\">\n<h2 class=\"wp-block-heading\"><mark class=\"has-inline-color\">12. MARILUZ CRIST\u00d3BAL CAUNEDO \u2013\u00a0<em>Onde la \u00f1ublina posa<\/em>\u00a0 (2001, Fono Astur)<\/mark><\/h2>\n<p>Mariluz Crist\u00f3bal Caunedo ye ampliamente reconocida como la gran voz de la canci\u00f3n asturiana. Pesie a lo muncho que llevaba pisando escenarios \u2014tanto en concursos de tonada, como acompa\u00f1ando a Hevia por mor de poner voz nel m\u00edticu \u00abBusindre Reel\u00bb\u2014, nun foi hasta\u2019l 2001 cuando grab\u00f3\u2019l so primer discu en solitariu. El trabayu supunxo toa una noved\u00e1 dientro de l\u2019asturianada, abriendo a esti x\u00e9neru a la incorporaci\u00f3n de nueves sonoridaes y marcando un puntu d\u2019inflex\u00f3n que depu\u00e9s diben siguir otres cantadores.<\/p>\n<figure class=\"wp-block-embed is-type-rich is-provider-spotify wp-block-embed-spotify\">\n<div class=\"wp-block-embed__wrapper\"><\/div>\n<\/figure>\n<\/div>\n<div class=\"wp-block-spacer\" aria-hidden=\"true\"><\/div>\n<\/div>\n<div class=\"wp-block-group is-layout-constrained wp-block-group-is-layout-constrained\">\n<div class=\"wp-block-group is-layout-constrained wp-block-group-is-layout-constrained\">\n<h2 class=\"wp-block-heading\"><mark class=\"has-inline-color\">13. ANABEL SANTIAGO \u2013\u00a0<em>Al son de la lluna<\/em>\u00a0(2003, Discos L\u2019Agua\u00f1az)<\/mark><\/h2>\n<p>Anque debutara discogr\u00e1ficamente nel 2001, el so segundu discu,\u00a0<em>Al son de la lluna,<\/em>\u00a0ye consider\u00e1u\u2019l trabayu fundacional d\u2019una propuesta pionera como la que fixo Anabel Santiago. Con ella, m\u00fasica electr\u00f3nica, asturianada y folk entemeci\u00e9ronse pela primer vez, dando orixe a toa una revoluci\u00f3n dientro del x\u00e9neru, que lu llev\u00f3 a esperimentar una renovaci\u00f3n digna del reci\u00e9n estren\u00e1u daquella sieglu XXI.<\/p>\n<figure class=\"wp-block-embed is-type-rich is-provider-spotify wp-block-embed-spotify\">\n<div class=\"wp-block-embed__wrapper\"><\/div>\n<\/figure>\n<\/div>\n<div class=\"wp-block-spacer\" aria-hidden=\"true\"><\/div>\n<\/div>\n<div class=\"wp-block-group is-layout-constrained wp-block-group-is-layout-constrained\">\n<div class=\"wp-block-group is-layout-constrained wp-block-group-is-layout-constrained\">\n<h2 class=\"wp-block-heading\"><mark class=\"has-inline-color\">14. MAPI QUINTANA Y EL\u00cdAS GARC\u00cdA \u2013\u00a0<em>Severina<\/em>\u00a0(2014, Autoedici\u00f3n)<\/mark><\/h2>\n<p>El siempre record\u00e1u El\u00edas Garc\u00eda axunt\u00f3se a Mapi Quintana pa crear un d\u00fau ac\u00fasticu que marc\u00f3 un enantes y un depu\u00e9s a la hora de reinterpretar la m\u00fasica tradicional. La cenciellez y la calidez d\u2019un buzuqui, un contrabaxu y una voz privilexada dan forma a les nueve pieces presentes nesti trabayu enllenu de sensibilid\u00e1.<\/p>\n<figure class=\"wp-block-embed is-type-rich is-provider-spotify wp-block-embed-spotify\">\n<div class=\"wp-block-embed__wrapper\"><\/div>\n<\/figure>\n<\/div>\n<div class=\"wp-block-spacer\" aria-hidden=\"true\"><\/div>\n<\/div>\n<div class=\"wp-block-group is-layout-constrained wp-block-group-is-layout-constrained\">\n<div class=\"wp-block-group is-layout-constrained wp-block-group-is-layout-constrained\">\n<h2 class=\"wp-block-heading\"><mark class=\"has-inline-color\"><strong>15. DIXEBRA \u2013\u00a0<em>Glaya un pa\u00eds<\/em>\u00a0(2000, Discos L\u2019Agua\u00f1az)<\/strong><\/mark><\/h2>\n<p>Cola publicaci\u00f3n del so quintu discu, Dixebra inauguraben el mileniu entrando pela puerta grande.\u00a0<em>Glaya un pa\u00eds<\/em>\u00a0supunxo la consolidaci\u00f3n definitiva de la banda decana del rock astur, gracies a la incorporaci\u00f3n de nueves sonoridaes \u2014rap, electr\u00f3nica, asturianada\u2026\u2014 ensin perder de vista\u2019l punk, el reggae y la m\u00fasica de raiga\u00f1u tradicional. Himnos como \u00abMa\u00f1ana fr\u00eda\u00bb, \u00abLa danza\u00bb o \u00abLa partida\u00bb suenen ente los once cortes que dan forma al trabayu.<\/p>\n<figure class=\"wp-block-embed is-type-rich is-provider-spotify wp-block-embed-spotify\">\n<div class=\"wp-block-embed__wrapper\"><\/div>\n<\/figure>\n<\/div>\n<div class=\"wp-block-spacer\" aria-hidden=\"true\"><\/div>\n<\/div>\n<div class=\"wp-block-group is-layout-constrained wp-block-group-is-layout-constrained\">\n<div class=\"wp-block-group is-layout-constrained wp-block-group-is-layout-constrained\">\n<h2 class=\"wp-block-heading\"><mark class=\"has-inline-color\">16. SONCAI SYSTEM \u2013\u00a0<em>Clashturies<\/em>\u00a0(2007, Discos L\u2019Agua\u00f1az)<\/mark><\/h2>\n<p>Xune Elipe (Dixebra) y Sergio Rodr\u00edguez (Tutu Estudios) encabezaron esti proyectu esclusivamente d\u2019estudiu que supunxo una bocanada d\u2019aire fresco dientro de la m\u00fasica n\u2019asturianu.\u00a0<em>Clashturies<\/em>\u00a0foi un discu que cont\u00f3 cola participaci\u00f3n de destacaos m\u00fasicos de distintes escenes del pa\u00eds y qu\u2019axunt\u00f3 sones como\u2019l reggae, funk, hipop, jazz o raggamufin a lo llargo d\u2019once temes. Con \u00e9l, l\u2019asturianu son\u00f3 al mesmu nivel qu\u2019otres lling\u00fces que taben faciendo propuestes asina de mestices y novedoses ensin perder de vista la identid\u00e1 propia.<\/p>\n<figure class=\"wp-block-embed is-type-rich is-provider-spotify wp-block-embed-spotify\">\n<div class=\"wp-block-embed__wrapper\"><\/div>\n<\/figure>\n<\/div>\n<div class=\"wp-block-spacer\" aria-hidden=\"true\"><\/div>\n<\/div>\n<div class=\"wp-block-group is-layout-constrained wp-block-group-is-layout-constrained\">\n<div class=\"wp-block-group is-layout-constrained wp-block-group-is-layout-constrained\">\n<h2 class=\"wp-block-heading\"><mark class=\"has-inline-color\">17. XAIME MART\u00cdNEZ \u2013\u00a0<em>\u00d3sculos d\u2019agua nel imperiu asturianu (2018, Araz)<\/em><\/mark><\/h2>\n<p>El m\u00fasicu y escritor Xaime Mart\u00ednez sorprendi\u00f3 col so primer \u2014y \u00fanicu hasta la fecha\u2014 trabayu en solitariu. N\u00e9l amos\u00f3 tola esperiencia algamada dientro del so anterior grupu, La Bande, y espey\u00f3 nun llibru-CD once temes que musicalmente beben del pop y el folk anglosax\u00f3n y de la m\u00fasica asturiana. Les lletres narren la historia del \u00abimperiu asturianu\u00bb dende la so fundaci\u00f3n hasta la salida de la c\u00e1rcel de Tomas\u00edn, dando como result\u00e1u un \u00e1lbum conceptual \u00fanicu.<\/p>\n<figure class=\"wp-block-embed is-type-rich is-provider-spotify wp-block-embed-spotify\">\n<div class=\"wp-block-embed__wrapper\"><\/div>\n<\/figure>\n<\/div>\n<div class=\"wp-block-spacer\" aria-hidden=\"true\"><\/div>\n<\/div>\n<div class=\"wp-block-group is-layout-constrained wp-block-group-is-layout-constrained\">\n<div class=\"wp-block-group is-layout-constrained wp-block-group-is-layout-constrained\">\n<h2 class=\"wp-block-heading\"><mark class=\"has-inline-color\">18. RODRIGO CUEVAS \u2013\u00a0<em>Manual de cortejo<\/em>\u00a0(2019, Aris M\u00fasica)<\/mark><\/h2>\n<p>L\u2019axitador folcl\u00f3ricu y\u00e1 conquistara a toa Asturies col single \u00abRitmu de Verdiciu\u00bb y la espectaci\u00f3n yera m\u00e1xima pa sentir el so primer discu de llarga duraci\u00f3n.\u00a0<em>Manual de cortejo<\/em>\u00a0aport\u00f3 cola producci\u00f3n del prestixosu Ra\u00fcl Refree y n\u00e9l hai quince cortes protagonizaos por temes de raiga\u00f1u de dientro y fuera d\u2019Asturies. Supunxo una nueva forma d\u2019interpretar la tradici\u00f3n y l\u2019ascensu de la figura m\u00e1s reconocida y querida de la m\u00fasica asturiana actual.<\/p>\n<figure class=\"wp-block-embed is-type-rich is-provider-spotify wp-block-embed-spotify\">\n<div class=\"wp-block-embed__wrapper\"><\/div>\n<\/figure>\n<\/div>\n<div class=\"wp-block-spacer\" aria-hidden=\"true\"><\/div>\n<\/div>\n<div class=\"wp-block-group is-layout-constrained wp-block-group-is-layout-constrained\">\n<div class=\"wp-block-group is-layout-constrained wp-block-group-is-layout-constrained\">\n<h2 class=\"wp-block-heading\"><mark class=\"has-inline-color\">19. MUYERES \u2013\u00a0<em>Humanes<\/em>\u00a0(2020, A Mansalva)<\/mark><\/h2>\n<p>Ventis\u00e9is a\u00f1os depu\u00e9s de la publicaci\u00f3n del so primer discu \u2014consider\u00e1u una obra fundamental dientro de la m\u00fasica de raiga\u00f1u\u2014, l\u2019agrupaci\u00f3n de m\u00fasica tradicional Muyeres frayaron tolos esquemes col so sestu \u00e1bum. N\u2019<em>Humanes<\/em>\u00a0publicaron pela primer vez temes de composici\u00f3n propia que, am\u00e1s, bas\u00e1ronse<em>\u00a0<\/em>nes histories de les \u00abhumanes\u00bb, eses muyeres an\u00f3nimes que foron faciendo la historia. Un discu conceptual con trece temes enllenos d\u2019orixinalid\u00e1.<\/p>\n<figure class=\"wp-block-embed is-type-rich is-provider-spotify wp-block-embed-spotify\">\n<div class=\"wp-block-embed__wrapper\"><\/div>\n<\/figure>\n<div class=\"wp-block-spacer\" aria-hidden=\"true\"><\/div>\n<\/div>\n<div class=\"wp-block-group is-layout-constrained wp-block-group-is-layout-constrained\">\n<h2 class=\"wp-block-heading\"><mark class=\"has-inline-color\">20. DRD \u2013\u00a0<em>Nam\u00e1i<\/em>\u00a0(2010, Fono Astur)<\/mark><\/h2>\n<p>Tres de los m\u00fasicos m\u00e1s pernomaos del folk asturianu, Dolfu R. Fern\u00e1ndez (vigul\u00edn), Rub\u00e9n Bada (buzuqui) y Diego Pangua (flauta); formaron esti tr\u00edu de folk de c\u00e1mara que debut\u00f3 con\u00a0<em>Nam\u00e1i<\/em>. Nos catorce temes que formen l\u2019\u00e1lbum \u2014la mayor parte, instrumentales\u2014 amuesen la so calid\u00e1 como int\u00e9rpretes y el bon criteriu a la hora d\u2019esbillar y iguar temes de calter tradicional.<\/p>\n<figure class=\"wp-block-embed is-type-rich is-provider-spotify wp-block-embed-spotify\">\n<div class=\"wp-block-embed__wrapper\"><\/div>\n<\/figure>\n<div class=\"wp-block-spacer\" aria-hidden=\"true\"><\/div>\n<\/div>\n<\/div>\n<div class=\"wp-block-group is-layout-constrained wp-block-group-is-layout-constrained\">\n<div class=\"wp-block-group is-layout-constrained wp-block-group-is-layout-constrained\">\n<div class=\"wp-block-group is-layout-constrained wp-block-group-is-layout-constrained\">\n<h2 class=\"wp-block-heading\"><mark class=\"has-inline-color\">21. EVA TEJEDOR Y LES PANDERETERES \u2013\u00a0<em>L\u2019Entamu<\/em>\u00a0(2019, Algamar Producciones)<\/mark><\/h2>\n<p>Eva Tejedor ye una de les grandes pandereteres d\u2019Asturies. Tres formar parte per una montonera d\u2019a\u00f1os del grupu Tejedor, la publicaci\u00f3n de\u00a0<em>L\u2019Entamu<\/em>\u00a0supunxo l\u2019aniciu de la so carrera en solitario xunto a Les Pandereteres. Nesti trabayu recueye trece temes tradicionales y d\u2019autor\u00eda propia que lleven a esti instrumentu a sonoridaes folk, esplorando nueves formes d\u2019espresi\u00f3n pa la pandereta asturiana.<\/p>\n<figure class=\"wp-block-embed is-type-rich is-provider-spotify wp-block-embed-spotify\">\n<div class=\"wp-block-embed__wrapper\"><\/div>\n<\/figure>\n<\/div>\n<div class=\"wp-block-spacer\" aria-hidden=\"true\"><\/div>\n<\/div>\n<div class=\"wp-block-group is-layout-constrained wp-block-group-is-layout-constrained\">\n<div class=\"wp-block-group is-layout-constrained wp-block-group-is-layout-constrained\">\n<h2 class=\"wp-block-heading\"><mark class=\"has-inline-color\">22. TEJEDOR \u2013\u00a0<em>M\u00fasica na maleta<\/em>\u00a0(2006, Autoedici\u00f3n)<\/mark><\/h2>\n<p>Tejedor ye otru de los nomes imprescindibles de la m\u00fasica asturiana, am\u00e1s de los que m\u00e1s repercusi\u00f3n internacional tuvo. Debutaron discogr\u00e1ficamente en 1999 y col so tercer discu,\u00a0<em>M\u00fasica na maleta,<\/em>\u00a0el tr\u00edu form\u00e1u por Javier Tejedor, Jos\u00e9 Manuel Tejedor y Eva Tejedor amos\u00f3 tol bon facer de quien lleva d\u00e9cades algamando los m\u00e1s importantes reconocimientos nel mundu folk. N\u00e9l suenen pieces ic\u00f3niques influyenciaes por son\u00edos pop como \u00abSeique non\u00bb o \u00abM\u00fasica na maleta\u00bb.<\/p>\n<figure class=\"wp-block-embed is-type-rich is-provider-spotify wp-block-embed-spotify\">\n<div class=\"wp-block-embed__wrapper\"><\/div>\n<\/figure>\n<\/div>\n<div class=\"wp-block-spacer\" aria-hidden=\"true\"><\/div>\n<\/div>\n<div class=\"wp-block-group is-layout-constrained wp-block-group-is-layout-constrained\">\n<div class=\"wp-block-group is-layout-constrained wp-block-group-is-layout-constrained\">\n<h2 class=\"wp-block-heading\"><mark class=\"has-inline-color\">23. SILVIA QUESADA \u2013\u00a0<em>La pena abierta<\/em>\u00a0(2014, Algamar Producciones)<\/mark><\/h2>\n<p>Tres de llevar unos cuantos a\u00f1os cantando en formaciones folk como Gatos del Fornu, Blima o Tejedor; Silvia Quesada estren\u00f3 la so carrera en solitario con\u00a0<em>La pena abierta<\/em>. L\u2019\u00e1lbum \u2014con m\u00fasica y lletres d\u2019Alfredo Gonz\u00e1lez\u2014 foi toa una noved\u00e1 dientro de la canci\u00f3n d\u2019autor n\u2019asturianu y a lo llargo de los diez temes que lu formen pueden sentise estilos como\u2019l pop, la ranchera o\u2019l boleru.<\/p>\n<figure class=\"wp-block-embed is-type-rich is-provider-spotify wp-block-embed-spotify\">\n<div class=\"wp-block-embed__wrapper\"><\/div>\n<\/figure>\n<\/div>\n<div class=\"wp-block-spacer\" aria-hidden=\"true\"><\/div>\n<\/div>\n<div class=\"wp-block-group is-layout-constrained wp-block-group-is-layout-constrained\">\n<div class=\"wp-block-group is-layout-constrained wp-block-group-is-layout-constrained\">\n<h2 class=\"wp-block-heading\"><mark class=\"has-inline-color\">24. SKAMA LA REDE \u2013\u00a0<em>La nuesa hestoria<\/em>\u00a0(2005, Discos L\u2019Agua\u00f1az)<\/mark><\/h2>\n<p>Nesti cuartu de sieglu\u2019l rock astur pas\u00f3 de ser pr\u00e1cticamente un oasis con Dixebra, a consolidase como escena col surdimientu y caltenimientu nel tiempu de delles formaciones. Skama la Rede foi una d\u2019elles y nel so primer trabayu,\u00a0<em>La nuesa hestoria<\/em>, plasmaron la so personalid\u00e1 inconfundible: l\u2019amiestu de ska, punk, reggae y folk con unes lletres combatives, a la par qu\u2019ir\u00f3niques; una receta que los fai llevar venti a\u00f1os pisando escenarios destacaos.<\/p>\n<figure class=\"wp-block-embed is-type-rich is-provider-spotify wp-block-embed-spotify\">\n<div class=\"wp-block-embed__wrapper\"><\/div>\n<\/figure>\n<\/div>\n<div class=\"wp-block-spacer\" aria-hidden=\"true\"><\/div>\n<\/div>\n<div class=\"wp-block-group is-layout-constrained wp-block-group-is-layout-constrained\">\n<div class=\"wp-block-group is-layout-constrained wp-block-group-is-layout-constrained\">\n<h2 class=\"wp-block-heading\"><mark class=\"has-inline-color\">25. MAPI QUINTANA \u2013\u00a0<em>La Maramoniz<\/em>\u00a0(2023, P\u00e1xaru Verde Producciones)<\/mark><\/h2>\n<p>Depu\u00e9s de nueve a\u00f1os ensin publicar un discu, Mapi Quintana regres\u00f3 cola publicaci\u00f3n de dos aclamaos trabayos.\u00a0<em>La Maramoniz<\/em>\u00a0ye \u00fan d\u2019ellos y n\u00e9l asoleya siete temes nos qu\u2019entemez la tradici\u00f3n asturiana nes melod\u00edes y tem\u00e1tiques con est\u00e9tiques m\u00e1s vanguardistes nos arreglos. N\u00e9l hai cantares populares y composiciones propies col tel\u00f3n de fondu de la g\u00fcela d\u2019esta artista l.leniza y l\u2019aldea na que viv\u00eda, que da nome al \u00e1lbum.<\/p>\n<figure class=\"wp-block-embed is-type-rich is-provider-spotify wp-block-embed-spotify\">\n<div class=\"wp-block-embed__wrapper\"><\/div>\n<\/figure>\n<\/div>\n<\/div>\n<\/div>\n","protected":false},"excerpt":{"rendered":"<p>Una trentena de persones estremaes venceyaes a la cultura asturiana escoyeron los meyores trabayos discogr\u00e1ficos publicaos ente&#8217;l 2000 y 2024. Musicasturiana.com\u00a0<\/p>\n","protected":false},"author":117,"featured_media":0,"comment_status":"closed","ping_status":"open","sticky":false,"template":"","format":"standard","meta":{"footnotes":""},"categories":[35,125],"tags":[],"class_list":["post-59484","post","type-post","status-publish","format-standard","hentry","category-musica","category-musicasturiana-com"],"_links":{"self":[{"href":"https:\/\/edublog.educastur.es\/ixuxu\/wp-json\/wp\/v2\/posts\/59484","targetHints":{"allow":["GET"]}}],"collection":[{"href":"https:\/\/edublog.educastur.es\/ixuxu\/wp-json\/wp\/v2\/posts"}],"about":[{"href":"https:\/\/edublog.educastur.es\/ixuxu\/wp-json\/wp\/v2\/types\/post"}],"author":[{"embeddable":true,"href":"https:\/\/edublog.educastur.es\/ixuxu\/wp-json\/wp\/v2\/users\/117"}],"replies":[{"embeddable":true,"href":"https:\/\/edublog.educastur.es\/ixuxu\/wp-json\/wp\/v2\/comments?post=59484"}],"version-history":[{"count":1,"href":"https:\/\/edublog.educastur.es\/ixuxu\/wp-json\/wp\/v2\/posts\/59484\/revisions"}],"predecessor-version":[{"id":59485,"href":"https:\/\/edublog.educastur.es\/ixuxu\/wp-json\/wp\/v2\/posts\/59484\/revisions\/59485"}],"wp:attachment":[{"href":"https:\/\/edublog.educastur.es\/ixuxu\/wp-json\/wp\/v2\/media?parent=59484"}],"wp:term":[{"taxonomy":"category","embeddable":true,"href":"https:\/\/edublog.educastur.es\/ixuxu\/wp-json\/wp\/v2\/categories?post=59484"},{"taxonomy":"post_tag","embeddable":true,"href":"https:\/\/edublog.educastur.es\/ixuxu\/wp-json\/wp\/v2\/tags?post=59484"}],"curies":[{"name":"wp","href":"https:\/\/api.w.org\/{rel}","templated":true}]}}