{"id":59488,"date":"2025-10-08T12:37:02","date_gmt":"2025-10-08T10:37:02","guid":{"rendered":"https:\/\/edublog.educastur.es\/ixuxu\/?p=59488"},"modified":"2025-10-08T13:42:23","modified_gmt":"2025-10-08T11:42:23","slug":"esti-fin-de-selmana-aportal-xii-ochobre-folk-a-mieres","status":"publish","type":"post","link":"https:\/\/edublog.educastur.es\/ixuxu\/2025\/10\/esti-fin-de-selmana-aportal-xii-ochobre-folk-a-mieres\/","title":{"rendered":"Esti fin de selmana aporta\u2019l XII Ochobre Folk a Mieres"},"content":{"rendered":"<div class=\"elementor-element elementor-element-667e3c7 elementor-widget__width-inherit elementor-widget elementor-widget-theme-post-title elementor-page-title elementor-widget-heading\" data-id=\"667e3c7\" data-element_type=\"widget\" data-widget_type=\"theme-post-title.default\">\n<div class=\"elementor-widget-container\">\n<h1 class=\"elementor-heading-title elementor-size-default\" style=\"text-align: center\"><a href=\"https:\/\/musicasturiana.com\/wp-content\/uploads\/2025\/10\/imagen-1.png\"><img loading=\"lazy\" decoding=\"async\" class=\"aligncenter \" src=\"https:\/\/musicasturiana.com\/wp-content\/uploads\/2025\/10\/imagen-1.png\" width=\"495\" height=\"495\" \/><\/a><\/h1>\n<\/div>\n<\/div>\n<div class=\"elementor-element elementor-element-00f4678 elementor-widget__width-inherit elementor-widget elementor-widget-theme-post-excerpt\" data-id=\"00f4678\" data-element_type=\"widget\" data-widget_type=\"theme-post-excerpt.default\">\n<div class=\"elementor-widget-container\">L&#8217;eventu ufierta charres, talleres, nueche en danza, conciertos y actividaes pa la reciella y va cellebrase nel Parque Xovellanos los d\u00edes 10, 11 y 12.<a href=\"https:\/\/musicasturiana.com\/esti-fin-de-selmana-aportal-xii-ochobre-folk-a-mieres\/\"> Musicasturiana.com\u00a0<\/a><\/div>\n<div><\/div>\n<\/div>\n<p><!--more--><\/p>\n<div class=\"elementor-element elementor-element-72daa04 e-con-full e-flex e-con e-child\" data-id=\"72daa04\" data-element_type=\"container\">\n<div class=\"elementor-element elementor-element-00f4678 elementor-widget__width-inherit elementor-widget elementor-widget-theme-post-excerpt\" data-id=\"00f4678\" data-element_type=\"widget\" data-widget_type=\"theme-post-excerpt.default\">\n<div class=\"elementor-widget-container\"><\/div>\n<\/div>\n<div class=\"elementor-element elementor-element-6138e4e elementor-widget__width-inherit elementor-widget elementor-widget-theme-post-featured-image elementor-widget-image\" data-id=\"6138e4e\" data-element_type=\"widget\" data-widget_type=\"theme-post-featured-image.default\">\n<div class=\"elementor-widget-container\"><img loading=\"lazy\" decoding=\"async\" class=\"attachment-full size-full wp-image-43489\" src=\"https:\/\/musicasturiana.com\/wp-content\/uploads\/2025\/10\/ochobre-folk-recursu-1.jpg\" alt=\"\" width=\"1200\" height=\"600\" \/><\/div>\n<\/div>\n<div class=\"elementor-element elementor-element-3f891ad elementor-align-center elementor-widget elementor-widget-post-info\" data-id=\"3f891ad\" data-element_type=\"widget\" data-widget_type=\"post-info.default\">\n<div class=\"elementor-widget-container\"><\/div>\n<\/div>\n<\/div>\n<div class=\"elementor-element elementor-element-eea4e26 e-con-full e-flex e-con e-child\" data-id=\"eea4e26\" data-element_type=\"container\">\n<div class=\"elementor-element elementor-element-9bc739f e-con-full e-flex e-con e-child\" data-id=\"9bc739f\" data-element_type=\"container\">\n<div class=\"elementor-element elementor-element-b2299bd elementor-share-buttons--view-icon elementor-share-buttons--skin-minimal elementor-share-buttons--shape-circle elementor-grid-mobile-3 elementor-share-buttons--align-right elementor-share-buttons--color-custom elementor-widget__width-auto elementor-widget-tablet__width-auto elementor-grid-0 elementor-widget elementor-widget-share-buttons\" data-id=\"b2299bd\" data-element_type=\"widget\" data-widget_type=\"share-buttons.default\">\n<div class=\"elementor-widget-container\">\n<div class=\"elementor-grid\">\n<div class=\"elementor-grid-item\">\n<div class=\"elementor-share-btn elementor-share-btn_x-twitter\" role=\"button\" aria-label=\"Compartir en x-twitter\">Nam\u00e1s queden tres d\u00edes pa qu\u2019entame en Mieres la XII edici\u00f3n del<strong>\u00a0Ochobre Folk<\/strong>, \u00a0una de les cites m\u00e1s destacaes pa tola xente amante de la cultura tradicional. Esti eventu entam\u00e1u pol\u00a0<strong>Grupu Folcl\u00f3ricu Prau Ller\u00f3n<\/strong>\u00a0col sofitu del\u00a0<strong>Conceyu Mieres<\/strong>\u00a0va axuntar esti fin de selmana charres, pasuc\u00e1is, conciertos, talleres, actividaes pa la reciella, baille y xinta y bebida\u2019l pa\u00eds. Too ello nel\u00a0<strong>Parque Xovellanos\u00a0<\/strong>y con una mayor\u00eda d\u2019actividaes de baldre.<\/div>\n<\/div>\n<\/div>\n<\/div>\n<\/div>\n<\/div>\n<\/div>\n<div class=\"elementor-element elementor-element-a767a8c elementor-widget__width-inherit elementor-widget elementor-widget-theme-post-content\" data-id=\"a767a8c\" data-element_type=\"widget\" data-widget_type=\"theme-post-content.default\">\n<div class=\"elementor-widget-container\">\n<p>L\u2019eventu va entamar el\u00a0<strong>vienres\u00a0<\/strong>10 d\u2019ochobre a les 19.00h cola presentaci\u00f3n del proyectu<strong>\u00a0\u2018Xoyer\u00eda Tradicional Asturiana\u2019<\/strong>, de Laura L\u00f3pez. N\u2019acabando, van entamar a les 20.00h los<strong>\u00a0pasabares y los cantos de chigre<\/strong>\u00a0coles agrupaciones<strong>\u00a0Bandina Los Llerones, Grupo Surco, Xeitu y la Escola de Gaitas de Ortigueira<\/strong>. A les 22.00h, espicha, y pa rematar la folixa, a les 23.00h va facese una\u00a0<strong>nueche en danza\u00a0<\/strong>colos grupos y escenariu abiertu.<\/p>\n<p>El\u00a0<strong>s\u00e1badu\u00a0<\/strong>entama\u2019l d\u00eda\u2019l taller \u2018<strong>Averamientu al panderu cuadr\u00e1u de Pe\u00f1aparda y los sos bailles<\/strong>\u2018, por Cefe Torres y David Vicente. A les 12.00h, la Escola de gaitas de Ortigueira va facer un desfile peles cais de Mieres. Dempu\u00e9s, a les 12.30h, va haber un<strong>\u00a0taller de baille pa la reciella<\/strong>, y a les 13.00h, un<strong>\u00a0taller de baille asturianu, charru y gallegu<\/strong>. Pela tarde, a partir de les 18.30h, hai<strong>\u00a0desfile de grupos y alcuentru folcl\u00f3ricu<\/strong>, nel que participen el Grupu Folcl\u00f3ricu Prau Ller\u00f3n, el Grupo Folcl\u00f3rico Surco y la Escola de Gaitas de Ortigueira. Dempu\u00e9s, van tar amenizando l\u2019eventu la\u00a0<strong>Bandina Los Colla\u00ednos<\/strong>. A partir de les 23.00h, van tener llugar los conciertos de\u00a0<strong>Picar\u00f3s, Os Carecos y DJ La G\u00fceriata<\/strong>.<\/p>\n<h2 class=\"wp-block-heading\"><mark class=\"has-inline-color\">Domingu de la reciella<\/mark><\/h2>\n<p>Pal domingu 12, va entamase la xornada cola tradicional<strong>\u00a0alborada de gaita y tambor<\/strong>, a les 11.00h, dando pasu a la vienta\u2019l bollu pre\u00f1\u00e1u, dende les 11.30h y durante tola ma\u00f1ana. Pa esti \u00faltimu d\u00eda de festival ufi\u00e9rtense delles\u00a0<strong>actividaes pa la reciella<\/strong>, agrupaes baxo\u2019l nome de \u2018Domingu de la reciella\u2019: va haber pintacares, rana y sogatira dende les 11:45, y a les 12:00 va facese un taller dirix\u00edu por\u00a0<strong>Mondo Manzana<\/strong>\u00a0pa deprender a facer el xuegu del tres en raya con magaya de mazana reciclao. Pa rematar,\u00a0<strong>Andrea Lobo<\/strong>\u00a0lleva a Mieres el so espect\u00e1culu \u2018Chirimabaina!\u2019 Tola informaci\u00f3n y el contactu pa les reserves y los talleres puede alcontrase nes\u00a0<a href=\"https:\/\/www.instagram.com\/praulleron\/\" target=\"_blank\" rel=\"noreferrer noopener\">redes sociales de Prau Ller\u00f3n<\/a>\u00a0y nel cartelu oficial.<\/p>\n<\/div>\n<\/div>\n","protected":false},"excerpt":{"rendered":"<p>L&#8217;eventu ufierta charres, talleres, nueche en danza, conciertos y actividaes pa la reciella y va cellebrase nel Parque Xovellanos los d\u00edes 10, 11 y 12. Musicasturiana.com\u00a0<\/p>\n","protected":false},"author":117,"featured_media":0,"comment_status":"closed","ping_status":"open","sticky":false,"template":"","format":"standard","meta":{"footnotes":""},"categories":[35,125],"tags":[],"class_list":["post-59488","post","type-post","status-publish","format-standard","hentry","category-musica","category-musicasturiana-com"],"_links":{"self":[{"href":"https:\/\/edublog.educastur.es\/ixuxu\/wp-json\/wp\/v2\/posts\/59488","targetHints":{"allow":["GET"]}}],"collection":[{"href":"https:\/\/edublog.educastur.es\/ixuxu\/wp-json\/wp\/v2\/posts"}],"about":[{"href":"https:\/\/edublog.educastur.es\/ixuxu\/wp-json\/wp\/v2\/types\/post"}],"author":[{"embeddable":true,"href":"https:\/\/edublog.educastur.es\/ixuxu\/wp-json\/wp\/v2\/users\/117"}],"replies":[{"embeddable":true,"href":"https:\/\/edublog.educastur.es\/ixuxu\/wp-json\/wp\/v2\/comments?post=59488"}],"version-history":[{"count":1,"href":"https:\/\/edublog.educastur.es\/ixuxu\/wp-json\/wp\/v2\/posts\/59488\/revisions"}],"predecessor-version":[{"id":59489,"href":"https:\/\/edublog.educastur.es\/ixuxu\/wp-json\/wp\/v2\/posts\/59488\/revisions\/59489"}],"wp:attachment":[{"href":"https:\/\/edublog.educastur.es\/ixuxu\/wp-json\/wp\/v2\/media?parent=59488"}],"wp:term":[{"taxonomy":"category","embeddable":true,"href":"https:\/\/edublog.educastur.es\/ixuxu\/wp-json\/wp\/v2\/categories?post=59488"},{"taxonomy":"post_tag","embeddable":true,"href":"https:\/\/edublog.educastur.es\/ixuxu\/wp-json\/wp\/v2\/tags?post=59488"}],"curies":[{"name":"wp","href":"https:\/\/api.w.org\/{rel}","templated":true}]}}