{"id":59505,"date":"2025-10-08T19:00:48","date_gmt":"2025-10-08T17:00:48","guid":{"rendered":"https:\/\/edublog.educastur.es\/ixuxu\/?p=59505"},"modified":"2025-10-08T20:07:49","modified_gmt":"2025-10-08T18:07:49","slug":"la-selmana-de-los-premios-programa-unes-80-actividaes-sobre-la-obra-de-los-galardonaos","status":"publish","type":"post","link":"https:\/\/edublog.educastur.es\/ixuxu\/2025\/10\/la-selmana-de-los-premios-programa-unes-80-actividaes-sobre-la-obra-de-los-galardonaos\/","title":{"rendered":"La &#8216;Selmana de los Premios&#8217; programa unes 80 actividaes sobre la obra de los galardonaos"},"content":{"rendered":"<ul>\n<li><a href=\"https:\/\/www.rtpa.es\/noticias-sociedad-ast\/2025-10-07\/La-'Selmana-de-los-Premios'-programa-unes-80-actividaes-sobre-la-obra-de-los-galardonaos_111759834275.html\">RTPA: La &#8216;Selmana de los Premios&#8217; programa unes 80 actividaes sobre la obra de los galardonaos<\/a><\/li>\n<\/ul>\n<p style=\"text-align: center\"><a href=\"https:\/\/www.rtpa.es\/fotos\/\/21\/10\/20211011131724_RTPA1306810.jpg\"><img loading=\"lazy\" decoding=\"async\" class=\"aligncenter size-large\" src=\"https:\/\/www.rtpa.es\/fotos\/\/21\/10\/20211011131724_RTPA1306810.jpg\" width=\"853\" height=\"480\" \/><\/a><\/p>\n<p class=\"font-size-m padding-b-20 font-weight-b margin-t-16\">Desendolcar\u00e1nse ente&#8217;l<strong> 16 y el 25 d&#8217;ochobre n&#8217;Uvi\u00e9u, Xix\u00f3n, Avil\u00e9s, Colombres y Samart\u00edn del Rei Aurelio.\u00a0<\/strong>Un alcuentru con profesores y estudiantes universitarios protagoniz\u00e1u pol economista y pol\u00edticu Mario Draghi, un actu del escritor Eduardo Mendoza con m\u00e1s de 150 clubes de llectura y una charra ente la fot\u00f3grafa mexicana Graciela Iturbide y el cineasta Alejandro Gonz\u00e1lez I\u00f1\u00e1rritu son dalgunes de les cerca de 80 actividaes programaes pa la conocida como &#8216;Selmana de los Premios&#8217;.<\/p>\n<p><!--more--><\/p>\n<p>Esti programa cultural, entam\u00e1u pola Fundaci\u00f3n Princesa d\u2019Asturies nel que participen los galardonaos colos Premios Princesa d\u2019Asturies los d\u00edes enantes de la ceremonia d\u2019entrega, desendolcar\u00e1se ente\u2019l 16 y el 25 d\u2019ochobre n\u2019Uvi\u00e9u, Xix\u00f3n, Avil\u00e9s, Colombres y Samart\u00edn del Rei Aurelio.<\/p>\n<p>La directora de la Fundaci\u00f3n Princesa d\u2019Asturies, Teresa Sanjurjo, present\u00f3 esti martes en rueda de prensa esti ampliu programa d\u2019actos, qu\u2019inxerta conciertos, ciclos de cine, esposiciones, instalaciones art\u00edstiques y talleres colectivos, que tienen como oxetivu \u00abaverar\u00bb la trayectoria y m\u00e9ritos de cada galardon\u00e1u a la socied\u00e1.<\/p>\n","protected":false},"excerpt":{"rendered":"<p>RTPA: La &#8216;Selmana de los Premios&#8217; programa unes 80 actividaes sobre la obra de los galardonaos Desendolcar\u00e1nse ente&#8217;l 16 y el 25 d&#8217;ochobre n&#8217;Uvi\u00e9u, Xix\u00f3n, Avil\u00e9s, Colombres y Samart\u00edn del Rei Aurelio.\u00a0Un alcuentru con profesores y estudiantes universitarios protagoniz\u00e1u pol economista y pol\u00edticu Mario Draghi, un actu del escritor Eduardo Mendoza con m\u00e1s de 150 [&hellip;]<\/p>\n","protected":false},"author":117,"featured_media":0,"comment_status":"closed","ping_status":"open","sticky":false,"template":"","format":"standard","meta":{"footnotes":""},"categories":[28],"tags":[],"class_list":["post-59505","post","type-post","status-publish","format-standard","hentry","category-premios-princesa-da"],"_links":{"self":[{"href":"https:\/\/edublog.educastur.es\/ixuxu\/wp-json\/wp\/v2\/posts\/59505","targetHints":{"allow":["GET"]}}],"collection":[{"href":"https:\/\/edublog.educastur.es\/ixuxu\/wp-json\/wp\/v2\/posts"}],"about":[{"href":"https:\/\/edublog.educastur.es\/ixuxu\/wp-json\/wp\/v2\/types\/post"}],"author":[{"embeddable":true,"href":"https:\/\/edublog.educastur.es\/ixuxu\/wp-json\/wp\/v2\/users\/117"}],"replies":[{"embeddable":true,"href":"https:\/\/edublog.educastur.es\/ixuxu\/wp-json\/wp\/v2\/comments?post=59505"}],"version-history":[{"count":2,"href":"https:\/\/edublog.educastur.es\/ixuxu\/wp-json\/wp\/v2\/posts\/59505\/revisions"}],"predecessor-version":[{"id":59539,"href":"https:\/\/edublog.educastur.es\/ixuxu\/wp-json\/wp\/v2\/posts\/59505\/revisions\/59539"}],"wp:attachment":[{"href":"https:\/\/edublog.educastur.es\/ixuxu\/wp-json\/wp\/v2\/media?parent=59505"}],"wp:term":[{"taxonomy":"category","embeddable":true,"href":"https:\/\/edublog.educastur.es\/ixuxu\/wp-json\/wp\/v2\/categories?post=59505"},{"taxonomy":"post_tag","embeddable":true,"href":"https:\/\/edublog.educastur.es\/ixuxu\/wp-json\/wp\/v2\/tags?post=59505"}],"curies":[{"name":"wp","href":"https:\/\/api.w.org\/{rel}","templated":true}]}}