{"id":59507,"date":"2025-10-08T09:10:40","date_gmt":"2025-10-08T07:10:40","guid":{"rendered":"https:\/\/edublog.educastur.es\/ixuxu\/?p=59507"},"modified":"2025-10-08T19:32:36","modified_gmt":"2025-10-08T17:32:36","slug":"entel-60-y-el-70-de-los-nacaros-dasturies-recibe-lleche-materno-dende-la-so-nacencia","status":"publish","type":"post","link":"https:\/\/edublog.educastur.es\/ixuxu\/2025\/10\/entel-60-y-el-70-de-los-nacaros-dasturies-recibe-lleche-materno-dende-la-so-nacencia\/","title":{"rendered":"Ente&#8217;l 60 y el 70% de los \u00f1\u00e1caros d&#8217;Asturies recibe lleche materno dende la so nacencia"},"content":{"rendered":"<ul>\n<li class=\"font-size-xxl margin-b-5 font-weight-b color-b-050 letter-spacing--1 fuente-corporativa\"><a href=\"https:\/\/www.rtpa.es\/noticias-asturias-ast\/2025-10-07\/Ente'l-60-y-el-70-de-los-%C3%B1acaros-d'Asturies-recibe-lleche-materno-dende-la-so-nacencia_111759836646.html\">Ente&#8217;l 60 y el 70% de los \u00f1\u00e1caros d&#8217;Asturies recibe lleche materno dende la so nacencia<\/a><\/li>\n<\/ul>\n<p style=\"text-align: center\"><a href=\"https:\/\/www.rtpa.es\/fotos\/\/25\/10\/20251007132750_RTPA7196312.webp\"><img loading=\"lazy\" decoding=\"async\" class=\"aligncenter size-large\" src=\"https:\/\/www.rtpa.es\/fotos\/\/25\/10\/20251007132750_RTPA7196312.webp\" width=\"853\" height=\"480\" \/><\/a><\/p>\n<p class=\"font-size-m padding-b-20 font-weight-b margin-t-16\">El Princip\u00e1u conmemora la<strong><span style=\"color: #008080\"> Selmana Europea de la Lactancia Materna<\/span>.\u00a0<\/strong>Cerca del 70% de les madres que paren n\u2019Asturies alimenten a los sos f\u00edos de mano con lleche materno, una cifra que cai a la met\u00e1 pasaos los cuatro meses, coincidiendo col inxerimientu al trabayu.<\/p>\n<p><!--more--><\/p>\n<p>Los espertos creen que meyorar los permisos de maternid\u00e1 podr\u00eda meyorar esta pr\u00e1ctica. D\u2019ello fal\u00f3se en Navia esta ma\u00f1ana, na primera de les actividaes entamaes pol Princip\u00e1u pa conmemorar la Selmana Europea de la Lactancia Materna.<\/p>\n<p>Los m\u00e1s de los \u00f1\u00e1caros que nacen n\u2019Asturies, ente\u2019l 60 y el 70%, reciben lactancia materna dende la so nacencia. Sos madres salen del hospital d\u00e1ndo-yos el pechu y poques dexen esti vezu nos entamos.<\/p>\n<p>Una parte importante deciden abandonalu cuando llega\u2019l momentu de volver al trabayu. Los \u00faltimos datos, de 2024, afiten que menos del 40% de madres siguen cola lactancia materna m\u00e1s all\u00e1 de los cuatro meses.<\/p>\n<p style=\"text-align: center\"><a href=\"https:\/\/www.aeped.es\/sites\/default\/files\/images\/logo-smlm-2014-web_0.png\"><img loading=\"lazy\" decoding=\"async\" class=\"aligncenter size-large\" src=\"https:\/\/www.aeped.es\/sites\/default\/files\/images\/logo-smlm-2014-web_0.png\" width=\"280\" height=\"240\" \/><\/a><\/p>\n<p>Asociaciones m\u00e9diques y otres que defenden esta pr\u00e1ctica, piden m\u00e1s permisos na maternid\u00e1, se\u00f1ala Elena Herrero, presidenta de l\u2019Asociaci\u00f3n Amamantar.<\/p>\n<p>G\u00fcei en Navia arrancaron los actos entamos pol Princip\u00e1u pa conmemorar la Selmana Europea de la Lactancia Materna. Nesta semana desendolcar\u00e1nse<strong> actividaes per toa Asturies p\u2019amosar los beneficios qu\u2019esta pr\u00e1ctica tien sobre la sal\u00fa, tanto pa la madre como pal \u00f1\u00e1caru<\/strong>, destaca Sandra Huerta, directora d\u2019Enfermer\u00eda del \u00c1rea Sanitaria I.<\/p>\n<p>Xornaes onde tami\u00e9n s\u2019aprovecha pa<strong> presentar novedaes en rellaci\u00f3n a la maternid\u00e1<\/strong>, como la que s\u2019entamar\u00e1 bien llueu nel Hospital de Xarrio, posiblemente a finales d\u2019esti mes. Les madres que paran per ces\u00e1rea y\u00e1 nun tendr\u00e1n qu\u2019abandonar a los sos \u00f1\u00e1caros na reanimaci\u00f3n, que podr\u00e1 recibir na sala de partos.<\/p>\n<p>Angua\u00f1o sol lema \u201c<span style=\"color: #008080\"><strong>Dar priorid\u00e1 a la lactancia materna: crear sistemes de sofitu sostenible\u201d<\/strong><\/span>. Esti lema busca enfocar l&#8217;atenci\u00f3n na importancia de construyir redolaes que faciliten la lactancia materna, tantu a nivel familiar como comu\u00f1al. Les unidaes neonatales del nuesu pa\u00eds y l&#8217;enfermer\u00eda pedi\u00e1trica y neonatal, son pilastres fundamentales nos que sofitase para consiguir esti oxetivu.<\/p>\n<p><span style=\"color: #008080\"><strong>La lactancia materna ye sal\u00fa, v\u00ednculo y futuru.<\/strong> <\/span>Esta selmana pon l&#8217;acentu na necesid\u00e1 de protexer, promover y sofitar la lactancia como una inversi\u00f3n en sal\u00fa y sostenibilid\u00e1.<\/p>\n<p>\ud83c\udf31 Alimentu natural y anovable, ensin emisiones nin borrafes.<br \/>\n\ud83d\udca7 Menor consumu de recursos y agua, mayor bienestar para madres y f\u00edos.<br \/>\n\ud83c\udf0d Una acci\u00f3n clave frente al camb\u00e9u clim\u00e1ticu y para la equid\u00e1 social.<\/p>\n<p>\ud83d\udca1 Esti 2025 los oxetivos son claros: informar, consolidar sofitos, impulsar compromisos y conectar los sistemes de sofitu en tolos \u00e1mbitos.<\/p>\n<p>\ud83d\udc49 Dende la <a href=\"https:\/\/www.instagram.com\/federacion_matronas\/\">FAME<\/a> recordamos que les matrones somos profesionales esenciales nel acompa\u00f1amientu a la lactancia materna, trabayando por que toes les muyeres y les sos criatures puedan exercer esti derechu en condiciones d&#8217;equid\u00e1, respetu y sofitu real.<\/p>\n<p>\ud83e\udd1d La lactancia materna ye responsabilid\u00e1 colectiva.<\/p>\n","protected":false},"excerpt":{"rendered":"<p>Ente&#8217;l 60 y el 70% de los \u00f1\u00e1caros d&#8217;Asturies recibe lleche materno dende la so nacencia El Princip\u00e1u conmemora la Selmana Europea de la Lactancia Materna.\u00a0Cerca del 70% de les madres que paren n\u2019Asturies alimenten a los sos f\u00edos de mano con lleche materno, una cifra que cai a la met\u00e1 pasaos los cuatro meses, [&hellip;]<\/p>\n","protected":false},"author":117,"featured_media":0,"comment_status":"closed","ping_status":"open","sticky":false,"template":"","format":"standard","meta":{"footnotes":""},"categories":[144],"tags":[],"class_list":["post-59507","post","type-post","status-publish","format-standard","hentry","category-semana-de"],"_links":{"self":[{"href":"https:\/\/edublog.educastur.es\/ixuxu\/wp-json\/wp\/v2\/posts\/59507","targetHints":{"allow":["GET"]}}],"collection":[{"href":"https:\/\/edublog.educastur.es\/ixuxu\/wp-json\/wp\/v2\/posts"}],"about":[{"href":"https:\/\/edublog.educastur.es\/ixuxu\/wp-json\/wp\/v2\/types\/post"}],"author":[{"embeddable":true,"href":"https:\/\/edublog.educastur.es\/ixuxu\/wp-json\/wp\/v2\/users\/117"}],"replies":[{"embeddable":true,"href":"https:\/\/edublog.educastur.es\/ixuxu\/wp-json\/wp\/v2\/comments?post=59507"}],"version-history":[{"count":3,"href":"https:\/\/edublog.educastur.es\/ixuxu\/wp-json\/wp\/v2\/posts\/59507\/revisions"}],"predecessor-version":[{"id":59513,"href":"https:\/\/edublog.educastur.es\/ixuxu\/wp-json\/wp\/v2\/posts\/59507\/revisions\/59513"}],"wp:attachment":[{"href":"https:\/\/edublog.educastur.es\/ixuxu\/wp-json\/wp\/v2\/media?parent=59507"}],"wp:term":[{"taxonomy":"category","embeddable":true,"href":"https:\/\/edublog.educastur.es\/ixuxu\/wp-json\/wp\/v2\/categories?post=59507"},{"taxonomy":"post_tag","embeddable":true,"href":"https:\/\/edublog.educastur.es\/ixuxu\/wp-json\/wp\/v2\/tags?post=59507"}],"curies":[{"name":"wp","href":"https:\/\/api.w.org\/{rel}","templated":true}]}}