{"id":59514,"date":"2025-10-08T09:15:51","date_gmt":"2025-10-08T07:15:51","guid":{"rendered":"https:\/\/edublog.educastur.es\/ixuxu\/?p=59514"},"modified":"2025-10-08T19:38:46","modified_gmt":"2025-10-08T17:38:46","slug":"les-nacencies-xuben-nasturies-un-05-hasta-agostu","status":"publish","type":"post","link":"https:\/\/edublog.educastur.es\/ixuxu\/2025\/10\/les-nacencies-xuben-nasturies-un-05-hasta-agostu\/","title":{"rendered":"Les nacencies xuben n&#8217;Asturies un 0,5% hasta agostu"},"content":{"rendered":"<p>Les nacencies xuben n&#8217;Asturies un 0,5% hasta agostu y los fallecimientos baxen un 2,3%. El Princip\u00e1u rexistr\u00f3 nos ocho primeros meses del exerciciu un saldu vexetativu negativu de 5.720 persones. <a href=\"https:\/\/www.rtpa.es\/noticias-asturias-ast\/2025-10-06\/Los-nacimientos-xuben-n'Asturies-un-0,5-hasta-agostu-y-las-muertes-baxen-un-2,3_111759744881.html\">RTPA<\/a><\/p>\n<p style=\"text-align: center\"><a href=\"https:\/\/www.rtpa.es\/fotos\/\/25\/01\/20250119210410_RTPA6079994.webp\"><img loading=\"lazy\" decoding=\"async\" class=\"aligncenter size-large\" src=\"https:\/\/www.rtpa.es\/fotos\/\/25\/01\/20250119210410_RTPA6079994.webp\" width=\"853\" height=\"480\" \/><\/a><\/p>\n<p>&nbsp;<\/p>\n<p class=\"font-size-m padding-b-20 font-weight-b margin-t-16\">El Princip\u00e1u rexistr\u00f3 nos ocho primeros meses del exerciciu un saldu vexetativu negativu de 5.720 persones.<\/p>\n<p>Asturies rexistr\u00f3 ente xineru y agostu 3.095 nacimientos, lo que sup\u00f3n una medr\u00eda del 0,5 por cientu al respective del mesmu periodu del a\u00f1u pas\u00e1u, mientres que la cifra de muertes bax\u00f3 un 2,3 por cientu, hasta 8.815, seg\u00fan los datos asoleyaos esti llunes pola <strong>Socied\u00e1 Asturiana d\u2019Estudios Econ\u00f3micos y Industriales (Sadei). <a href=\"https:\/\/iam.asturias.es\/fecundidad-y-nacimientos\">IAM Asturies<\/a><\/strong><\/p>\n<p><!--more--><\/p>\n<p>El Princip\u00e1u rexistr\u00f3 nos ocho primeros meses del exerciciu un saldu vexetativu negativu de 5.720 persones, inferior en 223 al rexistr\u00e1u nel mesmu periodu del a\u00f1u pas\u00e1u.<\/p>\n<p>Nel a\u00f1u pas\u00e1u, Asturies medr\u00f3\u2019l n\u00famberu de nacimientos un 2,6 por cientu, hasta 4.665, la segunda cifra m\u00e1s baxa de la serie dempu\u00e9s de la rexistrada en 2023 (4.545), mientres que les muertes medraron un 1,1 por cientu, hasta 13.150.<\/p>\n<p style=\"text-align: center\"><a href=\"https:\/\/iam.asturias.es\/image\/journal\/article?img_id=4765369&amp;t=1759842182808\"><img loading=\"lazy\" decoding=\"async\" class=\"aligncenter size-large\" src=\"https:\/\/iam.asturias.es\/image\/journal\/article?img_id=4765369&amp;t=1759842182808\" width=\"311\" height=\"246\" \/><\/a><\/p>\n","protected":false},"excerpt":{"rendered":"<p>Les nacencies xuben n&#8217;Asturies un 0,5% hasta agostu y los fallecimientos baxen un 2,3%. El Princip\u00e1u rexistr\u00f3 nos ocho primeros meses del exerciciu un saldu vexetativu negativu de 5.720 persones. RTPA &nbsp; El Princip\u00e1u rexistr\u00f3 nos ocho primeros meses del exerciciu un saldu vexetativu negativu de 5.720 persones. Asturies rexistr\u00f3 ente xineru y agostu 3.095 [&hellip;]<\/p>\n","protected":false},"author":117,"featured_media":0,"comment_status":"closed","ping_status":"open","sticky":false,"template":"","format":"standard","meta":{"footnotes":""},"categories":[258],"tags":[],"class_list":["post-59514","post","type-post","status-publish","format-standard","hentry","category-estadistiques"],"_links":{"self":[{"href":"https:\/\/edublog.educastur.es\/ixuxu\/wp-json\/wp\/v2\/posts\/59514","targetHints":{"allow":["GET"]}}],"collection":[{"href":"https:\/\/edublog.educastur.es\/ixuxu\/wp-json\/wp\/v2\/posts"}],"about":[{"href":"https:\/\/edublog.educastur.es\/ixuxu\/wp-json\/wp\/v2\/types\/post"}],"author":[{"embeddable":true,"href":"https:\/\/edublog.educastur.es\/ixuxu\/wp-json\/wp\/v2\/users\/117"}],"replies":[{"embeddable":true,"href":"https:\/\/edublog.educastur.es\/ixuxu\/wp-json\/wp\/v2\/comments?post=59514"}],"version-history":[{"count":3,"href":"https:\/\/edublog.educastur.es\/ixuxu\/wp-json\/wp\/v2\/posts\/59514\/revisions"}],"predecessor-version":[{"id":59517,"href":"https:\/\/edublog.educastur.es\/ixuxu\/wp-json\/wp\/v2\/posts\/59514\/revisions\/59517"}],"wp:attachment":[{"href":"https:\/\/edublog.educastur.es\/ixuxu\/wp-json\/wp\/v2\/media?parent=59514"}],"wp:term":[{"taxonomy":"category","embeddable":true,"href":"https:\/\/edublog.educastur.es\/ixuxu\/wp-json\/wp\/v2\/categories?post=59514"},{"taxonomy":"post_tag","embeddable":true,"href":"https:\/\/edublog.educastur.es\/ixuxu\/wp-json\/wp\/v2\/tags?post=59514"}],"curies":[{"name":"wp","href":"https:\/\/api.w.org\/{rel}","templated":true}]}}