{"id":59524,"date":"2025-10-08T08:55:03","date_gmt":"2025-10-08T06:55:03","guid":{"rendered":"https:\/\/edublog.educastur.es\/ixuxu\/?p=59524"},"modified":"2025-10-08T20:04:51","modified_gmt":"2025-10-08T18:04:51","slug":"dia-de-la-dislexia","status":"publish","type":"post","link":"https:\/\/edublog.educastur.es\/ixuxu\/2025\/10\/dia-de-la-dislexia\/","title":{"rendered":"D\u00eda de la Dislexia"},"content":{"rendered":"<p style=\"text-align: center\"><span class=\"x193iq5w xeuugli x13faqbe x1vvkbs xt0psk2 x1i0vuye xvs91rp xo1l8bm x5n08af x10wh9bi xpm28yp x8viiok x1o7cslx x126k92a\"><span class=\"html-span xexx8yu x4uap5 x18d9i69 xkhd6sd x1hl2dhg x16tdsg8 x1vvkbs x3nfvp2 x1j61x8r x1fcty0u xdj266r xat24cr xgzva0m xhhsvwb xxymvpz xlup9mm x1kky2od\">\n<!-- iframe plugin v.6.0 wordpress.org\/plugins\/iframe\/ -->\n<iframe loading=\"lazy\" src=\"https:\/\/www.instagram.com\/reel\/DPhtqZXDhOF\/embed\" width=\"500\" height=\"595\" 0=\"\/iframe\" scrolling=\"yes\" class=\"iframe-class\" frameborder=\"0\"><\/iframe>\n<\/span><\/span><\/p>\n<p style=\"text-align: left\">\ud83d\udc99\u2728 8 de Octubre <strong>D\u00eda de la Dislexia<\/strong> \u2728\ud83d\udc99 el so principal oxetivu ye dar visibilid\u00e1 a esti trestornu del aprendizaxe, qu&#8217;afecta a aprosimao&#8217;l 10% de la poblaci\u00f3n mundial y qu&#8217;impacta na lectoescritura, ensin tar rellacion\u00e1u cola intelixencia.<a href=\"https:\/\/disfam.org\/wp-content\/uploads\/2024\/09\/8OctEsp.png\"> Cartel<\/a> \/<strong><a href=\"https:\/\/disfam.org\/8oct\/\"> web<\/a> <\/strong>\/<\/p>\n<p><a class=\"x1i10hfl xjbqb8w x1ejq31n x18oe1m7 x1sy0etr xstzfhl x972fbf x10w94by x1qhh985 x14e42zd x9f619 x1ypdohk xt0psk2 x3ct3a4 xdj266r x14z9mp xat24cr x1lziwak xexx8yu xyri2b x18d9i69 x1c1uobl x16tdsg8 x1hl2dhg xggy1nq x1a2a7pz _aa9_ _a6hd\" role=\"link\" href=\"https:\/\/www.instagram.com\/explore\/tags\/d%C3%ADadeladislexia\/\">#D\u00edaDeLaDislexia<\/a> <a class=\"x1i10hfl xjbqb8w x1ejq31n x18oe1m7 x1sy0etr xstzfhl x972fbf x10w94by x1qhh985 x14e42zd x9f619 x1ypdohk xt0psk2 x3ct3a4 xdj266r x14z9mp xat24cr x1lziwak xexx8yu xyri2b x18d9i69 x1c1uobl x16tdsg8 x1hl2dhg xggy1nq x1a2a7pz _aa9_ _a6hd\" role=\"link\" href=\"https:\/\/www.instagram.com\/explore\/tags\/inclusi%C3%B3n\/\">#Inclusi\u00f3n<\/a> <a class=\"x1i10hfl xjbqb8w x1ejq31n x18oe1m7 x1sy0etr xstzfhl x972fbf x10w94by x1qhh985 x14e42zd x9f619 x1ypdohk xt0psk2 x3ct3a4 xdj266r x14z9mp xat24cr x1lziwak xexx8yu xyri2b x18d9i69 x1c1uobl x16tdsg8 x1hl2dhg xggy1nq x1a2a7pz _aa9_ _a6hd\" role=\"link\" href=\"https:\/\/www.instagram.com\/explore\/tags\/aprendizajediferente\/\">#AprendizajeDiferente<\/a> <a class=\"x1i10hfl xjbqb8w x1ejq31n x18oe1m7 x1sy0etr xstzfhl x972fbf x10w94by x1qhh985 x14e42zd x9f619 x1ypdohk xt0psk2 x3ct3a4 xdj266r x14z9mp xat24cr x1lziwak xexx8yu xyri2b x18d9i69 x1c1uobl x16tdsg8 x1hl2dhg xggy1nq x1a2a7pz _aa9_ _a6hd\" role=\"link\" href=\"https:\/\/www.instagram.com\/explore\/tags\/dislexia\/\">#Dislexia<\/a> <a class=\"x1i10hfl xjbqb8w x1ejq31n x18oe1m7 x1sy0etr xstzfhl x972fbf x10w94by x1qhh985 x14e42zd x9f619 x1ypdohk xt0psk2 x3ct3a4 xdj266r x14z9mp xat24cr x1lziwak xexx8yu xyri2b x18d9i69 x1c1uobl x16tdsg8 x1hl2dhg xggy1nq x1a2a7pz _aa9_ _a6hd\" role=\"link\" href=\"https:\/\/www.instagram.com\/explore\/tags\/educaci%C3%B3n\/\">#Educaci\u00f3n<\/a> <a class=\"x1i10hfl xjbqb8w x1ejq31n x18oe1m7 x1sy0etr xstzfhl x972fbf x10w94by x1qhh985 x14e42zd x9f619 x1ypdohk xt0psk2 x3ct3a4 xdj266r x14z9mp xat24cr x1lziwak xexx8yu xyri2b x18d9i69 x1c1uobl x16tdsg8 x1hl2dhg xggy1nq x1a2a7pz _aa9_ _a6hd\" role=\"link\" href=\"https:\/\/www.instagram.com\/explore\/tags\/diversidad\/\">#Diversidad<\/a> <a class=\"x1i10hfl xjbqb8w x1ejq31n x18oe1m7 x1sy0etr xstzfhl x972fbf x10w94by x1qhh985 x14e42zd x9f619 x1ypdohk xt0psk2 x3ct3a4 xdj266r x14z9mp xat24cr x1lziwak xexx8yu xyri2b x18d9i69 x1c1uobl x16tdsg8 x1hl2dhg xggy1nq x1a2a7pz _aa9_ _a6hd\" role=\"link\" href=\"https:\/\/www.instagram.com\/explore\/tags\/cpr\/\">#CPR<\/a> \ud83d\udc99<\/p>\n<p><!--more--><\/p>\n<p><strong>\u00bfQu\u00e9 ye la dislexa? <\/strong>Ye un trestornu espec\u00edficu del aprendizaxe de la lectoescritura, persistente y de calter neurobiol\u00f3xicu. <strong>Afecta la capacid\u00e1 para la reconocencia de palabres, la llectura lenta o la comprensi\u00f3n del testu, y l&#8217;escritura. <\/strong>A pesar d&#8217;estes dificultaes, les persones con dislexa nun presenten neng\u00fan problema f\u00edsicu, ps\u00edquicu o sociocultural.<strong> Ye una Dificult\u00e1 Espec\u00edfica del deprendizax.<\/strong><\/p>\n","protected":false},"excerpt":{"rendered":"<p>\ud83d\udc99\u2728 8 de Octubre D\u00eda de la Dislexia \u2728\ud83d\udc99 el so principal oxetivu ye dar visibilid\u00e1 a esti trestornu del aprendizaxe, qu&#8217;afecta a aprosimao&#8217;l 10% de la poblaci\u00f3n mundial y qu&#8217;impacta na lectoescritura, ensin tar rellacion\u00e1u cola intelixencia. Cartel \/ web \/ #D\u00edaDeLaDislexia #Inclusi\u00f3n #AprendizajeDiferente #Dislexia #Educaci\u00f3n #Diversidad #CPR \ud83d\udc99<\/p>\n","protected":false},"author":117,"featured_media":0,"comment_status":"closed","ping_status":"open","sticky":false,"template":"","format":"standard","meta":{"footnotes":""},"categories":[6],"tags":[],"class_list":["post-59524","post","type-post","status-publish","format-standard","hentry","category-dia-de"],"_links":{"self":[{"href":"https:\/\/edublog.educastur.es\/ixuxu\/wp-json\/wp\/v2\/posts\/59524","targetHints":{"allow":["GET"]}}],"collection":[{"href":"https:\/\/edublog.educastur.es\/ixuxu\/wp-json\/wp\/v2\/posts"}],"about":[{"href":"https:\/\/edublog.educastur.es\/ixuxu\/wp-json\/wp\/v2\/types\/post"}],"author":[{"embeddable":true,"href":"https:\/\/edublog.educastur.es\/ixuxu\/wp-json\/wp\/v2\/users\/117"}],"replies":[{"embeddable":true,"href":"https:\/\/edublog.educastur.es\/ixuxu\/wp-json\/wp\/v2\/comments?post=59524"}],"version-history":[{"count":8,"href":"https:\/\/edublog.educastur.es\/ixuxu\/wp-json\/wp\/v2\/posts\/59524\/revisions"}],"predecessor-version":[{"id":59537,"href":"https:\/\/edublog.educastur.es\/ixuxu\/wp-json\/wp\/v2\/posts\/59524\/revisions\/59537"}],"wp:attachment":[{"href":"https:\/\/edublog.educastur.es\/ixuxu\/wp-json\/wp\/v2\/media?parent=59524"}],"wp:term":[{"taxonomy":"category","embeddable":true,"href":"https:\/\/edublog.educastur.es\/ixuxu\/wp-json\/wp\/v2\/categories?post=59524"},{"taxonomy":"post_tag","embeddable":true,"href":"https:\/\/edublog.educastur.es\/ixuxu\/wp-json\/wp\/v2\/tags?post=59524"}],"curies":[{"name":"wp","href":"https:\/\/api.w.org\/{rel}","templated":true}]}}