{"id":59531,"date":"2025-10-08T14:00:52","date_gmt":"2025-10-08T12:00:52","guid":{"rendered":"https:\/\/edublog.educastur.es\/ixuxu\/?p=59531"},"modified":"2025-10-08T20:13:32","modified_gmt":"2025-10-08T18:13:32","slug":"xornaes-gastronomiques-del-desarme-del-16-26-dochobre","status":"publish","type":"post","link":"https:\/\/edublog.educastur.es\/ixuxu\/2025\/10\/xornaes-gastronomiques-del-desarme-del-16-26-dochobre\/","title":{"rendered":"Xornaes Gastron\u00f3miques del Desarme, del 16-26 d&#8217;ochobre"},"content":{"rendered":"<p style=\"text-align: center\"><span class=\"x193iq5w xeuugli x13faqbe x1vvkbs xt0psk2 x1i0vuye xvs91rp xo1l8bm x5n08af x10wh9bi xpm28yp x8viiok x1o7cslx x126k92a\"><span class=\"html-span xexx8yu x4uap5 x18d9i69 xkhd6sd x1hl2dhg x16tdsg8 x1vvkbs x3nfvp2 x1j61x8r x1fcty0u xdj266r xat24cr xgzva0m xhhsvwb xxymvpz xlup9mm x1kky2od\">\n<!-- iframe plugin v.6.0 wordpress.org\/plugins\/iframe\/ -->\n<iframe loading=\"lazy\" src=\"https:\/\/www.instagram.com\/reel\/DPhHK7pjNNt\/embed\" width=\"500\" height=\"640\" 0=\"\/iframe\" scrolling=\"yes\" class=\"iframe-class\" frameborder=\"0\"><\/iframe>\n<\/span><\/span><\/p>\n<p>\u2694\ufe0f Lo qu&#8217;empez\u00f3 como un homenaxe a los h\u00e9roes de 1836 convirti\u00f3se n&#8217;una de les cites gastron\u00f3miques m\u00e1s esperaes de la seronda: el Desarme d&#8217;Uvi\u00e9u. M\u00e1s de 40.000 men\u00faes, desfiles hist\u00f3ricos y actividaes llenes de sabor n&#8217;una cita que y\u00e1 ye <span style=\"color: #008080\"><strong>Fiesta d&#8217;Inter\u00e9s Tur\u00edsticu nacional.<\/strong><\/span> \ud83d\udcc5 Del 16 al 26 d&#8217;ochobre, esfruta de les <strong>Xornaes Gastron\u00f3miques del Desarme<\/strong> y de los Taraga\u00f1os del Desarme, con tapes inspiraes nel tradicional men\u00fa.<\/p>\n<p><!--more--><\/p>\n<p>\ud83c\udfba 18 d&#8217;ochobre: recreaciones hist\u00f3riques, desfiles de d\u00f3mina y proyecci\u00f3n de la Hestoria del Desarme\u201d sobro la fachada de San *Isidoro.<br \/>\n\ud83c\udf7e 19 d&#8217;ochobre: brinde popular con sidra na Plaza de la Constituci\u00f3n, el gran d\u00eda de la fiesta. \u2139\ufe0f <a href=\"http:\/\/www.eldesarme.es\">eldesarme.es<\/a><\/p>\n<p><a class=\"x1i10hfl xjbqb8w x1ejq31n x18oe1m7 x1sy0etr xstzfhl x972fbf x10w94by x1qhh985 x14e42zd x9f619 x1ypdohk xt0psk2 x3ct3a4 xdj266r x14z9mp xat24cr x1lziwak xexx8yu xyri2b x18d9i69 x1c1uobl x16tdsg8 x1hl2dhg xggy1nq x1a2a7pz _aa9_ _a6hd\" role=\"link\" href=\"https:\/\/www.instagram.com\/explore\/tags\/oviedo\/\">#Oviedo<\/a><br \/>\n<a class=\"x1i10hfl xjbqb8w x1ejq31n x18oe1m7 x1sy0etr xstzfhl x972fbf x10w94by x1qhh985 x14e42zd x9f619 x1ypdohk xt0psk2 x3ct3a4 xdj266r x14z9mp xat24cr x1lziwak xexx8yu xyri2b x18d9i69 x1c1uobl x16tdsg8 x1hl2dhg xggy1nq x1a2a7pz _aa9_ _a6hd\" role=\"link\" href=\"https:\/\/www.instagram.com\/explore\/tags\/eldesarme\/\">#ElDesarme<\/a><br \/>\n<a class=\"x1i10hfl xjbqb8w x1ejq31n x18oe1m7 x1sy0etr xstzfhl x972fbf x10w94by x1qhh985 x14e42zd x9f619 x1ypdohk xt0psk2 x3ct3a4 xdj266r x14z9mp xat24cr x1lziwak xexx8yu xyri2b x18d9i69 x1c1uobl x16tdsg8 x1hl2dhg xggy1nq x1a2a7pz _aa9_ _a6hd\" role=\"link\" href=\"https:\/\/www.instagram.com\/explore\/tags\/oviedogastro\/\">#OviedoGastro<\/a><br \/>\n<a class=\"x1i10hfl xjbqb8w x1ejq31n x18oe1m7 x1sy0etr xstzfhl x972fbf x10w94by x1qhh985 x14e42zd x9f619 x1ypdohk xt0psk2 x3ct3a4 xdj266r x14z9mp xat24cr x1lziwak xexx8yu xyri2b x18d9i69 x1c1uobl x16tdsg8 x1hl2dhg xggy1nq x1a2a7pz _aa9_ _a6hd\" role=\"link\" href=\"https:\/\/www.instagram.com\/explore\/tags\/oviedococinaqueconquista\/\">#OviedoCocinaQueConquista<\/a><br \/>\n<a class=\"x1i10hfl xjbqb8w x1ejq31n x18oe1m7 x1sy0etr xstzfhl x972fbf x10w94by x1qhh985 x14e42zd x9f619 x1ypdohk xt0psk2 x3ct3a4 xdj266r x14z9mp xat24cr x1lziwak xexx8yu xyri2b x18d9i69 x1c1uobl x16tdsg8 x1hl2dhg xggy1nq x1a2a7pz _aa9_ _a6hd\" role=\"link\" href=\"https:\/\/www.instagram.com\/explore\/tags\/festivaldebandasdem%C3%BAsica\/\">#FestivalDeBandasDeM\u00fasica<\/a><\/p>\n<p style=\"text-align: center\"><span class=\"x193iq5w xeuugli x13faqbe x1vvkbs xt0psk2 x1i0vuye xvs91rp xo1l8bm x5n08af x10wh9bi xpm28yp x8viiok x1o7cslx x126k92a\"><span class=\"html-span xexx8yu x4uap5 x18d9i69 xkhd6sd x1hl2dhg x16tdsg8 x1vvkbs x3nfvp2 x1j61x8r x1fcty0u xdj266r xat24cr xgzva0m xhhsvwb xxymvpz xlup9mm x1kky2od\">\n<!-- iframe plugin v.6.0 wordpress.org\/plugins\/iframe\/ -->\n<iframe loading=\"lazy\" src=\"https:\/\/www.instagram.com\/reel\/DPgnh4_jHDH\/embed\" width=\"500\" height=\"640\" 0=\"\/iframe\" scrolling=\"yes\" class=\"iframe-class\" frameborder=\"0\"><\/iframe>\n<\/span><\/span><\/p>\n","protected":false},"excerpt":{"rendered":"<p>\u2694\ufe0f Lo qu&#8217;empez\u00f3 como un homenaxe a los h\u00e9roes de 1836 convirti\u00f3se n&#8217;una de les cites gastron\u00f3miques m\u00e1s esperaes de la seronda: el Desarme d&#8217;Uvi\u00e9u. M\u00e1s de 40.000 men\u00faes, desfiles hist\u00f3ricos y actividaes llenes de sabor n&#8217;una cita que y\u00e1 ye Fiesta d&#8217;Inter\u00e9s Tur\u00edsticu nacional. \ud83d\udcc5 Del 16 al 26 d&#8217;ochobre, esfruta de les Xornaes [&hellip;]<\/p>\n","protected":false},"author":117,"featured_media":0,"comment_status":"closed","ping_status":"open","sticky":false,"template":"","format":"standard","meta":{"footnotes":""},"categories":[478],"tags":[],"class_list":["post-59531","post","type-post","status-publish","format-standard","hentry","category-fiestes-dinteres-turisticu"],"_links":{"self":[{"href":"https:\/\/edublog.educastur.es\/ixuxu\/wp-json\/wp\/v2\/posts\/59531","targetHints":{"allow":["GET"]}}],"collection":[{"href":"https:\/\/edublog.educastur.es\/ixuxu\/wp-json\/wp\/v2\/posts"}],"about":[{"href":"https:\/\/edublog.educastur.es\/ixuxu\/wp-json\/wp\/v2\/types\/post"}],"author":[{"embeddable":true,"href":"https:\/\/edublog.educastur.es\/ixuxu\/wp-json\/wp\/v2\/users\/117"}],"replies":[{"embeddable":true,"href":"https:\/\/edublog.educastur.es\/ixuxu\/wp-json\/wp\/v2\/comments?post=59531"}],"version-history":[{"count":5,"href":"https:\/\/edublog.educastur.es\/ixuxu\/wp-json\/wp\/v2\/posts\/59531\/revisions"}],"predecessor-version":[{"id":59545,"href":"https:\/\/edublog.educastur.es\/ixuxu\/wp-json\/wp\/v2\/posts\/59531\/revisions\/59545"}],"wp:attachment":[{"href":"https:\/\/edublog.educastur.es\/ixuxu\/wp-json\/wp\/v2\/media?parent=59531"}],"wp:term":[{"taxonomy":"category","embeddable":true,"href":"https:\/\/edublog.educastur.es\/ixuxu\/wp-json\/wp\/v2\/categories?post=59531"},{"taxonomy":"post_tag","embeddable":true,"href":"https:\/\/edublog.educastur.es\/ixuxu\/wp-json\/wp\/v2\/tags?post=59531"}],"curies":[{"name":"wp","href":"https:\/\/api.w.org\/{rel}","templated":true}]}}