{"id":59577,"date":"2025-10-09T08:28:06","date_gmt":"2025-10-09T06:28:06","guid":{"rendered":"https:\/\/edublog.educastur.es\/ixuxu\/?p=59577"},"modified":"2025-10-09T08:29:33","modified_gmt":"2025-10-09T06:29:33","slug":"el-tiempu-2","status":"publish","type":"post","link":"https:\/\/edublog.educastur.es\/ixuxu\/2025\/10\/el-tiempu-2\/","title":{"rendered":"El tiempu n&#8217;Asturies (El Comercio)"},"content":{"rendered":"<p style=\"text-align: center\"><a href=\"https:\/\/s1.ppllstatics.com\/elcomercio\/www\/multimedia\/2025\/10\/08\/prevision-tiempo-asturias-kfnC-U2302588077118HVD-1200x870@El%20Comercio.jpg\"><img loading=\"lazy\" decoding=\"async\" class=\"aligncenter size-large\" src=\"https:\/\/s1.ppllstatics.com\/elcomercio\/www\/multimedia\/2025\/10\/08\/prevision-tiempo-asturias-kfnC-U2302588077118HVD-1200x870@El%20Comercio.jpg\" width=\"1200\" height=\"870\" \/><\/a><\/p>\n<p>Esperamos un d\u00eda marc\u00e1u pola nubosid\u00e1. Tantu<strong> pela ma\u00f1ana como pela tarde<\/strong> les nubes van tar presentes nel cielu, anque nel casu de la tarde nun se refuga que puedan ser daqu\u00e9 menos compactes.<strong> Les precipitaciones<\/strong> nun se refuguen pero, asina tou, van ser d\u00e9biles o bien d\u00e9biles. <strong>Los vientos<\/strong> van predominar de nord\u00e9s-esti con posibilid\u00e1 de raches moderaes especialmente na mari\u00f1a. <strong>Les temperatures m\u00e1ximes<\/strong> van baxar na met\u00e1 sur asturiana ente unu y dos graos, salvo en zones altes del cordal onde podr\u00eden baxar hasta 3 \u00baC. Na met\u00e1 norte, sicas\u00ed, nun van esperimentar variaciones significatives. <strong>Les temperatures m\u00ednimes<\/strong> van xubir bien llixeramente na mari\u00f1a y nel occidente, van #caltener nel restu.<\/p>\n<p><!--more--><\/p>\n<p><strong>El vienres<\/strong> prevese abondo meyor tiempu con un encl\u00edn a abrise grandes claros conforme trescurran les hores. Igualmente, <strong>el s\u00e1badu y el domingu<\/strong> vamos esfrutar de dos d\u00edes soleyeros en tol Princip\u00e1u. Am\u00e1s, les temperatures van tender a l&#8217;alza, siendo&#8217;l domingu&#8217;l d\u00eda m\u00e1s prestosu.<\/p>\n","protected":false},"excerpt":{"rendered":"<p>Esperamos un d\u00eda marc\u00e1u pola nubosid\u00e1. Tantu pela ma\u00f1ana como pela tarde les nubes van tar presentes nel cielu, anque nel casu de la tarde nun se refuga que puedan ser daqu\u00e9 menos compactes. Les precipitaciones nun se refuguen pero, asina tou, van ser d\u00e9biles o bien d\u00e9biles. Los vientos van predominar de nord\u00e9s-esti con [&hellip;]<\/p>\n","protected":false},"author":117,"featured_media":0,"comment_status":"closed","ping_status":"open","sticky":false,"template":"","format":"standard","meta":{"footnotes":""},"categories":[5],"tags":[],"class_list":["post-59577","post","type-post","status-publish","format-standard","hentry","category-tiempu"],"_links":{"self":[{"href":"https:\/\/edublog.educastur.es\/ixuxu\/wp-json\/wp\/v2\/posts\/59577","targetHints":{"allow":["GET"]}}],"collection":[{"href":"https:\/\/edublog.educastur.es\/ixuxu\/wp-json\/wp\/v2\/posts"}],"about":[{"href":"https:\/\/edublog.educastur.es\/ixuxu\/wp-json\/wp\/v2\/types\/post"}],"author":[{"embeddable":true,"href":"https:\/\/edublog.educastur.es\/ixuxu\/wp-json\/wp\/v2\/users\/117"}],"replies":[{"embeddable":true,"href":"https:\/\/edublog.educastur.es\/ixuxu\/wp-json\/wp\/v2\/comments?post=59577"}],"version-history":[{"count":3,"href":"https:\/\/edublog.educastur.es\/ixuxu\/wp-json\/wp\/v2\/posts\/59577\/revisions"}],"predecessor-version":[{"id":59580,"href":"https:\/\/edublog.educastur.es\/ixuxu\/wp-json\/wp\/v2\/posts\/59577\/revisions\/59580"}],"wp:attachment":[{"href":"https:\/\/edublog.educastur.es\/ixuxu\/wp-json\/wp\/v2\/media?parent=59577"}],"wp:term":[{"taxonomy":"category","embeddable":true,"href":"https:\/\/edublog.educastur.es\/ixuxu\/wp-json\/wp\/v2\/categories?post=59577"},{"taxonomy":"post_tag","embeddable":true,"href":"https:\/\/edublog.educastur.es\/ixuxu\/wp-json\/wp\/v2\/tags?post=59577"}],"curies":[{"name":"wp","href":"https:\/\/api.w.org\/{rel}","templated":true}]}}