{"id":59587,"date":"2025-10-09T13:47:58","date_gmt":"2025-10-09T11:47:58","guid":{"rendered":"https:\/\/edublog.educastur.es\/ixuxu\/?p=59587"},"modified":"2025-10-09T13:48:09","modified_gmt":"2025-10-09T11:48:09","slug":"iv-seronda-fest-en-la-foz-de-morcin","status":"publish","type":"post","link":"https:\/\/edublog.educastur.es\/ixuxu\/2025\/10\/iv-seronda-fest-en-la-foz-de-morcin\/","title":{"rendered":"IV Seronda Fest, en La Foz de Morc\u00edn, esti s\u00e1badu"},"content":{"rendered":"<div class=\"html-div xdj266r x14z9mp xat24cr x1lziwak xsag5q8 xz9dl7a xv54qhq xf7dkkf x1jx94hy\">\n<div class=\"html-div xdj266r x14z9mp xat24cr x1lziwak xexx8yu xyri2b x18d9i69 x1c1uobl x78zum5 x1q0g3np x1ba4aug\">\n<div class=\"html-div xdj266r x14z9mp xat24cr x1lziwak xexx8yu xyri2b x18d9i69 x1c1uobl x1iyjqo2 xeuugli\">\n<div class=\"x78zum5 xdt5ytf xz62fqu x16ldp7u\">\n<div class=\"xu06os2 x1ok221b\">\n<ul>\n<li class=\"html-h3 x14z9mp xat24cr x1lziwak xexx8yu xyri2b x18d9i69 x1c1uobl x1vvkbs x1heor9g x1qlqyl8 x1pd3egz x1a2a7pz x1gslohp x1yc453h\"><span class=\"x78zum5 x1q0g3np\"><span class=\"x1lliihq x6ikm8r x10wlt62 x1n2onr6 xlyipyv xuxw1ft\"><span class=\"xt0psk2\"><a class=\"x1i10hfl xjbqb8w x1ejq31n x18oe1m7 x1sy0etr xstzfhl x972fbf x10w94by x1qhh985 x14e42zd x9f619 x1ypdohk xt0psk2 x3ct3a4 xdj266r x14z9mp xat24cr x1lziwak xexx8yu xyri2b x18d9i69 x1c1uobl x16tdsg8 x1hl2dhg xggy1nq x1a2a7pz xkrqix3 x1sur9pj xzsf02u x1s688f\" role=\"link\" href=\"https:\/\/www.facebook.com\/musicasturiana?__cft__[0]=AZVFoBHvir-GmzIMo_wIgoC-iMZBkFqfI3Mv2_CaWbgmVUNLNpu6oDUPS2FroJdJvO3HJYXSXLFTkQd8ank9DFHqb4vCQ6IkvorLDiI-FLQAxfP3_8WA_KJ8N6-FfWebG9jtHZj0sr_4eXCL79gwZVAP_s4bP-WmXunpUPwvyQ78FPg7OOPS6QsN7jzBg6ZBgcK0-4XuUgASycuYoqoxRuka&amp;__tn__=-UC%2CP-y-R\"><b class=\"html-b xdj266r x14z9mp xat24cr x1lziwak xexx8yu xyri2b x18d9i69 x1c1uobl x1hl2dhg x16tdsg8 x1vvkbs x1s688f\"><span class=\"html-span xdj266r x14z9mp xat24cr x1lziwak xexx8yu xyri2b x18d9i69 x1c1uobl x1hl2dhg x16tdsg8 x1vvkbs\">musicasturiana.com<\/span><\/b><\/a><\/span><\/span><\/span>\/ <a href=\"https:\/\/musicasturiana.com\/el-rock-astur-pon-ritmu-al-festival-cerveza-seronda-fest-2025-esti-sabadu\/\">Art\u00edculu<\/a> \/<\/li>\n<\/ul>\n<p style=\"text-align: center\"><a href=\"https:\/\/musicasturiana.com\/wp-content\/uploads\/2025\/10\/skama-ochobre.jpg\"><img loading=\"lazy\" decoding=\"async\" class=\"aligncenter size-large\" src=\"https:\/\/musicasturiana.com\/wp-content\/uploads\/2025\/10\/skama-ochobre.jpg\" width=\"1200\" height=\"600\" \/><\/a><\/p>\n<\/div>\n<div class=\"xu06os2 x1ok221b\">\n<div class=\"html-div xdj266r x14z9mp xat24cr x1lziwak xexx8yu xyri2b x18d9i69 x1c1uobl x6s0dn4 x17zd0t2 x78zum5 x1q0g3np x1a02dak\"><\/div>\n<\/div>\n<\/div>\n<\/div>\n<\/div>\n<\/div>\n<div class=\"html-div xdj266r x14z9mp xat24cr x1lziwak xexx8yu xyri2b x18d9i69 x1c1uobl\" dir=\"auto\">\n<div class=\"html-div xdj266r x14z9mp xat24cr x1lziwak xexx8yu xyri2b x18d9i69 x1c1uobl\" dir=\"auto\">\n<div class=\"html-div xdj266r x14z9mp xat24cr x1lziwak xexx8yu xyri2b x18d9i69 x1c1uobl\" data-ad-rendering-role=\"story_message\">\n<div class=\"x1l90r2v x1iorvi4 x1g0dm76 xpdmqnj\" data-ad-comet-preview=\"message\" data-ad-preview=\"message\">\n<div class=\"x78zum5 xdt5ytf xz62fqu x16ldp7u\">\n<div class=\"xu06os2 x1ok221b\">\n<div class=\"html-div xdj266r x14z9mp xat24cr x1lziwak xexx8yu xyri2b x18d9i69 x1c1uobl\">\n<div class=\"xdj266r x14z9mp xat24cr x1lziwak x1vvkbs x126k92a\">\n<div dir=\"auto\">Esti s\u00e1badu La Foz de Morc\u00edn acueye&#8217;l <strong>IV Seronda Fest<\/strong>, festival de cerveza artesano nel que la m\u00fasica&#8217;l pa\u00eds ta presente <span class=\"html-span xexx8yu xyri2b x18d9i69 x1c1uobl x1hl2dhg x16tdsg8 x1vvkbs x3nfvp2 x1j61x8r x1fcty0u xdj266r xat24cr xm2jcoa x1mpyi22 xxymvpz xlup9mm x1kky2od\"><img loading=\"lazy\" decoding=\"async\" class=\"xz74otr x15mokao x1ga7v0g x16uus16 xbiv7yw\" src=\"https:\/\/static.xx.fbcdn.net\/images\/emoji.php\/v9\/t15\/1\/16\/1f37a.png\" alt=\"\ud83c\udf7a\" width=\"16\" height=\"16\" \/><\/span><span class=\"html-span xexx8yu xyri2b x18d9i69 x1c1uobl x1hl2dhg x16tdsg8 x1vvkbs x3nfvp2 x1j61x8r x1fcty0u xdj266r xat24cr xm2jcoa x1mpyi22 xxymvpz xlup9mm x1kky2od\"><img loading=\"lazy\" decoding=\"async\" class=\"xz74otr x15mokao x1ga7v0g x16uus16 xbiv7yw\" src=\"https:\/\/static.xx.fbcdn.net\/images\/emoji.php\/v9\/t1f\/1\/16\/1f3b6.png\" alt=\"\ud83c\udfb6\" width=\"16\" height=\"16\" \/><\/span> Nesta ocasi\u00f3n el protagonismu va ponelo\u2019l rock astur gracies a los conciertos que, dende les 22.30h, van dar el grupu punk-ska <span class=\"html-span xdj266r x14z9mp xat24cr x1lziwak xexx8yu xyri2b x18d9i69 x1c1uobl x1hl2dhg x16tdsg8 x1vvkbs\"><a class=\"x1i10hfl xjbqb8w x1ejq31n x18oe1m7 x1sy0etr xstzfhl x972fbf x10w94by x1qhh985 x14e42zd x9f619 x1ypdohk xt0psk2 x3ct3a4 xdj266r x14z9mp xat24cr x1lziwak xexx8yu xyri2b x18d9i69 x1c1uobl x16tdsg8 x1hl2dhg xggy1nq x1a2a7pz xkrqix3 x1sur9pj x1fey0fg x1s688f\" role=\"link\" href=\"https:\/\/www.facebook.com\/SkamaLaRedeOficial?__cft__[0]=AZVFoBHvir-GmzIMo_wIgoC-iMZBkFqfI3Mv2_CaWbgmVUNLNpu6oDUPS2FroJdJvO3HJYXSXLFTkQd8ank9DFHqb4vCQ6IkvorLDiI-FLQAxfP3_8WA_KJ8N6-FfWebG9jtHZj0sr_4eXCL79gwZVAP_s4bP-WmXunpUPwvyQ78FPg7OOPS6QsN7jzBg6ZBgcK0-4XuUgASycuYoqoxRuka&amp;__tn__=-]K-y-R\"><span class=\"xt0psk2\"><span class=\"xjp7ctv\">Skama La Rede<\/span><\/span><\/a><\/span> y la formaci\u00f3n punk-folk <span class=\"html-span xdj266r x14z9mp xat24cr x1lziwak xexx8yu xyri2b x18d9i69 x1c1uobl x1hl2dhg x16tdsg8 x1vvkbs\"><a class=\"x1i10hfl xjbqb8w x1ejq31n x18oe1m7 x1sy0etr xstzfhl x972fbf x10w94by x1qhh985 x14e42zd x9f619 x1ypdohk xt0psk2 x3ct3a4 xdj266r x14z9mp xat24cr x1lziwak xexx8yu xyri2b x18d9i69 x1c1uobl x16tdsg8 x1hl2dhg xggy1nq x1a2a7pz xkrqix3 x1sur9pj x1fey0fg x1s688f\" role=\"link\" href=\"https:\/\/www.facebook.com\/OchobrePunkRock?__cft__[0]=AZVFoBHvir-GmzIMo_wIgoC-iMZBkFqfI3Mv2_CaWbgmVUNLNpu6oDUPS2FroJdJvO3HJYXSXLFTkQd8ank9DFHqb4vCQ6IkvorLDiI-FLQAxfP3_8WA_KJ8N6-FfWebG9jtHZj0sr_4eXCL79gwZVAP_s4bP-WmXunpUPwvyQ78FPg7OOPS6QsN7jzBg6ZBgcK0-4XuUgASycuYoqoxRuka&amp;__tn__=-]K-y-R\"><span class=\"xt0psk2\"><span class=\"xjp7ctv\">Ochobre<\/span><\/span><\/a><\/span> <span class=\"html-span xexx8yu xyri2b x18d9i69 x1c1uobl x1hl2dhg x16tdsg8 x1vvkbs x3nfvp2 x1j61x8r x1fcty0u xdj266r xat24cr xm2jcoa x1mpyi22 xxymvpz xlup9mm x1kky2od\"><img loading=\"lazy\" decoding=\"async\" class=\"xz74otr x15mokao x1ga7v0g x16uus16 xbiv7yw\" src=\"https:\/\/static.xx.fbcdn.net\/images\/emoji.php\/v9\/t8e\/1\/16\/1f941.png\" alt=\"\ud83e\udd41\" width=\"16\" height=\"16\" \/><\/span>Tami\u00e9n act\u00faa xunto a ellos Fata Morgana y durante\u2019l d\u00eda va haber pases de la bandina de m\u00fasica tradicional Cuatrol\u00e1n.<\/div>\n<div dir=\"auto\"><\/div>\n<\/div>\n<\/div>\n<\/div>\n<\/div>\n<\/div>\n<\/div>\n<\/div>\n<\/div>\n<p><!--more--><\/p>\n<div class=\"elementor-element elementor-element-a767a8c elementor-widget__width-inherit elementor-widget elementor-widget-theme-post-content\" data-id=\"a767a8c\" data-element_type=\"widget\" data-widget_type=\"theme-post-content.default\">\n<div class=\"elementor-widget-container\">\n<p>Esti s\u00e1badu 11 d\u2019ochobre la Pe\u00f1a El Ca\u00f1u organiza la cuarta edici\u00f3n del festival de cerveza artesano <strong>Seronda Fest<\/strong>.\u00a0<strong>La Foz de Morc\u00edn<\/strong>, en Llugar de Riba, va acoyer dende les 11.30h esti eventu nel qu\u2019am\u00e1s de cerveza hai zona d\u2019aparcamientu, zona d\u2019autocaravanes puestos de comida casero y\u00a0<strong>m\u00fasica\u2019l pa\u00eds<\/strong>. Nesta ocasi\u00f3n el protagonismu va ponelo\u2019l<strong>\u00a0rock astur<\/strong>\u00a0gracies a los conciertos que, dende les 22.30h, van dar el grupu punk-ska\u00a0<strong>Skama la Rede<\/strong>\u00a0y la formaci\u00f3n punk-folk\u00a0<strong>Ochobre<\/strong>. Tami\u00e9n act\u00faa xunto a ellos Fata Morgana y durante\u2019l d\u00eda va haber pases de la bandina de m\u00fasica tradicional\u00a0<strong>Cuatrol\u00e1n<\/strong>.<\/p>\n<p>Skama la Rede t\u00e1n a piques d\u2019asoleyar el<strong>\u00a0vinilu del so 20 aniversariu<\/strong>\u00a0y nos sos conciertos t\u00e1n presentando dalgunos de los temes nuevos que van formar parte d\u2019esti trabayu. Pela so parte, Ochobre t\u00e1n inmersos na xira de\u00a0<strong><em>La rabia nos dientes<\/em>\u00a0<\/strong>el so segundu trabayu discogr\u00e1ficu que llanzaron el pas\u00e1u 4 de xunetu. La d\u2019esti s\u00e1badu ye una oportunid\u00e1 pa poder ver otra vuelta xuntos en directo a estos grupos de\u00a0<strong>dos xeneraciones distintes<\/strong>\u00a0de rock n\u2019asturianu que tantes vegaes collaboraron enriba d\u2019un escenariu.<\/p>\n<div class=\"wp-block-spacer\" aria-hidden=\"true\"><\/div>\n<p>&nbsp;<\/p>\n<\/div>\n<\/div>\n<div class=\"elementor-element elementor-element-6d96732 elementor-widget__width-inherit elementor-post-navigation-borders-yes elementor-widget elementor-widget-post-navigation\" data-id=\"6d96732\" data-element_type=\"widget\" data-widget_type=\"post-navigation.default\">\n<div class=\"elementor-widget-container\">\n<div class=\"elementor-post-navigation\"><\/div>\n<\/div>\n<\/div>\n<div class=\"elementor-element elementor-element-dcf4849 e-con-full e-flex e-con e-child\" data-id=\"dcf4849\" data-element_type=\"container\">\n<div class=\"elementor-element elementor-element-edeaa8a elementor-widget elementor-widget-heading\" data-id=\"edeaa8a\" data-element_type=\"widget\" data-widget_type=\"heading.default\">\n<div class=\"elementor-widget-container\">\n<p class=\"elementor-heading-title elementor-size-default\" style=\"text-align: center\"><a href=\"https:\/\/musicasturiana.com\/wp-content\/uploads\/2025\/09\/548293758_4481564865398991_2926216980883379131_n.jpg\"><img loading=\"lazy\" decoding=\"async\" class=\"aligncenter size-large\" src=\"https:\/\/musicasturiana.com\/wp-content\/uploads\/2025\/09\/548293758_4481564865398991_2926216980883379131_n.jpg\" width=\"509\" height=\"720\" \/><\/a><\/p>\n<\/div>\n<\/div>\n<div class=\"elementor-element elementor-element-7defbb4 elementor-grid-5 elementor-grid-tablet-3 elementor-grid-mobile-1 elementor-widget elementor-widget-loop-grid\" data-id=\"7defbb4\" data-element_type=\"widget\" data-settings=\"{&quot;template_id&quot;:32921,&quot;columns&quot;:5,&quot;pagination_type&quot;:&quot;numbers_and_prev_next&quot;,&quot;columns_tablet&quot;:3,&quot;row_gap_mobile&quot;:{&quot;unit&quot;:&quot;px&quot;,&quot;size&quot;:0,&quot;sizes&quot;:[]},&quot;pagination_load_type&quot;:&quot;ajax&quot;,&quot;row_gap_tablet&quot;:{&quot;unit&quot;:&quot;px&quot;,&quot;size&quot;:5,&quot;sizes&quot;:[]},&quot;_skin&quot;:&quot;post&quot;,&quot;columns_mobile&quot;:&quot;1&quot;,&quot;edit_handle_selector&quot;:&quot;[data-elementor-type=\\&quot;loop-item\\&quot;]&quot;,&quot;row_gap&quot;:{&quot;unit&quot;:&quot;px&quot;,&quot;size&quot;:&quot;&quot;,&quot;sizes&quot;:[]}}\" data-widget_type=\"loop-grid.post\">\n<div class=\"elementor-widget-container\">\n<div class=\"elementor-loop-container elementor-grid\">\n<div class=\"elementor elementor-32921 e-loop-item e-loop-item-43436 post-43436 post type-post status-publish format-standard has-post-thumbnail hentry category-lanzamientos tag-ochobre tag-videoclips\" data-elementor-type=\"loop-item\" data-elementor-id=\"32921\" data-elementor-post-type=\"elementor_library\" data-custom-edit-handle=\"1\">\n<div class=\"elementor-element elementor-element-6f51b60e e-flex e-con-boxed e-con e-parent e-lazyloaded\" data-id=\"6f51b60e\" data-element_type=\"container\">\n<div class=\"e-con-inner\">\n<div class=\"elementor-element elementor-element-3bf9e1df elementor-widget-mobile__width-initial elementor-widget elementor-widget-theme-post-featured-image elementor-widget-image\" data-id=\"3bf9e1df\" data-element_type=\"widget\" data-widget_type=\"theme-post-featured-image.default\"><\/div>\n<div class=\"elementor-element elementor-element-14771f65 elementor-widget-mobile__width-initial elementor-widget elementor-widget-heading\" data-id=\"14771f65\" data-element_type=\"widget\" data-widget_type=\"heading.default\">\n<div class=\"elementor-widget-container\">\n<p class=\"elementor-heading-title elementor-size-default\"><a href=\"https:\/\/musicasturiana.com\/ochobre-asoleyal-videoclip-de-escuela-damor\/\">Ochobre asoleya\u2019l videoclip de \u2018Escuela d\u2019amor\u2019<\/a><\/p>\n<\/div>\n<\/div>\n<\/div>\n<\/div>\n<\/div>\n<div class=\"elementor elementor-32921 e-loop-item e-loop-item-42901 post-42901 post type-post status-publish format-standard has-post-thumbnail hentry category-eventos tag-skama-la-rede\" data-elementor-type=\"loop-item\" data-elementor-id=\"32921\" data-elementor-post-type=\"elementor_library\" data-custom-edit-handle=\"1\">\n<div class=\"elementor-element elementor-element-6f51b60e e-flex e-con-boxed e-con e-parent e-lazyloaded\" data-id=\"6f51b60e\" data-element_type=\"container\">\n<div class=\"e-con-inner\">\n<div class=\"elementor-element elementor-element-3bf9e1df elementor-widget-mobile__width-initial elementor-widget elementor-widget-theme-post-featured-image elementor-widget-image\" data-id=\"3bf9e1df\" data-element_type=\"widget\" data-widget_type=\"theme-post-featured-image.default\">\n<div class=\"elementor-widget-container\"><a href=\"https:\/\/musicasturiana.com\/skama-la-rede-van-tocar-nasturies-cola-mitica-banda-britanica-bad-manners\/\"><img loading=\"lazy\" decoding=\"async\" class=\"attachment-full size-full wp-image-3040\" src=\"https:\/\/musicasturiana.com\/wp-content\/uploads\/2021\/04\/skamalarede-musicasturianacom-grande.jpg\" alt=\"\" width=\"1200\" height=\"600\" \/><\/a><\/div>\n<\/div>\n<div class=\"elementor-element elementor-element-14771f65 elementor-widget-mobile__width-initial elementor-widget elementor-widget-heading\" data-id=\"14771f65\" data-element_type=\"widget\" data-widget_type=\"heading.default\">\n<div class=\"elementor-widget-container\">\n<p class=\"elementor-heading-title elementor-size-default\"><a href=\"https:\/\/musicasturiana.com\/skama-la-rede-van-tocar-nasturies-cola-mitica-banda-britanica-bad-manners\/\">Skama la Rede van tocar n\u2019Asturies cola m\u00edtica banda brit\u00e1nica Bad Manners<\/a><\/p>\n<\/div>\n<\/div>\n<\/div>\n<\/div>\n<\/div>\n<div class=\"elementor elementor-32921 e-loop-item e-loop-item-42746 post-42746 post type-post status-publish format-standard has-post-thumbnail hentry category-entrevistes tag-ochobre tag-rock-astur\" data-elementor-type=\"loop-item\" data-elementor-id=\"32921\" data-elementor-post-type=\"elementor_library\" data-custom-edit-handle=\"1\">\n<div class=\"elementor-element elementor-element-6f51b60e e-flex e-con-boxed e-con e-parent e-lazyloaded\" data-id=\"6f51b60e\" data-element_type=\"container\">\n<div class=\"e-con-inner\">\n<div class=\"elementor-element elementor-element-3bf9e1df elementor-widget-mobile__width-initial elementor-widget elementor-widget-theme-post-featured-image elementor-widget-image\" data-id=\"3bf9e1df\" data-element_type=\"widget\" data-widget_type=\"theme-post-featured-image.default\">\n<div class=\"elementor-widget-container\"><a href=\"https:\/\/musicasturiana.com\/si-que-la-xente-mozo-siente-rock-pero-falten-espacios-pa-ensayar-pa-entamar-a-tocar-y-una-minima-estabilida-economica\/\"><img loading=\"lazy\" decoding=\"async\" class=\"attachment-full size-full wp-image-40072\" src=\"https:\/\/musicasturiana.com\/wp-content\/uploads\/2025\/05\/ochobre-2025-promo-1.jpg\" alt=\"\" width=\"1200\" height=\"600\" \/><\/a><\/div>\n<\/div>\n<div class=\"elementor-element elementor-element-14771f65 elementor-widget-mobile__width-initial elementor-widget elementor-widget-heading\" data-id=\"14771f65\" data-element_type=\"widget\" data-widget_type=\"heading.default\">\n<div class=\"elementor-widget-container\">\n<p class=\"elementor-heading-title elementor-size-default\"><a href=\"https:\/\/musicasturiana.com\/si-que-la-xente-mozo-siente-rock-pero-falten-espacios-pa-ensayar-pa-entamar-a-tocar-y-una-minima-estabilida-economica\/\">\u00abS\u00ed que la xente mozo siente rock, pero falten espacios pa ensayar, pa entamar a tocar y una m\u00ednima estabilid\u00e1 econ\u00f3mica\u00bb<\/a><\/p>\n<\/div>\n<\/div>\n<\/div>\n<\/div>\n<\/div>\n<div class=\"elementor elementor-32921 e-loop-item e-loop-item-42474 post-42474 post type-post status-publish format-standard has-post-thumbnail hentry category-eventos tag-las-dunas-de-verdiciu tag-skama-la-rede\" data-elementor-type=\"loop-item\" data-elementor-id=\"32921\" data-elementor-post-type=\"elementor_library\" data-custom-edit-handle=\"1\">\n<div class=\"elementor-element elementor-element-6f51b60e e-flex e-con-boxed e-con e-parent e-lazyloaded\" data-id=\"6f51b60e\" data-element_type=\"container\">\n<div class=\"e-con-inner\"><\/div>\n<\/div>\n<\/div>\n<div class=\"elementor elementor-32921 e-loop-item e-loop-item-42050 post-42050 post type-post status-publish format-standard has-post-thumbnail hentry category-eventos tag-la-tarrancha tag-las-dunas-de-verdicio tag-ochobre tag-rock-astur tag-rockvera tag-skama-la-rede\" data-elementor-type=\"loop-item\" data-elementor-id=\"32921\" data-elementor-post-type=\"elementor_library\" data-custom-edit-handle=\"1\">\n<div class=\"elementor-element elementor-element-6f51b60e e-flex e-con-boxed e-con e-parent e-lazyloaded\" data-id=\"6f51b60e\" data-element_type=\"container\">\n<div class=\"e-con-inner\">\n<div class=\"elementor-element elementor-element-3bf9e1df elementor-widget-mobile__width-initial elementor-widget elementor-widget-theme-post-featured-image elementor-widget-image\" data-id=\"3bf9e1df\" data-element_type=\"widget\" data-widget_type=\"theme-post-featured-image.default\"><\/div>\n<\/div>\n<\/div>\n<\/div>\n<\/div>\n<\/div>\n<\/div>\n<\/div>\n<div class=\"elementor-element elementor-element-3dc9beb elementor-widget__width-inherit elementor-widget elementor-widget-post-comments\" data-id=\"3dc9beb\" data-element_type=\"widget\" data-widget_type=\"post-comments.theme_comments\">\n<div class=\"elementor-widget-container\">\n<section id=\"comments\" class=\"comments-area\">\n<div id=\"respond\" class=\"comment-respond\">\n<p class=\"comment-form-comment\">\n<\/div>\n<\/section>\n<\/div>\n<\/div>\n","protected":false},"excerpt":{"rendered":"<p>musicasturiana.com\/ Art\u00edculu \/ Esti s\u00e1badu La Foz de Morc\u00edn acueye&#8217;l IV Seronda Fest, festival de cerveza artesano nel que la m\u00fasica&#8217;l pa\u00eds ta presente Nesta ocasi\u00f3n el protagonismu va ponelo\u2019l rock astur gracies a los conciertos que, dende les 22.30h, van dar el grupu punk-ska Skama La Rede y la formaci\u00f3n punk-folk Ochobre Tami\u00e9n act\u00faa [&hellip;]<\/p>\n","protected":false},"author":117,"featured_media":0,"comment_status":"closed","ping_status":"open","sticky":false,"template":"","format":"standard","meta":{"footnotes":""},"categories":[35,125],"tags":[],"class_list":["post-59587","post","type-post","status-publish","format-standard","hentry","category-musica","category-musicasturiana-com"],"_links":{"self":[{"href":"https:\/\/edublog.educastur.es\/ixuxu\/wp-json\/wp\/v2\/posts\/59587","targetHints":{"allow":["GET"]}}],"collection":[{"href":"https:\/\/edublog.educastur.es\/ixuxu\/wp-json\/wp\/v2\/posts"}],"about":[{"href":"https:\/\/edublog.educastur.es\/ixuxu\/wp-json\/wp\/v2\/types\/post"}],"author":[{"embeddable":true,"href":"https:\/\/edublog.educastur.es\/ixuxu\/wp-json\/wp\/v2\/users\/117"}],"replies":[{"embeddable":true,"href":"https:\/\/edublog.educastur.es\/ixuxu\/wp-json\/wp\/v2\/comments?post=59587"}],"version-history":[{"count":2,"href":"https:\/\/edublog.educastur.es\/ixuxu\/wp-json\/wp\/v2\/posts\/59587\/revisions"}],"predecessor-version":[{"id":59589,"href":"https:\/\/edublog.educastur.es\/ixuxu\/wp-json\/wp\/v2\/posts\/59587\/revisions\/59589"}],"wp:attachment":[{"href":"https:\/\/edublog.educastur.es\/ixuxu\/wp-json\/wp\/v2\/media?parent=59587"}],"wp:term":[{"taxonomy":"category","embeddable":true,"href":"https:\/\/edublog.educastur.es\/ixuxu\/wp-json\/wp\/v2\/categories?post=59587"},{"taxonomy":"post_tag","embeddable":true,"href":"https:\/\/edublog.educastur.es\/ixuxu\/wp-json\/wp\/v2\/tags?post=59587"}],"curies":[{"name":"wp","href":"https:\/\/api.w.org\/{rel}","templated":true}]}}