{"id":59593,"date":"2025-10-09T13:58:09","date_gmt":"2025-10-09T11:58:09","guid":{"rendered":"https:\/\/edublog.educastur.es\/ixuxu\/?p=59593"},"modified":"2025-10-09T13:58:17","modified_gmt":"2025-10-09T11:58:17","slug":"silvia-quesada-pon-voz-a-la-sintonia-de-labeya-maya","status":"publish","type":"post","link":"https:\/\/edublog.educastur.es\/ixuxu\/2025\/10\/silvia-quesada-pon-voz-a-la-sintonia-de-labeya-maya\/","title":{"rendered":"Silvia Quesada pon voz a la sinton\u00eda de \u00abL\u2019Abeya Maya\u00bb"},"content":{"rendered":"<div class=\"elementor-element elementor-element-667e3c7 elementor-widget__width-inherit elementor-widget elementor-widget-theme-post-title elementor-page-title elementor-widget-heading\" data-id=\"667e3c7\" data-element_type=\"widget\" data-widget_type=\"theme-post-title.default\">\n<div class=\"elementor-widget-container\">\n<ul>\n<li class=\"elementor-heading-title elementor-size-default\"><a href=\"https:\/\/musicasturiana.com\/silvia-quesada-pon-voz-a-la-sintonia-de-labeya-maya\/\">Silvia Quesada pon voz a la sinton\u00eda de L\u2019Abeya Maya<\/a><\/li>\n<\/ul>\n<\/div>\n<\/div>\n<div class=\"elementor-element elementor-element-00f4678 elementor-widget__width-inherit elementor-widget elementor-widget-theme-post-excerpt\" data-id=\"00f4678\" data-element_type=\"widget\" data-widget_type=\"theme-post-excerpt.default\">\n<div class=\"elementor-widget-container\">La cantante tinetense canta la melod\u00eda d&#8217;estos debuxos n&#8217;asturianu que TPA estrena esti s\u00e1badu a les diez de la ma\u00f1ana.<\/div>\n<div style=\"text-align: center\"><img loading=\"lazy\" decoding=\"async\" class=\"alignnone size-large\" src=\"https:\/\/musicasturiana.com\/wp-content\/uploads\/2021\/03\/silvia-quesada-guia-musicasturiana-2.jpg\" width=\"1200\" height=\"600\" \/><\/div>\n<div><\/div>\n<\/div>\n<p><!--more--><\/p>\n<p>Tres de la esperiencia d\u2019hai unos a\u00f1os de Los Bolechas,\u00a0<strong>TPA\u00a0<\/strong>vuelve a tener programaci\u00f3n infantil n\u2019asturianu. Nesti casu tr\u00e1tase del\u00a0<em>remake<\/em>\u00a0de\u00a0<strong>L\u2019Abeya Maya<\/strong>, los hist\u00f3ricos debuxos pa la reciella creaos nos a\u00f1os setenta y que s\u2019anovaron nuna nueva versi\u00f3n dixital a primeros de la d\u00e9cada 2010. Esti\u00a0<strong>s\u00e1badu a les diez de la ma\u00f1ana<\/strong>\u00a0ye esti estrenu televisivu nel qu\u2019hai protagonismu de la m\u00fasica n\u2019asturianu:\u00a0<strong>Silvia Quesada<\/strong>\u00a0ye quien pon voz a la sinton\u00eda de la serie.<\/p>\n<p>&nbsp;<\/p>\n<p>\u00abContact\u00f3me\u00a0<strong>Inaciu Gal\u00e1n<\/strong>\u00a0pa ver si me prestaba participar nesti proyectu y dixi que s\u00ed. Tuvi que pasar una especie de preba pa la TPA y una vegada que dieron l\u2019OK fui al estudiu de\u00a0<strong>Luis N\u00fa\u00f1ez<\/strong>\u00a0en Xix\u00f3n y grabamos col karaoke con esta m\u00fasica y cant\u00e9 per enriba\u00bb, desplica la cantante sobre c\u00f3mo surdi\u00f3 la oportunid\u00e1 de pone-y voz a estos debuxos. El result\u00e1u foi mui satisfactoriu: \u00ab<strong>pas\u00e9lo pila; lleg\u00f3 un momentu nel que me sent\u00ed l\u2019aut\u00e9ntica Abeya Maya<\/strong>\u00a0y mol\u00f3me muncho porque nunca grabara dalgo asina\u00bb.<\/p>\n<p>Pa facer la grabaci\u00f3n la cantante \u00abinfantiliz\u00f3\u00bb la so voz y meti\u00f3-y \u00ablos coriquinos que van pel mediu que dicen maaaaaya\u00bb. Acull\u00e1 de la esperiencia musical, Silvia Quesada rescampla\u2019l llabor de\u00a0<strong>normalizaci\u00f3n lling\u00fc\u00edstica\u00a0<\/strong>d\u2019esti cantar y d\u2019esta serie: \u00abYe\u00a0<strong>mui importante qu\u2019un guah.e pueda llevantase pela ma\u00f1ana y ver n\u2019asturianu unos debuxos<\/strong>\u00a0que llevamos viendo tola vida\u00bb. Asina ye como nagua por que haiga \u00ab<strong>munchos proyectos asina<\/strong>\u00bb que-y dean \u00abnaturalid\u00e1\u00bb al asturianu ente la reciella.<\/p>\n<h2 class=\"wp-block-heading\"><mark class=\"has-inline-color\">Una voz mui destacada<\/mark><\/h2>\n<p>Silvia Quesada ye una de les voces m\u00e1s destacaes de la m\u00fasica asturiana. Nacida en Tin\u00e9u en 1986, entam\u00f3 a cantar dende bien moza en formaciones folk como Los Gatos del Fornu, Blima, Muyeres y Tejedor. La so carrera en solitario principi\u00f3 en 2014 cola publicaci\u00f3n de\u00a0<em>La pena abierta<\/em>, un discu de canci\u00f3n d\u2019autora que la consolid\u00f3 como una de les meyores cantantes del pa\u00eds. Nel so \u00faltimu trabayu,\u00a0<em>Prefiero ver llover,<\/em>\u00a0l\u2019artista lleva a la m\u00fasica n\u2019asturianu a esplorar nuevos caminos sonoros, faciendo un pop el\u00e9ctricu y enllenu de color que llev\u00f3\u2019l Premiu AMAS a Meyor Discu d\u2019Otres Escenes.<\/p>\n","protected":false},"excerpt":{"rendered":"<p>Silvia Quesada pon voz a la sinton\u00eda de L\u2019Abeya Maya La cantante tinetense canta la melod\u00eda d&#8217;estos debuxos n&#8217;asturianu que TPA estrena esti s\u00e1badu a les diez de la ma\u00f1ana.<\/p>\n","protected":false},"author":117,"featured_media":0,"comment_status":"closed","ping_status":"open","sticky":false,"template":"","format":"standard","meta":{"footnotes":""},"categories":[35,125],"tags":[],"class_list":["post-59593","post","type-post","status-publish","format-standard","hentry","category-musica","category-musicasturiana-com"],"_links":{"self":[{"href":"https:\/\/edublog.educastur.es\/ixuxu\/wp-json\/wp\/v2\/posts\/59593","targetHints":{"allow":["GET"]}}],"collection":[{"href":"https:\/\/edublog.educastur.es\/ixuxu\/wp-json\/wp\/v2\/posts"}],"about":[{"href":"https:\/\/edublog.educastur.es\/ixuxu\/wp-json\/wp\/v2\/types\/post"}],"author":[{"embeddable":true,"href":"https:\/\/edublog.educastur.es\/ixuxu\/wp-json\/wp\/v2\/users\/117"}],"replies":[{"embeddable":true,"href":"https:\/\/edublog.educastur.es\/ixuxu\/wp-json\/wp\/v2\/comments?post=59593"}],"version-history":[{"count":2,"href":"https:\/\/edublog.educastur.es\/ixuxu\/wp-json\/wp\/v2\/posts\/59593\/revisions"}],"predecessor-version":[{"id":59595,"href":"https:\/\/edublog.educastur.es\/ixuxu\/wp-json\/wp\/v2\/posts\/59593\/revisions\/59595"}],"wp:attachment":[{"href":"https:\/\/edublog.educastur.es\/ixuxu\/wp-json\/wp\/v2\/media?parent=59593"}],"wp:term":[{"taxonomy":"category","embeddable":true,"href":"https:\/\/edublog.educastur.es\/ixuxu\/wp-json\/wp\/v2\/categories?post=59593"},{"taxonomy":"post_tag","embeddable":true,"href":"https:\/\/edublog.educastur.es\/ixuxu\/wp-json\/wp\/v2\/tags?post=59593"}],"curies":[{"name":"wp","href":"https:\/\/api.w.org\/{rel}","templated":true}]}}