{"id":59604,"date":"2025-10-10T08:25:40","date_gmt":"2025-10-10T06:25:40","guid":{"rendered":"https:\/\/edublog.educastur.es\/ixuxu\/?p=59604"},"modified":"2025-10-10T09:18:15","modified_gmt":"2025-10-10T07:18:15","slug":"59604","status":"publish","type":"post","link":"https:\/\/edublog.educastur.es\/ixuxu\/2025\/10\/59604\/","title":{"rendered":"El tiempu (El Comercio)"},"content":{"rendered":"<p style=\"text-align: center\"><a href=\"https:\/\/s1.ppllstatics.com\/elcomercio\/www\/multimedia\/2025\/10\/09\/prevision-tiempo-asturias-kpQH-U2302588077118HVD-1200x870@El%20Comercio.jpg\"><img loading=\"lazy\" decoding=\"async\" class=\"aligncenter size-large\" src=\"https:\/\/s1.ppllstatics.com\/elcomercio\/www\/multimedia\/2025\/10\/09\/prevision-tiempo-asturias-kpQH-U2302588077118HVD-1200x870@El%20Comercio.jpg\" width=\"1200\" height=\"870\" \/><\/a><\/p>\n<p><strong>Vamos amanecer<\/strong> con nubes na mari\u00f1a y tami\u00e9n en munchos otros puntos de la met\u00e1 norte. Sicas\u00ed, cuanto m\u00e1s movamos escontra&#8217;l sur y escontra l&#8217;oeste ye m\u00e1s probable qu&#8217;empecemos el d\u00eda y\u00e1 con cielos m\u00e1s llimpios de nubosid\u00e1. Asina tou, <strong>a lo llargo del vienres<\/strong> prevese que les nubes s\u00edan cada vez menos compactes cuidao que va haber unu encl\u00edn a abrir claros cola meyora de la xornada. Nun se refuga dalg\u00fan orbayu d\u00e9bil<strong> mientres la ma\u00f1ana<\/strong> na mari\u00f1a oriental que va unviar r\u00e1pido. <strong>Los vientos<\/strong> van soplar de nordeste-esti fluexos con raches moderaes na mari\u00f1a y que, inclusive, nun se refuga que pueda dase dalguna racha localmente fuerte <strong>pela tarde<\/strong> na mari\u00f1a m\u00e1s occidental del Princip\u00e1u. <strong>Les temperatures m\u00e1ximes<\/strong> van xubir nam\u00e1 un pocu nel cordal y van caltenese ensin cambeos nel restu. <strong>Les m\u00ednimes<\/strong>, sicas\u00ed, van baxar de forma xeneralizada hasta 4 o 5 \u00baC pudiendo ser baxar hasta 6 \u00baC nel interior oriental.<\/p>\n<p><!--more--><\/p>\n<p><strong> El s\u00e1badu<\/strong>, al igual que&#8217;l domingu, vamos esfrutar de dos d\u00edes soleyeros y con temperatures a l&#8217;alza, especialmente nel casu del domingu cuando podr\u00eden superase los 25 \u00baC na rex\u00f3n.<\/p>\n","protected":false},"excerpt":{"rendered":"<p>Vamos amanecer con nubes na mari\u00f1a y tami\u00e9n en munchos otros puntos de la met\u00e1 norte. Sicas\u00ed, cuanto m\u00e1s movamos escontra&#8217;l sur y escontra l&#8217;oeste ye m\u00e1s probable qu&#8217;empecemos el d\u00eda y\u00e1 con cielos m\u00e1s llimpios de nubosid\u00e1. Asina tou, a lo llargo del vienres prevese que les nubes s\u00edan cada vez menos compactes cuidao [&hellip;]<\/p>\n","protected":false},"author":117,"featured_media":0,"comment_status":"closed","ping_status":"open","sticky":false,"template":"","format":"standard","meta":{"footnotes":""},"categories":[5],"tags":[],"class_list":["post-59604","post","type-post","status-publish","format-standard","hentry","category-tiempu"],"_links":{"self":[{"href":"https:\/\/edublog.educastur.es\/ixuxu\/wp-json\/wp\/v2\/posts\/59604","targetHints":{"allow":["GET"]}}],"collection":[{"href":"https:\/\/edublog.educastur.es\/ixuxu\/wp-json\/wp\/v2\/posts"}],"about":[{"href":"https:\/\/edublog.educastur.es\/ixuxu\/wp-json\/wp\/v2\/types\/post"}],"author":[{"embeddable":true,"href":"https:\/\/edublog.educastur.es\/ixuxu\/wp-json\/wp\/v2\/users\/117"}],"replies":[{"embeddable":true,"href":"https:\/\/edublog.educastur.es\/ixuxu\/wp-json\/wp\/v2\/comments?post=59604"}],"version-history":[{"count":3,"href":"https:\/\/edublog.educastur.es\/ixuxu\/wp-json\/wp\/v2\/posts\/59604\/revisions"}],"predecessor-version":[{"id":59607,"href":"https:\/\/edublog.educastur.es\/ixuxu\/wp-json\/wp\/v2\/posts\/59604\/revisions\/59607"}],"wp:attachment":[{"href":"https:\/\/edublog.educastur.es\/ixuxu\/wp-json\/wp\/v2\/media?parent=59604"}],"wp:term":[{"taxonomy":"category","embeddable":true,"href":"https:\/\/edublog.educastur.es\/ixuxu\/wp-json\/wp\/v2\/categories?post=59604"},{"taxonomy":"post_tag","embeddable":true,"href":"https:\/\/edublog.educastur.es\/ixuxu\/wp-json\/wp\/v2\/tags?post=59604"}],"curies":[{"name":"wp","href":"https:\/\/api.w.org\/{rel}","templated":true}]}}