{"id":5962,"date":"2021-05-08T11:19:27","date_gmt":"2021-05-08T09:19:27","guid":{"rendered":"https:\/\/edublog.educastur.es\/ixuxu\/?p=5962"},"modified":"2021-05-12T23:17:22","modified_gmt":"2021-05-12T21:17:22","slug":"amca-archivu-de-la-musica-contemporanea-asturiana","status":"publish","type":"post","link":"https:\/\/edublog.educastur.es\/ixuxu\/2021\/05\/amca-archivu-de-la-musica-contemporanea-asturiana\/","title":{"rendered":"AMCA: Archivu de la M\u00fasica Contempor\u00e1nea Asturiana"},"content":{"rendered":"<p style=\"text-align: center\"><a href=\"https:\/\/imgbox.es\/images\/2021\/05\/09\/amcaff06de0de0ed3e2e.jpg\"><img loading=\"lazy\" decoding=\"async\" class=\"alignnone\" src=\"https:\/\/imgbox.es\/images\/2021\/05\/09\/amcaff06de0de0ed3e2e.jpg\" alt=\"\" width=\"479\" height=\"677\" \/><\/a><\/p>\n<ul>\n<li>\n<h1 class=\"title page-title\"><a href=\"https:\/\/asturies.com\/noticies\/larchivu-de-la-musica-contemporanea-asturiana-va-compartir-actuaciones-y-materiales-de-los?fbclid=IwAR0FRnmQ9usIPfFtW8axKKjEQVUb9E1e_gHwguPCB-FRZFvAl6PWQmTyKI0\"><span style=\"font-size: 20px\">L\u2019Archivu de la M\u00fasica Contempor\u00e1nea Asturiana va compartir actuaciones y materiales de los \u00faltimos 50 a\u00f1os de la escena<\/span><\/a><\/h1>\n<\/li>\n<\/ul>\n<p><!--more--><\/p>\n<div class=\"field field-name-body field-type-text-with-summary field-label-hidden\">\n<div class=\"field-items\">\n<div class=\"field-item even\">\n<p>Goxe Producciones y Mecigaya Creativa entamen el proyeutu Archivu de la M\u00fasica Contempor\u00e1nea Asturiana (AMCA), que va acoyer la web <a href=\"https:\/\/musicasturiana.com\/\">musicasturiana.com<\/a>, perteneciente a la segunda. \u00c9sti va nacer a partir de la bayurosa coleici\u00f3n privada de Xune Elipe, con materiales dende\u2019l Surdimientu hasta g\u00fcei, munchos d&#8217;ellos in\u00e9ditos o desconoc\u00edos.<\/p>\n<p>\u201cEl nuestru enfotu ye facer del AMCA una fonte d&#8217;informaci\u00f3n pa tou aquel o aquella que quiera desendolcar un trabayu sobre la historia o cualquier otru aspectu de la m\u00fasica d&#8217;espresi\u00f3n asturiana de los \u00faltimos 50 a\u00f1os\u201d, espliquen los sos responsables. Cartelos, entraes, programes de mano, espublizaciones (fancinos, cartafueyos, revistes, etc.), pegatines, maquetes, conciertos, audiovisuales o semeyes van formar parte del mesmu, siendo muncho d&#8217;esti material in\u00e9ditu o mui poco conoc\u00edo.<\/p>\n<p>El llibru &#8216;La banda sonora de la oficialid\u00e1&#8217;, asoley\u00e1u pola Xunta pola Defensa de la Llingua Asturiana, foi un antecedente del proyeutu, que se va ampliar con aportaciones d&#8217;otros particulares, bandes, coleutivos o entidaes que quieran apostar y sofitar esti proyectu. Nestos momentos Elipe ta clasificando y catalogando\u2019l so archivu, base del AMCA, que se va estrenar col conciertu entam\u00e1u nel 2004 nel Teatru Campoamor pol trentenu aniversariu de Conceyu Bable.<\/p>\n<p>Avelino, Carlos Rubiera, Nel Xiblata, Nuberu, Rafael Lorenzo y Xulio Ramos, nomes importantes del Nuevu Canciu Astur, participaron nesta cita grabada nel so momentu, cinta que nunca vio la lluz. Una decisi\u00f3n que tien un calter mui simb\u00f3licu al ser el Surdimientu, el movimientu col que s\u2019entama cola creaci\u00f3n de Conceyu Bable, nel 1974, el periodu sobre\u2019l qu\u2019empecipia a trabayar l\u2019AMCA.<\/p>\n<p>Otros materiales que se van dir asoleyando son una grabaci\u00f3n rexistrada na I Nueche Celta de Corao del a\u00f1u 1983 \u2013y\u00e1 se fix\u00e9ren p\u00fablicos dellos momentos d&#8217;ella, pero non la totalid\u00e1 de la mesma\u2013, el I Festival de M\u00fasica Asturiana d&#8217;Avil\u00e9s del a\u00f1u 1982 (con Trasgu, Xulio Ramos y Nuberu ente otros), la Nueche Folk d&#8217;Uvi\u00e9u de 1993 (con Llan de Cubel y Capercaillie), la I Andecha Musical del 1978 (con La Turulla, Carlos Rubiera, Xulio Ramos y Manol\u00edn El Nietu Celo Xuan), el VII D\u00eda de la Cultura de 1979 (con Nuberu, Toni Ferrer \u2013ex Vox P\u00f3puli\u2013, G\u00fcercu y el gallegu Emilio Cao), les entrevistes completes a los participantes na serie \u2018D&#8217;ayeri a g\u00fcei\u2019 (emitida en TPA), materiales audiovisuales rescataes na fase de documentaci\u00f3n d&#8217;esta serie \u2013como un ensayu del grupu Asturc\u00f3n, una actuaci\u00f3n del grupu G\u00fcercu o una entrevista fecha a Alan Stivell na so primer visita a Asturies\u2013, les entrevistes pa la ellaboraci\u00f3n del llibru &#8216;Llingua y Rock&#8217;, maquetes d&#8217;una montonera de bandes qu&#8217;abarquen dende los a\u00f1os 80 hasta angua\u00f1o y carteler\u00eda de bien d&#8217;eventos rellacionaos cola m\u00fasica asturiana. Toos van tar a disposici\u00f3n de ciudadanos y estudiosos \u201cque tean interesaos nel fechu musical asturianu y n&#8217;asturianu y\/o gallego-asturianu\u201d de manera llibre.<\/p>\n<p>\u201cLa m\u00fasica d&#8217;espresi\u00f3n asturiana tien y\u00e1 un volume, diversid\u00e1, calid\u00e1, repercusi\u00f3n y historia qu&#8217;amerita un proyectu como \u00e9sti y qu&#8217;ufiertamos a la socied\u00e1 asturiana\u201d, camienten los sos responsables.<\/p>\n<\/div>\n<\/div>\n<\/div>\n","protected":false},"excerpt":{"rendered":"<p>L\u2019Archivu de la M\u00fasica Contempor\u00e1nea Asturiana va compartir actuaciones y materiales de los \u00faltimos 50 a\u00f1os de la escena<\/p>\n","protected":false},"author":117,"featured_media":0,"comment_status":"open","ping_status":"open","sticky":false,"template":"","format":"standard","meta":{"footnotes":""},"categories":[35],"tags":[],"class_list":["post-5962","post","type-post","status-publish","format-standard","hentry","category-musica"],"_links":{"self":[{"href":"https:\/\/edublog.educastur.es\/ixuxu\/wp-json\/wp\/v2\/posts\/5962","targetHints":{"allow":["GET"]}}],"collection":[{"href":"https:\/\/edublog.educastur.es\/ixuxu\/wp-json\/wp\/v2\/posts"}],"about":[{"href":"https:\/\/edublog.educastur.es\/ixuxu\/wp-json\/wp\/v2\/types\/post"}],"author":[{"embeddable":true,"href":"https:\/\/edublog.educastur.es\/ixuxu\/wp-json\/wp\/v2\/users\/117"}],"replies":[{"embeddable":true,"href":"https:\/\/edublog.educastur.es\/ixuxu\/wp-json\/wp\/v2\/comments?post=5962"}],"version-history":[{"count":4,"href":"https:\/\/edublog.educastur.es\/ixuxu\/wp-json\/wp\/v2\/posts\/5962\/revisions"}],"predecessor-version":[{"id":6103,"href":"https:\/\/edublog.educastur.es\/ixuxu\/wp-json\/wp\/v2\/posts\/5962\/revisions\/6103"}],"wp:attachment":[{"href":"https:\/\/edublog.educastur.es\/ixuxu\/wp-json\/wp\/v2\/media?parent=5962"}],"wp:term":[{"taxonomy":"category","embeddable":true,"href":"https:\/\/edublog.educastur.es\/ixuxu\/wp-json\/wp\/v2\/categories?post=5962"},{"taxonomy":"post_tag","embeddable":true,"href":"https:\/\/edublog.educastur.es\/ixuxu\/wp-json\/wp\/v2\/tags?post=5962"}],"curies":[{"name":"wp","href":"https:\/\/api.w.org\/{rel}","templated":true}]}}