{"id":59630,"date":"2025-10-10T12:26:44","date_gmt":"2025-10-10T10:26:44","guid":{"rendered":"https:\/\/edublog.educastur.es\/ixuxu\/?p=59630"},"modified":"2025-10-11T14:07:02","modified_gmt":"2025-10-11T12:07:02","slug":"presentacion-de-labeya-maya-en-tpa","status":"publish","type":"post","link":"https:\/\/edublog.educastur.es\/ixuxu\/2025\/10\/presentacion-de-labeya-maya-en-tpa\/","title":{"rendered":"Presentaci\u00f3n de L\u2019Abeya Maya en TPA"},"content":{"rendered":"<p><span class=\"html-span xexx8yu xyri2b x18d9i69 x1c1uobl x1hl2dhg x16tdsg8 x1vvkbs x3nfvp2 x1j61x8r x1fcty0u xdj266r xat24cr xm2jcoa x1mpyi22 xxymvpz xlup9mm x1kky2od\"><img loading=\"lazy\" decoding=\"async\" class=\"xz74otr x15mokao x1ga7v0g x16uus16 xbiv7yw\" src=\"https:\/\/static.xx.fbcdn.net\/images\/emoji.php\/v9\/t1f\/1\/16\/1f41d.png\" alt=\"\ud83d\udc1d\" width=\"16\" height=\"16\" \/><\/span> Ta present\u00e1ndose la emisi\u00f3n n\u2019<span class=\"html-span xdj266r x14z9mp xat24cr x1lziwak xexx8yu xyri2b x18d9i69 x1c1uobl x1hl2dhg x16tdsg8 x1vvkbs\"><a class=\"x1i10hfl xjbqb8w x1ejq31n x18oe1m7 x1sy0etr xstzfhl x972fbf x10w94by x1qhh985 x14e42zd x9f619 x1ypdohk xt0psk2 x3ct3a4 xdj266r x14z9mp xat24cr x1lziwak xexx8yu xyri2b x18d9i69 x1c1uobl x16tdsg8 x1hl2dhg xggy1nq x1a2a7pz xkrqix3 x1sur9pj x1fey0fg x1s688f\" role=\"link\" href=\"https:\/\/www.facebook.com\/hashtag\/asturianu?__cft__[0]=AZVu0tfqvWId6i0OEMBNMZgCPplliq0M_6mOEsxjKEr4ghc4IRoBdB_htU2zJ4Ep8RJ9mfhr_iqC193IErn4OQMqnH_szOTHqdi7puvhk39khZI4ePfmUyntrH3BCs2SfDqzmwBA_Kw-2blZ0OblgObdpnJ6hIzeTewFU5NdPU4uc0OA5zfUCFJPZYEaLPqcP3FGgLQxrcHyOpukpFjLcfpT&amp;__tn__=*NK-y-R\">#asturianu<\/a><\/span> de la serie infantil L\u2019Abeya Maya en @RTPAOficial. Un trabayu de doblaxe de <span class=\"html-span xdj266r x14z9mp xat24cr x1lziwak xexx8yu xyri2b x18d9i69 x1c1uobl x1hl2dhg x16tdsg8 x1vvkbs\"><a class=\"x1i10hfl xjbqb8w x1ejq31n x18oe1m7 x1sy0etr xstzfhl x972fbf x10w94by x1qhh985 x14e42zd x9f619 x1ypdohk xt0psk2 x3ct3a4 xdj266r x14z9mp xat24cr x1lziwak xexx8yu xyri2b x18d9i69 x1c1uobl x16tdsg8 x1hl2dhg xggy1nq x1a2a7pz xkrqix3 x1sur9pj x1fey0fg x1s688f\" role=\"link\" href=\"https:\/\/www.facebook.com\/CuatroGotes?__cft__[0]=AZVu0tfqvWId6i0OEMBNMZgCPplliq0M_6mOEsxjKEr4ghc4IRoBdB_htU2zJ4Ep8RJ9mfhr_iqC193IErn4OQMqnH_szOTHqdi7puvhk39khZI4ePfmUyntrH3BCs2SfDqzmwBA_Kw-2blZ0OblgObdpnJ6hIzeTewFU5NdPU4uc0OA5zfUCFJPZYEaLPqcP3FGgLQxrcHyOpukpFjLcfpT&amp;__tn__=-]K-y-R\"><span class=\"xt0psk2\"><span class=\"xjp7ctv\">Cuatro Gotes Producciones<\/span><\/span><\/a><\/span> nel que tenemos la suerte de cuntar con un equipazu. <a href=\"https:\/\/www.rtpa.es\/tpa-programa-todos:L'Abeya%20Maya_111759939091.html\"><strong>Ma\u00f1ana s\u00e1badu a les 10:00 hores en TPA!\u00a0<\/strong><\/a><\/p>\n<p style=\"text-align: center\"><a href=\"https:\/\/www.rtpa.es\/fotos\/\/25\/10\/871759918616_labeyamaya_webjpg.webp\"><img loading=\"lazy\" decoding=\"async\" class=\"aligncenter size-large\" src=\"https:\/\/www.rtpa.es\/fotos\/\/25\/10\/871759918616_labeyamaya_webjpg.webp\" width=\"825\" height=\"464\" \/><\/a><\/p>\n<p>Maya ye una abeyina como nenguna otra, inconformista y siempre naguando por aventures, dex\u00f3&#8217;l tru\u00e9banu pa vivir nel prau, llibre como una abeya. El mundu ye demasiao grande y fascinante pa permanecer confinada a la vida zarrada del tru\u00e9banu. Con esti esp\u00edritu atrev\u00edu, Maya y el so amigu Willy viven una montonera d\u2019aventures xunto a los dem\u00e1s animalinos del prau nel que viven.<\/p>\n<p><!--more--><\/p>\n<div>\n<div class=\"html-div xdj266r x14z9mp xat24cr x1lziwak xexx8yu x1a8lsjc xf7dkkf xv54qhq\">\n<div class=\"html-div xdj266r x14z9mp xat24cr x1lziwak xexx8yu xyri2b x18d9i69 x1c1uobl x1jx94hy x78zum5 x1q0g3np\">\n<div class=\"x78zum5 xdt5ytf xz62fqu x16ldp7u\">\n<div class=\"xu06os2 x1ok221b\">\n<div class=\"html-div xdj266r x14z9mp xat24cr x1lziwak xexx8yu xyri2b x18d9i69 x1c1uobl x6s0dn4 x17zd0t2 x78zum5 x1q0g3np x1a02dak\"><\/div>\n<\/div>\n<\/div>\n<\/div>\n<\/div>\n<div class=\"html-div xdj266r x14z9mp xat24cr x1lziwak xexx8yu xyri2b x18d9i69 x1c1uobl\" dir=\"auto\">\n<div class=\"html-div xdj266r x14z9mp xat24cr x1lziwak xexx8yu xyri2b x18d9i69 x1c1uobl\" dir=\"auto\">\n<div class=\"html-div xdj266r x14z9mp xat24cr x1lziwak xexx8yu xyri2b x18d9i69 x1c1uobl\" data-ad-rendering-role=\"story_message\">\n<div class=\"x1l90r2v x1iorvi4 x1g0dm76 xpdmqnj\" data-ad-comet-preview=\"message\" data-ad-preview=\"message\">\n<div class=\"x78zum5 xdt5ytf xz62fqu x16ldp7u\">\n<div class=\"xu06os2 x1ok221b\">\n<div class=\"html-div xdj266r x14z9mp xat24cr x1lziwak xexx8yu xyri2b x18d9i69 x1c1uobl\">\n<div class=\"xdj266r x14z9mp xat24cr x1lziwak x1vvkbs x126k92a\">\n<div dir=\"auto\">Ma\u00f1ana, s\u00e1badu 11 d&#8217;ochobre, a les 10:00 estr\u00e9nase en RTPA L&#8217;abeya Maya, \u00fan de los cl\u00e1sicos m\u00e1s prestosos de l&#8217;animaci\u00f3n infantil, qu&#8217;angua\u00f1o celebra\u2019l so 50 aniversariu. Los dibuxos que se van emitir correspuenden a la versi\u00f3n actualizada con gr\u00e1ficos en 3D.<\/div>\n<div dir=\"auto\">\n<p><span class=\"x1lliihq x1plvlek xryxfnj x1n2onr6 xyejjpt x15dsfln x193iq5w xeuugli x1fj9vlw x13faqbe x1vvkbs x1s928wv xhkezso x1gmr53x x1cpjm7i x1fgarty x1943h6x x1i0vuye xvs91rp xo1l8bm x5n08af x10wh9bi xpm28yp x8viiok x1o7cslx\" dir=\"auto\"><span class=\"x193iq5w xeuugli x13faqbe x1vvkbs xt0psk2 x1i0vuye xvs91rp xo1l8bm x5n08af x10wh9bi xpm28yp x8viiok x1o7cslx x126k92a\">A partir del s\u00e1badu 11 d\u2019ochobre, la cadena va ufiertar una franxa infantil selmanal dende les 09:00 hores, con <strong>espacios qu&#8217;espliquen, formen, entretienen y promueven l\u2019usu de la llingua asturiana dende\u2019l p\u00fablicu preescolar.<\/strong><\/span><\/span><\/p>\n<p>Como gran noved\u00e1, TPA estrena, a les 10:00 hores, la versi\u00f3n n\u2019asturianu de L\u2019abeya Maya, <strong>\u00fan de los cl\u00e1sicos m\u00e1s prestosos de l&#8217;animaci\u00f3n infantil, qu&#8217;angua\u00f1o celebra\u2019l so 50 aniversariu.<\/strong><\/p>\n<p>Cada s\u00e1badu pela ma\u00f1ana van emitise dos cap\u00edtulos nuevos, nos que <strong>pela primer vez vamos sentir a Maya y a los sos amigos falar n\u2019asturianu.<\/strong><\/p>\n<\/div>\n<div dir=\"auto\" style=\"text-align: center\"><span class=\"x193iq5w xeuugli x13faqbe x1vvkbs xt0psk2 x1i0vuye xvs91rp xo1l8bm x5n08af x10wh9bi xpm28yp x8viiok x1o7cslx x126k92a\"><span class=\"html-span xexx8yu x4uap5 x18d9i69 xkhd6sd x1hl2dhg x16tdsg8 x1vvkbs x3nfvp2 x1j61x8r x1fcty0u xdj266r xat24cr xgzva0m xhhsvwb xxymvpz xlup9mm x1kky2od\">\n<!-- iframe plugin v.6.0 wordpress.org\/plugins\/iframe\/ -->\n<iframe loading=\"lazy\" src=\"https:\/\/www.instagram.com\/reel\/DPoTQztjCyW\/embed\" width=\"640\" height=\"465\" 0=\"\/iframe\" scrolling=\"yes\" class=\"iframe-class\" frameborder=\"0\"><\/iframe>\n<\/span><\/span><\/div>\n<div dir=\"auto\">\n<div class=\"x14z9mp xat24cr x1lziwak x1vvkbs xtlvy1s x126k92a\">\n<div dir=\"auto\"><\/div>\n<ul>\n<li dir=\"auto\"><span class=\"html-span xexx8yu xyri2b x18d9i69 x1c1uobl x1hl2dhg x16tdsg8 x1vvkbs x3nfvp2 x1j61x8r x1fcty0u xdj266r xat24cr xm2jcoa x1mpyi22 xxymvpz xlup9mm x1kky2od\"><img loading=\"lazy\" decoding=\"async\" class=\"xz74otr x15mokao x1ga7v0g x16uus16 xbiv7yw\" src=\"https:\/\/static.xx.fbcdn.net\/images\/emoji.php\/v9\/t1f\/1\/16\/1f41d.png\" alt=\"\ud83d\udc1d\" width=\"16\" height=\"16\" \/><\/span> L&#8217;estrenu va producise ma\u00f1ana a les 10h y, cada s\u00e1badu, van emitise dos cap\u00edtulos nuevos hasta completar<strong> un total de 52.<\/strong><\/li>\n<li dir=\"auto\"><img loading=\"lazy\" decoding=\"async\" class=\"xz74otr x15mokao x1ga7v0g x16uus16 xbiv7yw\" src=\"https:\/\/static.xx.fbcdn.net\/images\/emoji.php\/v9\/td8\/1\/16\/1f4f2.png\" alt=\"\ud83d\udcf2\" width=\"16\" height=\"16\" \/> La serie va poder siguise tami\u00e9n al travi\u00e9s de RTPA, <strong>nuna secci\u00f3n especial accesible dende cualquier dispositivu y ensin publicid\u00e1.<\/strong><\/li>\n<\/ul>\n<\/div>\n<\/div>\n<\/div>\n<div class=\"x14z9mp xat24cr x1lziwak x1vvkbs xtlvy1s x126k92a\">\n<ul>\n<li dir=\"auto\">D&#8217;equ\u00ed p&#8217;arriba, cada s\u00e1badu pela ma\u00f1ana van emitise dos cap\u00edtulos nuevos, nos que <strong>pela primer vez vamos sentir a Maya y a los sos amigos falar n\u2019asturianu. <\/strong><\/li>\n<li dir=\"auto\">La sinton\u00eda foi grabada pola cantante Silvia Quesada.<\/li>\n<\/ul>\n<div dir=\"auto\"><\/div>\n<\/div>\n<\/div>\n<\/div>\n<\/div>\n<\/div>\n<\/div>\n<\/div>\n<\/div>\n<\/div>\n<div style=\"text-align: center\">\n<!-- iframe plugin v.6.0 wordpress.org\/plugins\/iframe\/ -->\n<iframe loading=\"lazy\" src=\"https:\/\/www.facebook.com\/plugins\/video.php?height=314&#038;href=https%3A%2F%2Fwww.facebook.com%2Freel%2F1358161719162887%2F&#038;show_text=false&#038;width=560&#038;t=0\" width=\"560\" height=\"314\" style=\"border:none;overflow:hidden\" scrolling=\"no\" frameborder=\"0\" allowfullscreen=\"true\" allow=\"autoplay; clipboard-write; encrypted-media; picture-in-picture; web-share\" 0=\"\/iframe\" class=\"iframe-class\"><\/iframe>\n<\/div>\n<div><\/div>\n<div><strong>Les aventures de l&#8217;abeya Maya<\/strong> (\u307f\u3064\u3070\u3061\u30de\u30fc\u30e4\u306e\u5192\u967a Mitsubachi Maya non b\u014dken?) <strong>ye una serie animada de televisi\u00f3n xaponesa<\/strong> producida por Nippon Animation Co., Ltd. en 1975. \u200b y foi distribuyida por Saban Entertainment <strong>na d\u00e9cada de los a\u00f1os 1980.<\/strong> Ta basada nel llibru del escritor alem\u00e1n Waldemar Bonsels, public\u00e1u en 1912, y recrea les aventures d&#8217;una abeya llamada Maya.<\/div>\n<div><\/div>\n<div style=\"text-align: center\"><a href=\"https:\/\/www.rtpa.es\/fotos\/\/25\/10\/871759918616_labeyamaya_webjpg.webp\"><img loading=\"lazy\" decoding=\"async\" class=\"aligncenter size-large\" src=\"https:\/\/www.rtpa.es\/fotos\/\/25\/10\/871759918616_labeyamaya_webjpg.webp\" width=\"825\" height=\"464\" \/><\/a><\/div>\n<p style=\"text-align: center\"><strong>\n<!-- iframe plugin v.6.0 wordpress.org\/plugins\/iframe\/ -->\n<iframe loading=\"lazy\" src=\"https:\/\/www.facebook.com\/plugins\/post.php?href=https%3A%2F%2Fwww.facebook.com%2Finaciu%2Fposts%2Fpfbid03879WubXFgAW5WQvUipvvqZMSB6X5TcraEzaCGqiohgNFmBBAaEy7RAm2x2EkgsAql&#038;show_text=false&#038;width=500\" width=\"500\" height=\"294\" style=\"border:none;overflow:hidden\" scrolling=\"no\" frameborder=\"0\" allowfullscreen=\"true\" allow=\"autoplay; clipboard-write; encrypted-media; picture-in-picture; web-share\" 0=\"\/iframe\" class=\"iframe-class\"><\/iframe>\n<\/strong><\/p>\n<p style=\"text-align: center\">\n<p class=\"display-ib padding-t-18 font-size-xl fuente-corporativa font-weight-b color-b-060 \" style=\"text-align: center\"><strong>\n<!-- iframe plugin v.6.0 wordpress.org\/plugins\/iframe\/ -->\n<iframe loading=\"lazy\" src=\"https:\/\/www.facebook.com\/plugins\/post.php?href=https%3A%2F%2Fwww.facebook.com%2Fphoto.php%3Ffbid%3D122194657526297870%26set%3Da.122096741246297870%26type%3D3&#038;show_text=false&#038;width=500\" width=\"500\" height=\"524\" style=\"border:none;overflow:hidden\" scrolling=\"no\" frameborder=\"0\" allowfullscreen=\"true\" allow=\"autoplay; clipboard-write; encrypted-media; picture-in-picture; web-share\" 0=\"\/iframe\" class=\"iframe-class\"><\/iframe>\n<\/strong><\/p>\n<p style=\"text-align: center\">\n<!-- iframe plugin v.6.0 wordpress.org\/plugins\/iframe\/ -->\n<iframe loading=\"lazy\" src=\"https:\/\/www.facebook.com\/plugins\/video.php?height=314&#038;href=https%3A%2F%2Fwww.facebook.com%2Freel%2F1358161719162887%2F&#038;show_text=false&#038;width=560&#038;t=0\" width=\"560\" height=\"314\" style=\"border:none;overflow:hidden\" scrolling=\"no\" frameborder=\"0\" allowfullscreen=\"true\" allow=\"autoplay; clipboard-write; encrypted-media; picture-in-picture; web-share\" 0=\"\/iframe\" class=\"iframe-class\"><\/iframe>\n<\/p>\n<div class=\"format-content-p margin-t-5 color-b-060\">\n<p>&nbsp;<\/p>\n<\/div>\n","protected":false},"excerpt":{"rendered":"<p>Ta present\u00e1ndose la emisi\u00f3n n\u2019#asturianu de la serie infantil L\u2019Abeya Maya en @RTPAOficial. Un trabayu de doblaxe de Cuatro Gotes Producciones nel que tenemos la suerte de cuntar con un equipazu. Ma\u00f1ana s\u00e1badu a les 10:00 hores en TPA!\u00a0 Maya ye una abeyina como nenguna otra, inconformista y siempre naguando por aventures, dex\u00f3&#8217;l tru\u00e9banu pa [&hellip;]<\/p>\n","protected":false},"author":117,"featured_media":0,"comment_status":"closed","ping_status":"open","sticky":false,"template":"","format":"standard","meta":{"footnotes":""},"categories":[322,59,131],"tags":[],"class_list":["post-59630","post","type-post","status-publish","format-standard","hentry","category-inaciu-galan","category-rtpa","category-series"],"_links":{"self":[{"href":"https:\/\/edublog.educastur.es\/ixuxu\/wp-json\/wp\/v2\/posts\/59630","targetHints":{"allow":["GET"]}}],"collection":[{"href":"https:\/\/edublog.educastur.es\/ixuxu\/wp-json\/wp\/v2\/posts"}],"about":[{"href":"https:\/\/edublog.educastur.es\/ixuxu\/wp-json\/wp\/v2\/types\/post"}],"author":[{"embeddable":true,"href":"https:\/\/edublog.educastur.es\/ixuxu\/wp-json\/wp\/v2\/users\/117"}],"replies":[{"embeddable":true,"href":"https:\/\/edublog.educastur.es\/ixuxu\/wp-json\/wp\/v2\/comments?post=59630"}],"version-history":[{"count":10,"href":"https:\/\/edublog.educastur.es\/ixuxu\/wp-json\/wp\/v2\/posts\/59630\/revisions"}],"predecessor-version":[{"id":59663,"href":"https:\/\/edublog.educastur.es\/ixuxu\/wp-json\/wp\/v2\/posts\/59630\/revisions\/59663"}],"wp:attachment":[{"href":"https:\/\/edublog.educastur.es\/ixuxu\/wp-json\/wp\/v2\/media?parent=59630"}],"wp:term":[{"taxonomy":"category","embeddable":true,"href":"https:\/\/edublog.educastur.es\/ixuxu\/wp-json\/wp\/v2\/categories?post=59630"},{"taxonomy":"post_tag","embeddable":true,"href":"https:\/\/edublog.educastur.es\/ixuxu\/wp-json\/wp\/v2\/tags?post=59630"}],"curies":[{"name":"wp","href":"https:\/\/api.w.org\/{rel}","templated":true}]}}