{"id":59640,"date":"2025-10-10T19:20:25","date_gmt":"2025-10-10T17:20:25","guid":{"rendered":"https:\/\/edublog.educastur.es\/ixuxu\/?p=59640"},"modified":"2025-10-13T21:34:20","modified_gmt":"2025-10-13T19:34:20","slug":"xxxv-festival-de-la-mazana-2025","status":"publish","type":"post","link":"https:\/\/edublog.educastur.es\/ixuxu\/2025\/10\/xxxv-festival-de-la-mazana-2025\/","title":{"rendered":"XXXV FESTIVAL DE LA MAZANA 2025"},"content":{"rendered":"<p style=\"text-align: center\"><span class=\"x193iq5w xeuugli x13faqbe x1vvkbs xt0psk2 x1i0vuye xvs91rp xo1l8bm x5n08af x10wh9bi xpm28yp x8viiok x1o7cslx x126k92a\"><span class=\"html-span xexx8yu x4uap5 x18d9i69 xkhd6sd x1hl2dhg x16tdsg8 x1vvkbs x3nfvp2 x1j61x8r x1fcty0u xdj266r xat24cr xgzva0m xhhsvwb xxymvpz xlup9mm x1kky2od\">\n<!-- iframe plugin v.6.0 wordpress.org\/plugins\/iframe\/ -->\n<iframe loading=\"lazy\" src=\"https:\/\/www.instagram.com\/reel\/DPRwzjtDqLy\/embed\" width=\"500\" height=\"645\" 0=\"\/iframe\" scrolling=\"yes\" class=\"iframe-class\" frameborder=\"0\"><\/iframe>\n<\/span><\/span><\/p>\n<div class=\"x1xegmmw\">\n<div class=\"\">\n<div><span class=\"x193iq5w xeuugli x13faqbe x1vvkbs xt0psk2 x1i0vuye xvs91rp xo1l8bm x5n08af x10wh9bi xpm28yp x8viiok x1o7cslx x126k92a\">\ud83c\udf4f XXXV FESTIVAL DE LA MAZANA 2025 | Fiesta Declarada d&#8217;Inter\u00e9s Tur\u00edstico del Princip\u00e1u d&#8217;Asturies. Villaviciosa enll\u00e9nase de sabor con actividaes \u00faniques, consulta les que vienen de la mano del Conseyu Regulador DOP Sidra d&#8217;Asturies.<\/span><\/div>\n<\/div>\n<\/div>\n","protected":false},"excerpt":{"rendered":"<p>\ud83c\udf4f XXXV FESTIVAL DE LA MAZANA 2025 | Fiesta Declarada d&#8217;Inter\u00e9s Tur\u00edstico del Princip\u00e1u d&#8217;Asturies. Villaviciosa enll\u00e9nase de sabor con actividaes \u00faniques, consulta les que vienen de la mano del Conseyu Regulador DOP Sidra d&#8217;Asturies.<\/p>\n","protected":false},"author":117,"featured_media":0,"comment_status":"closed","ping_status":"open","sticky":false,"template":"","format":"standard","meta":{"footnotes":""},"categories":[204,156],"tags":[],"class_list":["post-59640","post","type-post","status-publish","format-standard","hentry","category-festivales","category-sidre"],"_links":{"self":[{"href":"https:\/\/edublog.educastur.es\/ixuxu\/wp-json\/wp\/v2\/posts\/59640","targetHints":{"allow":["GET"]}}],"collection":[{"href":"https:\/\/edublog.educastur.es\/ixuxu\/wp-json\/wp\/v2\/posts"}],"about":[{"href":"https:\/\/edublog.educastur.es\/ixuxu\/wp-json\/wp\/v2\/types\/post"}],"author":[{"embeddable":true,"href":"https:\/\/edublog.educastur.es\/ixuxu\/wp-json\/wp\/v2\/users\/117"}],"replies":[{"embeddable":true,"href":"https:\/\/edublog.educastur.es\/ixuxu\/wp-json\/wp\/v2\/comments?post=59640"}],"version-history":[{"count":1,"href":"https:\/\/edublog.educastur.es\/ixuxu\/wp-json\/wp\/v2\/posts\/59640\/revisions"}],"predecessor-version":[{"id":59652,"href":"https:\/\/edublog.educastur.es\/ixuxu\/wp-json\/wp\/v2\/posts\/59640\/revisions\/59652"}],"wp:attachment":[{"href":"https:\/\/edublog.educastur.es\/ixuxu\/wp-json\/wp\/v2\/media?parent=59640"}],"wp:term":[{"taxonomy":"category","embeddable":true,"href":"https:\/\/edublog.educastur.es\/ixuxu\/wp-json\/wp\/v2\/categories?post=59640"},{"taxonomy":"post_tag","embeddable":true,"href":"https:\/\/edublog.educastur.es\/ixuxu\/wp-json\/wp\/v2\/tags?post=59640"}],"curies":[{"name":"wp","href":"https:\/\/api.w.org\/{rel}","templated":true}]}}