{"id":59657,"date":"2025-10-11T08:30:55","date_gmt":"2025-10-11T06:30:55","guid":{"rendered":"https:\/\/edublog.educastur.es\/ixuxu\/?p=59657"},"modified":"2025-10-11T13:57:04","modified_gmt":"2025-10-11T11:57:04","slug":"el-tiempu-el-comercio-159","status":"publish","type":"post","link":"https:\/\/edublog.educastur.es\/ixuxu\/2025\/10\/el-tiempu-el-comercio-159\/","title":{"rendered":"El tiempu (El Comercio)"},"content":{"rendered":"<p style=\"text-align: center\"><a href=\"https:\/\/s3.ppllstatics.com\/elcomercio\/www\/multimedia\/2025\/10\/10\/prevision-tiempo-asturias-kmND-U2302588077118HVD-1200x870@El%20Comercio.jpg\"><img loading=\"lazy\" decoding=\"async\" class=\"aligncenter size-large\" src=\"https:\/\/s3.ppllstatics.com\/elcomercio\/www\/multimedia\/2025\/10\/10\/prevision-tiempo-asturias-kmND-U2302588077118HVD-1200x870@El%20Comercio.jpg\" width=\"1200\" height=\"870\" \/><\/a><\/p>\n<p>Esperamos bon tiempu n&#8217;Asturies. Angua\u00f1o tamos sol radiu d&#8217;acci\u00f3n d&#8217;un anticicl\u00f3n centr\u00e1u nes Isles Brit\u00e1niques que bloquia la llegada d&#8217;umbaes dende l&#8217;oc\u00e9anu Atl\u00e1nticu. Ye por ello polo que <strong>vamos tener cielos<\/strong> pr\u00e1cticamente estenaos dende primer hasta \u00faltima hora del d\u00eda. A lo sumo, podr\u00edamos amanecer con dalg\u00fan bancu de borrina de forma local en delles zones del interior asturianu pero, r\u00e1pido, van estenase. <strong>Los vientos<\/strong> van ser fluexos pela ma\u00f1ana pudiendo predominar de sur y, <strong>a partir del mediud\u00eda<\/strong>, van ser de componente este con raches moderaes na mari\u00f1a y fluexes nel interior.<strong> Les temperatures m\u00e1ximes<\/strong> van xubir hasta 5 \u00baC nel suroccidente, ente 3 y 4 \u00baC nel restu de la met\u00e1 sur, y un par de graos nel restu del Princip\u00e1u.<strong> Les m\u00ednimes<\/strong> van baxar nel occidente y nel centru, ente que se van caltener nel oriente y nel cordal.<\/p>\n<p><!--more--><\/p>\n<p><strong>El domingu<\/strong> volveremos esfrutar d&#8217;un d\u00eda dafechu asoley\u00e1u n&#8217;Asturies. Los vientos, un d\u00eda m\u00e1s, van poder predominar de sur mientres la madrugada y la ma\u00f1ana, pero a partir del mediud\u00eda van ser de componente este. Les temperatures m\u00e1ximes van siguir xubiendo y, nel casu de ma\u00f1ana, van facelo sobremanera nel centru de la rex\u00f3n (hasta 5 \u00baC m\u00e1s). Les m\u00ednimes van xubir na met\u00e1 sur y van caltenese nel restu.<\/p>\n<p>A les traces,<strong> la pr\u00f3xima selmana<\/strong> pres\u00e9ntase estable, pudiendo caltenese estes condiciones meteorol\u00f3xiques, hasta&#8217;l final de la mesma.<\/p>\n","protected":false},"excerpt":{"rendered":"<p>Esperamos bon tiempu n&#8217;Asturies. Angua\u00f1o tamos sol radiu d&#8217;acci\u00f3n d&#8217;un anticicl\u00f3n centr\u00e1u nes Isles Brit\u00e1niques que bloquia la llegada d&#8217;umbaes dende l&#8217;oc\u00e9anu Atl\u00e1nticu. Ye por ello polo que vamos tener cielos pr\u00e1cticamente estenaos dende primer hasta \u00faltima hora del d\u00eda. A lo sumo, podr\u00edamos amanecer con dalg\u00fan bancu de borrina de forma local en delles [&hellip;]<\/p>\n","protected":false},"author":117,"featured_media":0,"comment_status":"closed","ping_status":"open","sticky":false,"template":"","format":"standard","meta":{"footnotes":""},"categories":[5],"tags":[],"class_list":["post-59657","post","type-post","status-publish","format-standard","hentry","category-tiempu"],"_links":{"self":[{"href":"https:\/\/edublog.educastur.es\/ixuxu\/wp-json\/wp\/v2\/posts\/59657","targetHints":{"allow":["GET"]}}],"collection":[{"href":"https:\/\/edublog.educastur.es\/ixuxu\/wp-json\/wp\/v2\/posts"}],"about":[{"href":"https:\/\/edublog.educastur.es\/ixuxu\/wp-json\/wp\/v2\/types\/post"}],"author":[{"embeddable":true,"href":"https:\/\/edublog.educastur.es\/ixuxu\/wp-json\/wp\/v2\/users\/117"}],"replies":[{"embeddable":true,"href":"https:\/\/edublog.educastur.es\/ixuxu\/wp-json\/wp\/v2\/comments?post=59657"}],"version-history":[{"count":1,"href":"https:\/\/edublog.educastur.es\/ixuxu\/wp-json\/wp\/v2\/posts\/59657\/revisions"}],"predecessor-version":[{"id":59658,"href":"https:\/\/edublog.educastur.es\/ixuxu\/wp-json\/wp\/v2\/posts\/59657\/revisions\/59658"}],"wp:attachment":[{"href":"https:\/\/edublog.educastur.es\/ixuxu\/wp-json\/wp\/v2\/media?parent=59657"}],"wp:term":[{"taxonomy":"category","embeddable":true,"href":"https:\/\/edublog.educastur.es\/ixuxu\/wp-json\/wp\/v2\/categories?post=59657"},{"taxonomy":"post_tag","embeddable":true,"href":"https:\/\/edublog.educastur.es\/ixuxu\/wp-json\/wp\/v2\/tags?post=59657"}],"curies":[{"name":"wp","href":"https:\/\/api.w.org\/{rel}","templated":true}]}}