{"id":59668,"date":"2025-10-13T08:32:36","date_gmt":"2025-10-13T06:32:36","guid":{"rendered":"https:\/\/edublog.educastur.es\/ixuxu\/?p=59668"},"modified":"2025-10-13T12:54:35","modified_gmt":"2025-10-13T10:54:35","slug":"el-tiempu-el-comercio-160","status":"publish","type":"post","link":"https:\/\/edublog.educastur.es\/ixuxu\/2025\/10\/el-tiempu-el-comercio-160\/","title":{"rendered":"El tiempu (El Comercio)"},"content":{"rendered":"<p style=\"text-align: center\"><a href=\"https:\/\/s3.ppllstatics.com\/elcomercio\/www\/multimedia\/2025\/10\/12\/prevision-tiempo-asturias-k0b-U2302588077118HVD-1200x870@El%20Comercio.jpg\"><img loading=\"lazy\" decoding=\"async\" class=\"aligncenter size-large\" src=\"https:\/\/s3.ppllstatics.com\/elcomercio\/www\/multimedia\/2025\/10\/12\/prevision-tiempo-asturias-k0b-U2302588077118HVD-1200x870@El%20Comercio.jpg\" width=\"1200\" height=\"870\" \/><\/a><\/p>\n<p>Esperamos, nuevamente, unes condiciones meteorol\u00f3xiques estables en tol Princip\u00e1u d&#8217;Asturies dende primer hasta \u00faltima hora del d\u00eda.<strong> Los cielos<\/strong> van tar pocu nublos o estenos. Asina tou, nun se refuguen dellos intervalos de nubes baxes ensin importancia que podr\u00eden apaecer na mari\u00f1a a lo llargo del d\u00eda (con m\u00e1s probabilid\u00e1 na mari\u00f1a occidental). <strong>Pela tarde<\/strong>, podr\u00eda desenvolvese cierta nubosid\u00e1 d&#8217;evoluci\u00f3n nel cordal. <strong>Los vientos<\/strong> van ser fluexos y variables, pudiendo afitase de componente este na mari\u00f1a con raches moderaes mientres la segunda parte del llunes. <strong>Les temperatures m\u00e1ximes<\/strong> van ser bien similares a les del domingu, pudiendo baxar a lo sumo un grau nel cordal. Poro, vamos encarar un d\u00eda festivu marc\u00e1u pola estabilid\u00e1 y un ambiente t\u00e9rmico bien prestosu teniendo en cuenta que nos atopar nos y\u00e1 somorguiaos en plenu mes d&#8217;ochobre.<\/p>\n<p><!--more--><\/p>\n<p><strong> El martes<\/strong> vamos amanecer con nubes baxes na mari\u00f1a y nun se refuga que puedan estendese a otros puntos de la met\u00e1 norte asturiana. Nel restu, esp\u00e9rense cielos soleyeros con nubes d&#8217;evoluci\u00f3n diurna nel cordal pela tarde. Les temperatures van baxar bien llixeramente pero siguir\u00e1n rexistr\u00e1ndose valores percima de los 20 \u00baC na rex\u00f3n.<\/p>\n","protected":false},"excerpt":{"rendered":"<p>Esperamos, nuevamente, unes condiciones meteorol\u00f3xiques estables en tol Princip\u00e1u d&#8217;Asturies dende primer hasta \u00faltima hora del d\u00eda. Los cielos van tar pocu nublos o estenos. Asina tou, nun se refuguen dellos intervalos de nubes baxes ensin importancia que podr\u00eden apaecer na mari\u00f1a a lo llargo del d\u00eda (con m\u00e1s probabilid\u00e1 na mari\u00f1a occidental). Pela tarde, [&hellip;]<\/p>\n","protected":false},"author":117,"featured_media":0,"comment_status":"closed","ping_status":"open","sticky":false,"template":"","format":"standard","meta":{"footnotes":""},"categories":[5],"tags":[],"class_list":["post-59668","post","type-post","status-publish","format-standard","hentry","category-tiempu"],"_links":{"self":[{"href":"https:\/\/edublog.educastur.es\/ixuxu\/wp-json\/wp\/v2\/posts\/59668","targetHints":{"allow":["GET"]}}],"collection":[{"href":"https:\/\/edublog.educastur.es\/ixuxu\/wp-json\/wp\/v2\/posts"}],"about":[{"href":"https:\/\/edublog.educastur.es\/ixuxu\/wp-json\/wp\/v2\/types\/post"}],"author":[{"embeddable":true,"href":"https:\/\/edublog.educastur.es\/ixuxu\/wp-json\/wp\/v2\/users\/117"}],"replies":[{"embeddable":true,"href":"https:\/\/edublog.educastur.es\/ixuxu\/wp-json\/wp\/v2\/comments?post=59668"}],"version-history":[{"count":1,"href":"https:\/\/edublog.educastur.es\/ixuxu\/wp-json\/wp\/v2\/posts\/59668\/revisions"}],"predecessor-version":[{"id":59669,"href":"https:\/\/edublog.educastur.es\/ixuxu\/wp-json\/wp\/v2\/posts\/59668\/revisions\/59669"}],"wp:attachment":[{"href":"https:\/\/edublog.educastur.es\/ixuxu\/wp-json\/wp\/v2\/media?parent=59668"}],"wp:term":[{"taxonomy":"category","embeddable":true,"href":"https:\/\/edublog.educastur.es\/ixuxu\/wp-json\/wp\/v2\/categories?post=59668"},{"taxonomy":"post_tag","embeddable":true,"href":"https:\/\/edublog.educastur.es\/ixuxu\/wp-json\/wp\/v2\/tags?post=59668"}],"curies":[{"name":"wp","href":"https:\/\/api.w.org\/{rel}","templated":true}]}}