{"id":59670,"date":"2025-10-13T12:58:07","date_gmt":"2025-10-13T10:58:07","guid":{"rendered":"https:\/\/edublog.educastur.es\/ixuxu\/?p=59670"},"modified":"2025-10-13T12:58:07","modified_gmt":"2025-10-13T10:58:07","slug":"alarma-na-sablera-de-lluanco-pola-apaicion-de-carabeles-portugueses","status":"publish","type":"post","link":"https:\/\/edublog.educastur.es\/ixuxu\/2025\/10\/alarma-na-sablera-de-lluanco-pola-apaicion-de-carabeles-portugueses\/","title":{"rendered":"Alarma na sablera de Lluanco pola apaici\u00f3n de carabeles portugueses.\u00a0"},"content":{"rendered":"<p style=\"text-align: left\"><img loading=\"lazy\" decoding=\"async\" class=\"aligncenter size-large\" src=\"https:\/\/s1.ppllstatics.com\/elcomercio\/www\/multimedia\/2025\/10\/12\/carabelas-portuguesas-luanco-01%20(1)-RRI8nWCSx1lSeLYgFtxSStJ-1200x840@El%20Comercio.jpg\" width=\"1200\" height=\"840\" \/><br \/>\nLa Polic\u00eda Local de Goz\u00f3n alvierte que y\u00e1 asocedi\u00f3 \u00abdos o tr\u00e9s vegaes mientres la selmana pasada\u00bb y encamienta a los vecinos nun tocales hasta que les retire. <a href=\"https:\/\/www.elcomercio.es\/area-metropolitana-asturias\/gozon\/alarma-playa-luanco-aparicion-carabelas-portuguesas-20251012203105-nt.html\">El Comercio<\/a><\/p>\n<p><!--more--><\/p>\n<p>Los viandantes de la sablera de Lluanco llev\u00e1ronse una sorpresa esti domingu pela tarde al reparar l&#8217;arenal. Cientos de carabeles portugueses fueron abasnaes pola marea, llamando l&#8217;atenci\u00f3n de los vecinos y un bon grupu de curiosos. Nun ye la primer vegada qu&#8217;asocede daqu\u00e9 paec\u00edu desque termin\u00f3 la temporada de ba\u00f1os, seg\u00fan la Polic\u00eda Local, cuidao que y\u00e1 asocedi\u00f3 \u00abdos o tr\u00e9s vegaes mientres la selmana pasada\u00bb.<\/p>\n<p style=\"text-align: center\"><a href=\"https:\/\/s2.ppllstatics.com\/elcomercio\/www\/multimedia\/2025\/10\/12\/carabelas-portuguesas-luanco-01%20(2)-U26831003401olL-650x975@El%20Comercio.jpg\"><img loading=\"lazy\" decoding=\"async\" class=\"aligncenter size-large\" src=\"https:\/\/s2.ppllstatics.com\/elcomercio\/www\/multimedia\/2025\/10\/12\/carabelas-portuguesas-luanco-01%20(2)-U26831003401olL-650x975@El%20Comercio.jpg\" width=\"650\" height=\"975\" \/><\/a><\/p>\n<p>Los vecinos de Goz\u00f3n baxaron r\u00e1pido al arenal para reparar dalgunos de los exemplares de barganal; \u00abtienen los tent\u00e1culos perllargos n\u00f3tase que son peligroses\u00bb, apreci\u00f3 Cristina Guti\u00e9rrez, residente na zona. Hasta que&#8217;l personal de llimpieza baxe a retirales, les autoridaes encamienten \u00abnun averase al arenal y nun tocales\u00bb.<\/p>\n","protected":false},"excerpt":{"rendered":"<p>La Polic\u00eda Local de Goz\u00f3n alvierte que y\u00e1 asocedi\u00f3 \u00abdos o tr\u00e9s vegaes mientres la selmana pasada\u00bb y encamienta a los vecinos nun tocales hasta que les retire. El Comercio<\/p>\n","protected":false},"author":117,"featured_media":0,"comment_status":"closed","ping_status":"open","sticky":false,"template":"","format":"standard","meta":{"footnotes":""},"categories":[93],"tags":[],"class_list":["post-59670","post","type-post","status-publish","format-standard","hentry","category-sableres"],"_links":{"self":[{"href":"https:\/\/edublog.educastur.es\/ixuxu\/wp-json\/wp\/v2\/posts\/59670","targetHints":{"allow":["GET"]}}],"collection":[{"href":"https:\/\/edublog.educastur.es\/ixuxu\/wp-json\/wp\/v2\/posts"}],"about":[{"href":"https:\/\/edublog.educastur.es\/ixuxu\/wp-json\/wp\/v2\/types\/post"}],"author":[{"embeddable":true,"href":"https:\/\/edublog.educastur.es\/ixuxu\/wp-json\/wp\/v2\/users\/117"}],"replies":[{"embeddable":true,"href":"https:\/\/edublog.educastur.es\/ixuxu\/wp-json\/wp\/v2\/comments?post=59670"}],"version-history":[{"count":1,"href":"https:\/\/edublog.educastur.es\/ixuxu\/wp-json\/wp\/v2\/posts\/59670\/revisions"}],"predecessor-version":[{"id":59671,"href":"https:\/\/edublog.educastur.es\/ixuxu\/wp-json\/wp\/v2\/posts\/59670\/revisions\/59671"}],"wp:attachment":[{"href":"https:\/\/edublog.educastur.es\/ixuxu\/wp-json\/wp\/v2\/media?parent=59670"}],"wp:term":[{"taxonomy":"category","embeddable":true,"href":"https:\/\/edublog.educastur.es\/ixuxu\/wp-json\/wp\/v2\/categories?post=59670"},{"taxonomy":"post_tag","embeddable":true,"href":"https:\/\/edublog.educastur.es\/ixuxu\/wp-json\/wp\/v2\/tags?post=59670"}],"curies":[{"name":"wp","href":"https:\/\/api.w.org\/{rel}","templated":true}]}}