{"id":59678,"date":"2025-10-11T20:55:08","date_gmt":"2025-10-11T18:55:08","guid":{"rendered":"https:\/\/edublog.educastur.es\/ixuxu\/?p=59678"},"modified":"2025-10-13T13:20:44","modified_gmt":"2025-10-13T11:20:44","slug":"anabel-santiago-na-15-seronda-de-lenguedeyu","status":"publish","type":"post","link":"https:\/\/edublog.educastur.es\/ixuxu\/2025\/10\/anabel-santiago-na-15-seronda-de-lenguedeyu\/","title":{"rendered":"Anabel Santiago, na \u00ab15 Seronda\u00bb de L&#8217;Enguedeyu"},"content":{"rendered":"<p><span class=\"x193iq5w xeuugli x13faqbe x1vvkbs x1xmvt09 x1lliihq x1s928wv xhkezso x1gmr53x x1cpjm7i x1fgarty x1943h6x xudqn12 x3x7a5m x1f6kntn xvq8zen xo1l8bm xzsf02u x1yc453h\" dir=\"auto\">El s\u00e1badu, na \u00ab15 Seronda\u00bb del Grupu <span class=\"html-span xdj266r x14z9mp xat24cr x1lziwak xexx8yu xyri2b x18d9i69 x1c1uobl x1hl2dhg x16tdsg8 x1vvkbs\"><a class=\"x1i10hfl xjbqb8w x1ejq31n x18oe1m7 x1sy0etr xstzfhl x972fbf x10w94by x1qhh985 x14e42zd x9f619 x1ypdohk xt0psk2 x3ct3a4 xdj266r x14z9mp xat24cr x1lziwak xexx8yu xyri2b x18d9i69 x1c1uobl x16tdsg8 x1hl2dhg xggy1nq x1a2a7pz xkrqix3 x1sur9pj x1fey0fg x1s688f\" role=\"link\" href=\"https:\/\/www.facebook.com\/lenguedeyu.langreo?__cft__[0]=AZX1MgxvQ3uRipG0jF8gLUWN5UnoYmy-iteT4qXmQaXWYqq4q2becsMA0s953gPKfUC6bSprRg6EHDq_BQSeHujNfJnfyxuaZ3ciuHo8dRiqDAw4qOJlGySkyo0UGz6umTPkbnAjC5K37Tgfhxw7dlV7&amp;__tn__=-]K-R\"><span class=\"xt0psk2\"><span class=\"xjp7ctv\">L&#8217;Enguedeyu Llangr\u00e9u<\/span><\/span><\/a><\/span>. Gracies por esparder la nuesa Llingua y cultura. <\/span><span class=\"x193iq5w xeuugli x13faqbe x1vvkbs x1xmvt09 x1lliihq x1s928wv xhkezso x1gmr53x x1cpjm7i x1fgarty x1943h6x xudqn12 x3x7a5m x1f6kntn xvq8zen xo1l8bm xzsf02u x1yc453h\" dir=\"auto\"><span class=\"html-span xexx8yu xyri2b x18d9i69 x1c1uobl x1hl2dhg x16tdsg8 x1vvkbs x3nfvp2 x1j61x8r x1fcty0u xdj266r xat24cr xm2jcoa x1mpyi22 xxymvpz xlup9mm x1kky2od\"><img loading=\"lazy\" decoding=\"async\" class=\"xz74otr x15mokao x1ga7v0g x16uus16 xbiv7yw\" src=\"https:\/\/static.xx.fbcdn.net\/images\/emoji.php\/v9\/t5d\/1\/16\/1f4f7.png\" alt=\"\ud83d\udcf7\" width=\"16\" height=\"16\" \/><\/span> Acompa\u00f1ando a Anabel Santiago na \u00ab15 Seronda\u00bb en Llangr\u00e9u. <span class=\"html-span xexx8yu xyri2b x18d9i69 x1c1uobl x1hl2dhg x16tdsg8 x1vvkbs x3nfvp2 x1j61x8r x1fcty0u xdj266r xat24cr xm2jcoa x1mpyi22 xxymvpz xlup9mm x1kky2od\"><img loading=\"lazy\" decoding=\"async\" class=\"xz74otr x15mokao x1ga7v0g x16uus16 xbiv7yw\" src=\"https:\/\/static.xx.fbcdn.net\/images\/emoji.php\/v9\/t7e\/1\/16\/1f3a4.png\" alt=\"\ud83c\udfa4\" width=\"16\" height=\"16\" \/><\/span> Milenta gracies al Grupu <span class=\"html-span xdj266r x14z9mp xat24cr x1lziwak xexx8yu xyri2b x18d9i69 x1c1uobl x1hl2dhg x16tdsg8 x1vvkbs\"><a class=\"x1i10hfl xjbqb8w x1ejq31n x18oe1m7 x1sy0etr xstzfhl x972fbf x10w94by x1qhh985 x14e42zd x9f619 x1ypdohk xt0psk2 x3ct3a4 xdj266r x14z9mp xat24cr x1lziwak xexx8yu xyri2b x18d9i69 x1c1uobl x16tdsg8 x1hl2dhg xggy1nq x1a2a7pz xkrqix3 x1sur9pj x1fey0fg x1s688f\" role=\"link\" href=\"https:\/\/www.facebook.com\/lenguedeyu.langreo?__cft__[0]=AZVZ9JCwPnbadYzBLW-4J4HGG4zu9Sgs5XCqiZETUMNwOqjwbbMAEw1HrkjMGADl22OagVnlsCttMNWTW0Ylw0QgIDD_KXi_blMaJSlU8DcmHgig53pQ9Fok9WG3EiIUq2dw98z0RsRyrFJ0QUl9kCoXS3URvHkUmcGGg9lmlbrTwzIAlYRN6RgYoTSPT8cECbs&amp;__tn__=-]K-R\"><span class=\"xt0psk2\"><span class=\"xjp7ctv\">L&#8217;Enguedeyu Llangr\u00e9u<\/span><\/span><\/a><\/span>. Una tarde cultural bien guapa de m\u00fasica, baille. <a href=\"https:\/\/www.facebook.com\/share\/v\/15j1aZn5mj\/\">VIDEU<\/a><\/span>\/ <a href=\"https:\/\/www.instagram.com\/p\/DPvs3oRjFrG\/?hl=es\"><strong>Instagram<\/strong><\/a> \/<a href=\"https:\/\/www.instagram.com\/danialvarezmora\"> con Dani \u00c1lvarez<\/a><\/p>\n<p style=\"text-align: center\"><span class=\"x193iq5w xeuugli x13faqbe x1vvkbs xt0psk2 x1i0vuye xvs91rp xo1l8bm x5n08af x10wh9bi xpm28yp x8viiok x1o7cslx x126k92a\"><span class=\"html-span xexx8yu x4uap5 x18d9i69 xkhd6sd x1hl2dhg x16tdsg8 x1vvkbs x3nfvp2 x1j61x8r x1fcty0u xdj266r xat24cr xgzva0m xhhsvwb xxymvpz xlup9mm x1kky2od\">\n<!-- iframe plugin v.6.0 wordpress.org\/plugins\/iframe\/ -->\n<iframe loading=\"lazy\" src=\"https:\/\/www.instagram.com\/reel\/DPvs3oRjFrG\/embed\" width=\"500\" height=\"645\" 0=\"\/iframe\" scrolling=\"yes\" class=\"iframe-class\" frameborder=\"0\"><\/iframe>\n<\/span><\/span><\/p>\n<p>&nbsp;<\/p>\n<p style=\"text-align: center\">\n<p>&nbsp;<\/p>\n","protected":false},"excerpt":{"rendered":"<p>El s\u00e1badu, na \u00ab15 Seronda\u00bb del Grupu L&#8217;Enguedeyu Llangr\u00e9u. Gracies por esparder la nuesa Llingua y cultura. Acompa\u00f1ando a Anabel Santiago na \u00ab15 Seronda\u00bb en Llangr\u00e9u. Milenta gracies al Grupu L&#8217;Enguedeyu Llangr\u00e9u. Una tarde cultural bien guapa de m\u00fasica, baille. VIDEU\/ Instagram \/ con Dani \u00c1lvarez &nbsp; &nbsp;<\/p>\n","protected":false},"author":117,"featured_media":0,"comment_status":"closed","ping_status":"open","sticky":false,"template":"","format":"standard","meta":{"footnotes":""},"categories":[482,35],"tags":[],"class_list":["post-59678","post","type-post","status-publish","format-standard","hentry","category-enguedeyu","category-musica"],"_links":{"self":[{"href":"https:\/\/edublog.educastur.es\/ixuxu\/wp-json\/wp\/v2\/posts\/59678","targetHints":{"allow":["GET"]}}],"collection":[{"href":"https:\/\/edublog.educastur.es\/ixuxu\/wp-json\/wp\/v2\/posts"}],"about":[{"href":"https:\/\/edublog.educastur.es\/ixuxu\/wp-json\/wp\/v2\/types\/post"}],"author":[{"embeddable":true,"href":"https:\/\/edublog.educastur.es\/ixuxu\/wp-json\/wp\/v2\/users\/117"}],"replies":[{"embeddable":true,"href":"https:\/\/edublog.educastur.es\/ixuxu\/wp-json\/wp\/v2\/comments?post=59678"}],"version-history":[{"count":3,"href":"https:\/\/edublog.educastur.es\/ixuxu\/wp-json\/wp\/v2\/posts\/59678\/revisions"}],"predecessor-version":[{"id":59681,"href":"https:\/\/edublog.educastur.es\/ixuxu\/wp-json\/wp\/v2\/posts\/59678\/revisions\/59681"}],"wp:attachment":[{"href":"https:\/\/edublog.educastur.es\/ixuxu\/wp-json\/wp\/v2\/media?parent=59678"}],"wp:term":[{"taxonomy":"category","embeddable":true,"href":"https:\/\/edublog.educastur.es\/ixuxu\/wp-json\/wp\/v2\/categories?post=59678"},{"taxonomy":"post_tag","embeddable":true,"href":"https:\/\/edublog.educastur.es\/ixuxu\/wp-json\/wp\/v2\/tags?post=59678"}],"curies":[{"name":"wp","href":"https:\/\/api.w.org\/{rel}","templated":true}]}}