{"id":59687,"date":"2025-10-13T13:35:15","date_gmt":"2025-10-13T11:35:15","guid":{"rendered":"https:\/\/edublog.educastur.es\/ixuxu\/?p=59687"},"modified":"2025-10-13T13:39:06","modified_gmt":"2025-10-13T11:39:06","slug":"les-persones-con-acondroplasia-piden-mas-concienciacion-nos-centros-escolares","status":"publish","type":"post","link":"https:\/\/edublog.educastur.es\/ixuxu\/2025\/10\/les-persones-con-acondroplasia-piden-mas-concienciacion-nos-centros-escolares\/","title":{"rendered":"Les persones con acondroplasia piden m\u00e1s concienciaci\u00f3n nos centros escolares"},"content":{"rendered":"<p><a href=\"https:\/\/www.rtpa.es\/noticias-asturias-ast\/2025-10-11\/Les-persones-con-acondroplasia-piden-mas-concienciacion-nos-centros-escolares_111760181949.html\">RTPA<\/a> \/ Reclamen la implicaci\u00f3n de la comunid\u00e1 educativa p&#8217;algamar la normalizaci\u00f3n de la discapacid\u00e1.\u00a0Xix\u00f3n acueye esti fin de selmana&#8217;l <span style=\"color: #008080\"><strong>VIII Congresu internacional sobre acondroplasia<\/strong><\/span>. La Fundaci\u00f3n Alpe ye la organizadora del eventu. Una edici\u00f3n que vuelve poner el focu nes dificultaes qu&#8217;atopen les persones con acondroplasia nel so d\u00eda a d\u00eda. <a href=\"https:\/\/www.elcomercio.es\/gijon\/gijon-cree-diversidad-congreso-acondroplasia-20251011143752-nt.html\">El Comercio<\/a> \/ <a href=\"https:\/\/www.elcomercio.es\/gijon\/gijon-cree-diversidad-congreso-acondroplasia-20251011143752-nt.html\">LNE<\/a><\/p>\n<p>&nbsp;<\/p>\n<p style=\"text-align: center\"><a href=\"https:\/\/www.rtpa.es\/fotos\/\/25\/10\/20251011133327_RTPA7211527.webp\"><img loading=\"lazy\" decoding=\"async\" class=\"aligncenter size-large\" src=\"https:\/\/www.rtpa.es\/fotos\/\/25\/10\/20251011133327_RTPA7211527.webp\" width=\"853\" height=\"480\" \/><\/a><\/p>\n<p><!--more--><\/p>\n<p><strong>La acondroplasia lleva apareyada una llucha diaria escontra la discriminaci\u00f3n y los estereotipos<\/strong>. Problemes qu&#8217;interfieren, inclusive, nel derechu de toa persona al ociu, esplica Oier Anda.<\/p>\n<p>Una problem\u00e1tica que, munches vegaes, naz nel periodu escolar. El &#8216;bullying&#8217; c\u00e9base especialmente con estos mozos. Fai falta, apunta Javier Guti\u00e9rrez, una mayor reflex\u00f3n por parte de la comunid\u00e1 educativa.<\/p>\n<p style=\"text-align: center\"><a href=\"https:\/\/estaticos-cdn.prensaiberica.es\/clip\/6915412c-a84e-4f3a-b703-92adb6a170c7_16-9-aspect-ratio_default_0.webp\"><img loading=\"lazy\" decoding=\"async\" class=\"aligncenter size-large\" src=\"https:\/\/estaticos-cdn.prensaiberica.es\/clip\/6915412c-a84e-4f3a-b703-92adb6a170c7_16-9-aspect-ratio_default_0.webp\" width=\"880\" height=\"495\" \/><\/a><\/p>\n<ul>\n<li>Normalizaci\u00f3n, tami\u00e9n, p&#8217;aspirar a un puestu de trabayu, se\u00f1ala Marta Aguirre.<\/li>\n<li>L&#8217;accesibilid\u00e1 ye otru de los grandes retos a superar p&#8217;Alejandro Hidalgo.<\/li>\n<li>Ye necesario cambiar la mirada pa dexar de ser la \u00faltima discapacid\u00e1, d\u00edcennos, qu&#8217;inda xenera burlla.<\/li>\n<\/ul>\n<p>La importancia del deporte convirti\u00f3se ayeri n&#8217;unu de los grandes protagonistes de la \u00faltima xornada del VIII Congresu internacional en redol a l&#8217;acondroplasia qu&#8217;impuls\u00f3 esta fin de selmana la Fundaci\u00f3n Alpe sol lema <span style=\"color: #008080\"><strong>\u00abAbrazando futuru\u00bb<\/strong><\/span>. \u00abFoi un \u00e9situ. Cumpli\u00e9ronse les mires\u00bb, valor\u00f3 la presidenta d&#8217;Alpe, Susana Noval.<\/p>\n<p>Esta edici\u00f3n, especial pol 25.\u00ba aniversariu de la entid\u00e1, lleg\u00f3 al so fin con una xornada apinada d&#8217;activid\u00e1. El protagonismu del deporte tuvo presente dende l&#8217;apertura de puertes, una y bones l&#8217;asociaci\u00f3n \u00abCosa nuesa\u00bb entam\u00f3 talleres de distintes modalidaes. Am\u00e1s, pela tarde, llevose a cabu la charra \u00abEl deporte como ferramienta de vida\u00bb. Coles mesmes, nes instalaciones del Real Grupu de Cultura Cuadonga, los participantes pudieron xugar a b\u00e1dminton.<\/p>\n<p>La despidida de les <strong>alredor de 900 persones de 35 pa\u00edses distintos<\/strong> que se dieron cita nesta edici\u00f3n lleg\u00f3 con una espicha nel llagar Castiello Bernueces. Sicas\u00ed, primeramente munchos asistieron a la entrega de les beques Biomar\u00edn y a la clausura con representantes institucionales. Tocantes a les meyores nos tratamientos de la enfermed\u00e1, hubo una ponencia alrodiu de Voxzogo, la primer melecina autorizada pal tratamientu de l&#8217;acondroplasia.<\/p>\n<p style=\"text-align: center\"><a href=\"https:\/\/s3.ppllstatics.com\/elcomercio\/www\/multimedia\/2025\/10\/11\/acondroplasia-inauguracion.jpg\"><img loading=\"lazy\" decoding=\"async\" class=\"aligncenter size-large\" src=\"https:\/\/s3.ppllstatics.com\/elcomercio\/www\/multimedia\/2025\/10\/11\/acondroplasia-inauguracion.jpg\" width=\"1600\" height=\"1124\" \/><\/a><\/p>\n","protected":false},"excerpt":{"rendered":"<p>RTPA \/ Reclamen la implicaci\u00f3n de la comunid\u00e1 educativa p&#8217;algamar la normalizaci\u00f3n de la discapacid\u00e1.\u00a0Xix\u00f3n acueye esti fin de selmana&#8217;l VIII Congresu internacional sobre acondroplasia. La Fundaci\u00f3n Alpe ye la organizadora del eventu. Una edici\u00f3n que vuelve poner el focu nes dificultaes qu&#8217;atopen les persones con acondroplasia nel so d\u00eda a d\u00eda. El Comercio \/ [&hellip;]<\/p>\n","protected":false},"author":117,"featured_media":0,"comment_status":"closed","ping_status":"open","sticky":false,"template":"","format":"standard","meta":{"footnotes":""},"categories":[397,300],"tags":[],"class_list":["post-59687","post","type-post","status-publish","format-standard","hentry","category-congresu","category-enfermedaes"],"_links":{"self":[{"href":"https:\/\/edublog.educastur.es\/ixuxu\/wp-json\/wp\/v2\/posts\/59687","targetHints":{"allow":["GET"]}}],"collection":[{"href":"https:\/\/edublog.educastur.es\/ixuxu\/wp-json\/wp\/v2\/posts"}],"about":[{"href":"https:\/\/edublog.educastur.es\/ixuxu\/wp-json\/wp\/v2\/types\/post"}],"author":[{"embeddable":true,"href":"https:\/\/edublog.educastur.es\/ixuxu\/wp-json\/wp\/v2\/users\/117"}],"replies":[{"embeddable":true,"href":"https:\/\/edublog.educastur.es\/ixuxu\/wp-json\/wp\/v2\/comments?post=59687"}],"version-history":[{"count":6,"href":"https:\/\/edublog.educastur.es\/ixuxu\/wp-json\/wp\/v2\/posts\/59687\/revisions"}],"predecessor-version":[{"id":59693,"href":"https:\/\/edublog.educastur.es\/ixuxu\/wp-json\/wp\/v2\/posts\/59687\/revisions\/59693"}],"wp:attachment":[{"href":"https:\/\/edublog.educastur.es\/ixuxu\/wp-json\/wp\/v2\/media?parent=59687"}],"wp:term":[{"taxonomy":"category","embeddable":true,"href":"https:\/\/edublog.educastur.es\/ixuxu\/wp-json\/wp\/v2\/categories?post=59687"},{"taxonomy":"post_tag","embeddable":true,"href":"https:\/\/edublog.educastur.es\/ixuxu\/wp-json\/wp\/v2\/tags?post=59687"}],"curies":[{"name":"wp","href":"https:\/\/api.w.org\/{rel}","templated":true}]}}