{"id":59694,"date":"2025-10-13T13:41:16","date_gmt":"2025-10-13T11:41:16","guid":{"rendered":"https:\/\/edublog.educastur.es\/ixuxu\/?p=59694"},"modified":"2025-10-13T13:46:21","modified_gmt":"2025-10-13T11:46:21","slug":"la-cupula-del-niemeyer-acueye-la-esposicion-arte-y-espiritualida-imaxinar-lo-estraordinario","status":"publish","type":"post","link":"https:\/\/edublog.educastur.es\/ixuxu\/2025\/10\/la-cupula-del-niemeyer-acueye-la-esposicion-arte-y-espiritualida-imaxinar-lo-estraordinario\/","title":{"rendered":"El Niemeyer acueye la esposici\u00f3n &#8216;Arte y Espiritualid\u00e1. Imaxinar lo estraordinario&#8217;"},"content":{"rendered":"<p><a href=\"https:\/\/www.rtpa.es\/noticias-sociedad-ast\/2025-10-10\/La-cupula-del-Niemeyer-acueye-la-esposicion-'Arte-y-Espiritualida.-Imaxinar-lo-estraordinario'_111760100567.html\">RTPA<\/a> \/Cincuenta obres de 44 artistes que formen parte de la colecci\u00f3n BBVA. La c\u00fapula del Niemeyer acueye dende g\u00fcei y hasta\u2019l 1 de marzu la<span style=\"color: #008080\"><strong> esposici\u00f3n &#8216;Arte y Espiritualid\u00e1. Imaxinar lo estraordinario&#8217;.<\/strong><\/span> Cincuenta obres de 44 artistes ente pintures, escultures y fotograf\u00edes que formen parte de la colecci\u00f3n BBVA. Un viaxe al travi\u00e9s de siete sieglos d&#8217;arte.<\/p>\n<p style=\"text-align: center\"><a href=\"https:\/\/www.rtpa.es\/fotos\/\/25\/10\/20251010141920_RTPA7208853.webp\"><img loading=\"lazy\" decoding=\"async\" class=\"aligncenter size-large\" src=\"https:\/\/www.rtpa.es\/fotos\/\/25\/10\/20251010141920_RTPA7208853.webp\" width=\"853\" height=\"480\" \/><\/a><\/p>\n<section class=\"contenido \">\n<div class=\"container\">\n<div class=\"row\">\n<div class=\"col-lg-8 col-md-12 col-xs-12\" role=\"main\" aria-label=\"Bloque del titular, texto imagen o v\u00eddeo de la noticia\">\n<div id=\"noticiacompleta\" class=\"parragraph-padding font-c-conent\">\n<p><!--more--><\/p>\n<p>Los g\u00fceyos d&#8217;una semeya de Marina Abramovic, captada nes cocines de la Llaboral en 2009, at\u00f3pense con &#8216;La Resurrecci\u00f3n del Se\u00f1or de Luis V\u00e9lez&#8217;, del sieglu XVI. Pente medies el videu arte de Bill Viola. Ye lo ecl\u00e9ctico d&#8217;esta esposici\u00f3n, &#8216;Arte y Espiritualid\u00e1. Imaxinar lo Estraordinario&#8217;.<\/p>\n<p>La c\u00fapula del Niemeyer acueye una escoyeta de los fondos hist\u00f3ricu y contemporaneu de la colecci\u00f3n BBVA, na que s&#8217;incl\u00fai a dos artistes asturianos: Hugo Fontela y Pablo Armesto.<\/p>\n<p>L&#8217;escritor James Joyce diznos que cerremos los g\u00fceyos y miremos, pero nesti casu, contradic\u00edmoslu: \u00e1branlos y esfruten del arte.<\/p>\n<\/div>\n<\/div>\n<div class=\"col-lg-4 col-md-12 col-xs-12 padding-t-20 padding-b-20\">\n<div class=\"utiles bg-contenido-destacado border-radius-8\" role=\"group\" aria-label=\"Informaci\u00f3n de subt\u00edtulos y bloque para compartir la noticia en redes sociales\">\n<div class=\"display-b padding-t-10 padding-b-10 border-b-1 border-solid border-c-clear-blue padding-l-10 padding-r-10\"><\/div>\n<\/div>\n<div class=\"margin-t-20 margin-b-20\">\n<section class=\"padding-t-20 color-w-0100\">\n<div class=\"row text-align-c padding-t-30 padding-b-30 padding-l-10 padding-r-10 hidden-md-down\" aria-hidden=\"true\">\n<div class=\"col-xs-12\">\n<div id=\"div-rtpa-right1\" class=\"text-align-c\" data-google-query-id=\"CO-Mw8aLoZADFYIsBgAddckosw\">\n<div id=\"google_ads_iframe_\/22526134856\/rtpa\/right1_0__container__\"><\/div>\n<\/div>\n<\/div>\n<\/div>\n<\/section>\n<\/div>\n<\/div>\n<\/div>\n<\/div>\n<\/section>\n<p>&nbsp;<\/p>\n","protected":false},"excerpt":{"rendered":"<p>RTPA \/Cincuenta obres de 44 artistes que formen parte de la colecci\u00f3n BBVA. La c\u00fapula del Niemeyer acueye dende g\u00fcei y hasta\u2019l 1 de marzu la esposici\u00f3n &#8216;Arte y Espiritualid\u00e1. Imaxinar lo estraordinario&#8217;. Cincuenta obres de 44 artistes ente pintures, escultures y fotograf\u00edes que formen parte de la colecci\u00f3n BBVA. Un viaxe al travi\u00e9s de [&hellip;]<\/p>\n","protected":false},"author":117,"featured_media":0,"comment_status":"closed","ping_status":"open","sticky":false,"template":"","format":"standard","meta":{"footnotes":""},"categories":[14],"tags":[],"class_list":["post-59694","post","type-post","status-publish","format-standard","hentry","category-esposiciones"],"_links":{"self":[{"href":"https:\/\/edublog.educastur.es\/ixuxu\/wp-json\/wp\/v2\/posts\/59694","targetHints":{"allow":["GET"]}}],"collection":[{"href":"https:\/\/edublog.educastur.es\/ixuxu\/wp-json\/wp\/v2\/posts"}],"about":[{"href":"https:\/\/edublog.educastur.es\/ixuxu\/wp-json\/wp\/v2\/types\/post"}],"author":[{"embeddable":true,"href":"https:\/\/edublog.educastur.es\/ixuxu\/wp-json\/wp\/v2\/users\/117"}],"replies":[{"embeddable":true,"href":"https:\/\/edublog.educastur.es\/ixuxu\/wp-json\/wp\/v2\/comments?post=59694"}],"version-history":[{"count":3,"href":"https:\/\/edublog.educastur.es\/ixuxu\/wp-json\/wp\/v2\/posts\/59694\/revisions"}],"predecessor-version":[{"id":59697,"href":"https:\/\/edublog.educastur.es\/ixuxu\/wp-json\/wp\/v2\/posts\/59694\/revisions\/59697"}],"wp:attachment":[{"href":"https:\/\/edublog.educastur.es\/ixuxu\/wp-json\/wp\/v2\/media?parent=59694"}],"wp:term":[{"taxonomy":"category","embeddable":true,"href":"https:\/\/edublog.educastur.es\/ixuxu\/wp-json\/wp\/v2\/categories?post=59694"},{"taxonomy":"post_tag","embeddable":true,"href":"https:\/\/edublog.educastur.es\/ixuxu\/wp-json\/wp\/v2\/tags?post=59694"}],"curies":[{"name":"wp","href":"https:\/\/api.w.org\/{rel}","templated":true}]}}