{"id":59782,"date":"2025-10-14T08:30:16","date_gmt":"2025-10-14T06:30:16","guid":{"rendered":"https:\/\/edublog.educastur.es\/ixuxu\/?p=59782"},"modified":"2025-10-14T09:19:37","modified_gmt":"2025-10-14T07:19:37","slug":"el-tiempu-el-comercio-161","status":"publish","type":"post","link":"https:\/\/edublog.educastur.es\/ixuxu\/2025\/10\/el-tiempu-el-comercio-161\/","title":{"rendered":"El tiempu (El Comercio)"},"content":{"rendered":"<p style=\"text-align: center\"><a href=\"https:\/\/s3.ppllstatics.com\/elcomercio\/www\/multimedia\/2025\/10\/13\/prevision-tiempo-asturias-kqGI-U2302588077118HVD-1200x870@El%20Comercio.jpg\"><img loading=\"lazy\" decoding=\"async\" class=\"aligncenter size-large\" src=\"https:\/\/s3.ppllstatics.com\/elcomercio\/www\/multimedia\/2025\/10\/13\/prevision-tiempo-asturias-kqGI-U2302588077118HVD-1200x870@El%20Comercio.jpg\" width=\"1200\" height=\"870\" \/><\/a><\/p>\n<p><strong>El martes<\/strong>, vamos poder amanecer con dellos intervalos de nubes baxes na mari\u00f1a y otres zones de la met\u00e1 norte, con cielos m\u00e1s soleyeros nel restu del Princip\u00e1u. Nun se refuga qu&#8217;a lo llargo del d\u00eda puedan abrise delles escamplaes tami\u00e9n naquelles zones onde amanecieron nublaes, al igual que nun se refuga tampoco que les nubes de tipu mediu y alto puedan cobrar mayor protagonismu nel cordal mientres la tarde. <strong>Los vientos<\/strong> van ser fluexos y variables con posibilid\u00e1 d&#8217;afitase de nord\u00e9s-esti na mari\u00f1a especialmente. <strong>Les temperatures m\u00e1ximes<\/strong> van baxar un par de graos de media na rex\u00f3n.<strong> Les m\u00ednimes<\/strong> van esperimentar pocos cambeos.<\/p>\n<p><!--more--><\/p>\n<p>Una gran umbada atl\u00e1ntica bien allo\u00f1ada de la Pen\u00ednsula va caltenese pr\u00e1cticamente paralizada a la espera de que les altes presiones empiecen a debilitase para poder averase. Seg\u00fan los modelos meteorol\u00f3xicos, esto podr\u00eda tener llugar a la fin de la selmana o principios de la pr\u00f3xima. Con \u00e9ses hasta ent\u00f3s vamos tener garantiz\u00e1u pr\u00e1cticamente un ambiente estable y con unes temperatures relativamente prestoses para les feches.<\/p>\n","protected":false},"excerpt":{"rendered":"<p>El martes, vamos poder amanecer con dellos intervalos de nubes baxes na mari\u00f1a y otres zones de la met\u00e1 norte, con cielos m\u00e1s soleyeros nel restu del Princip\u00e1u. Nun se refuga qu&#8217;a lo llargo del d\u00eda puedan abrise delles escamplaes tami\u00e9n naquelles zones onde amanecieron nublaes, al igual que nun se refuga tampoco que les [&hellip;]<\/p>\n","protected":false},"author":117,"featured_media":0,"comment_status":"closed","ping_status":"open","sticky":false,"template":"","format":"standard","meta":{"footnotes":""},"categories":[5],"tags":[],"class_list":["post-59782","post","type-post","status-publish","format-standard","hentry","category-tiempu"],"_links":{"self":[{"href":"https:\/\/edublog.educastur.es\/ixuxu\/wp-json\/wp\/v2\/posts\/59782","targetHints":{"allow":["GET"]}}],"collection":[{"href":"https:\/\/edublog.educastur.es\/ixuxu\/wp-json\/wp\/v2\/posts"}],"about":[{"href":"https:\/\/edublog.educastur.es\/ixuxu\/wp-json\/wp\/v2\/types\/post"}],"author":[{"embeddable":true,"href":"https:\/\/edublog.educastur.es\/ixuxu\/wp-json\/wp\/v2\/users\/117"}],"replies":[{"embeddable":true,"href":"https:\/\/edublog.educastur.es\/ixuxu\/wp-json\/wp\/v2\/comments?post=59782"}],"version-history":[{"count":1,"href":"https:\/\/edublog.educastur.es\/ixuxu\/wp-json\/wp\/v2\/posts\/59782\/revisions"}],"predecessor-version":[{"id":59783,"href":"https:\/\/edublog.educastur.es\/ixuxu\/wp-json\/wp\/v2\/posts\/59782\/revisions\/59783"}],"wp:attachment":[{"href":"https:\/\/edublog.educastur.es\/ixuxu\/wp-json\/wp\/v2\/media?parent=59782"}],"wp:term":[{"taxonomy":"category","embeddable":true,"href":"https:\/\/edublog.educastur.es\/ixuxu\/wp-json\/wp\/v2\/categories?post=59782"},{"taxonomy":"post_tag","embeddable":true,"href":"https:\/\/edublog.educastur.es\/ixuxu\/wp-json\/wp\/v2\/tags?post=59782"}],"curies":[{"name":"wp","href":"https:\/\/api.w.org\/{rel}","templated":true}]}}