{"id":59810,"date":"2025-10-11T15:00:40","date_gmt":"2025-10-11T13:00:40","guid":{"rendered":"https:\/\/edublog.educastur.es\/ixuxu\/?p=59810"},"modified":"2025-10-14T13:16:21","modified_gmt":"2025-10-14T11:16:21","slug":"tiempu-de-teitar-en-somiedu","status":"publish","type":"post","link":"https:\/\/edublog.educastur.es\/ixuxu\/2025\/10\/tiempu-de-teitar-en-somiedu\/","title":{"rendered":"Tiempu de teitar en Somiedu"},"content":{"rendered":"<p>Tiempu de teitar en Somiedu: los secretos de c\u00f3mo s&#8217;anueven les t\u00edpiques cabanes del Parque Natural. Families enteres ded\u00edquense estos d\u00edes a anovar la cubierta vexetal de les t\u00edpiques construcciones: ma\u00f1a y fuerza (y miles d&#8217;euros si hai que contratar la xera). <a href=\"https:\/\/www.lne.es\/asturias\/2025\/10\/12\/tiempo-teitar-somiedo-secretos-renuevan-122536130.html\">LNE<\/a> \/<\/p>\n<p style=\"text-align: center\"><a href=\"https:\/\/estaticos-cdn.prensaiberica.es\/clip\/eb5ea5a7-ea54-4cea-b8ac-034f808e38a1_16-9-discover-aspect-ratio_default_0.jpg\"><img loading=\"lazy\" decoding=\"async\" class=\"aligncenter size-large\" src=\"https:\/\/estaticos-cdn.prensaiberica.es\/clip\/eb5ea5a7-ea54-4cea-b8ac-034f808e38a1_16-9-discover-aspect-ratio_default_0.jpg\" width=\"1200\" height=\"675\" \/><\/a><\/p>\n<p style=\"text-align: center\">Arbellales (Somiedu)<\/p>\n<p><!--more--><br \/>\nHasta una selmana, anque tou depende del tama\u00f1u, puede llevar iguar el techu d&#8217;un teito de Somiedu,<strong> eses famoses y \u00faniques nel mundu cabanes de piedra y cubierta vexetal que chisquen les guapes bra\u00f1es del Parque Natural<\/strong>. Nelles hai estos d\u00edes una activid\u00e1 inusitada. Non por cuenta de los caminantes -que los hai casi siempres y nesta ponte festiva de la Pilastra en mayor midida gracies al sol y les nidies temperatures que conviden al senderismo-, sin\u00f3n porque los somedanos t\u00e1n apurr\u00edos a una xera t\u00edpica de la d\u00f3mina, qu&#8217;empez\u00f3 fai unes poques selmanes y va enllargase hasta que&#8217;l bon tiempu dexe teitar.<\/p>\n<p>Iguar la cubierta d&#8217;estes cabanes t\u00edpiques &#8211;<strong>en Somiedu tienen unes 300, el mayor conxuntu d&#8217;Europa, y puxen por ser Patrimoniu de la Humanid\u00e1-<\/strong> axunta a families enteres en redol a una xera que se tresmiti\u00f3 xeneraci\u00f3n tres xeneraci\u00f3n. L&#8217;oxetivu: dexales llistes para aguantar el llargu y duru iviernu, que davezu -m\u00e1s anta\u00f1o qu&#8217;agora- cubre de nieve les bra\u00f1es.<\/p>\n<p style=\"text-align: center\"><a href=\"https:\/\/estaticos-cdn.prensaiberica.es\/clip\/78d4452d-07bd-4186-9b14-4a386b3483f0_source-aspect-ratio_default_0.webp\"><img loading=\"lazy\" decoding=\"async\" class=\"aligncenter size-large\" src=\"https:\/\/estaticos-cdn.prensaiberica.es\/clip\/78d4452d-07bd-4186-9b14-4a386b3483f0_source-aspect-ratio_default_0.webp\" width=\"2000\" height=\"1500\" \/><\/a><\/p>\n<p>Teitando en La Chomba.<\/p>\n<p>Ye&#8217;l casu de los Fern\u00e1ndez, que na bra\u00f1a de La Chomba, barganal del pueblu d&#8217;Arbellales, lleven d\u00edes ocupaos n&#8217;iguar unu de los sos seis teitos. T\u00e1n centraos n&#8217;una de les cabanes m\u00e1s pequenes, pero la necesid\u00e1 d&#8217;anovar tola cubierta llevar\u00e1los m\u00e1s tiempu. Dexar la cubrici\u00f3n en perfectu est\u00e1u ye cuesti\u00f3n de saber faer, ma\u00f1ana y fuerza para encaramarse na escalera y <strong>asitiar convenientemente la escoba o retama, especie vexetal qu&#8217;abonda pol Parque Natural, para cubrir la estructura<\/strong>. Puede llegar a tener mediu metro d&#8217;espesura y de la so correcta instalaci\u00f3n va depender el tiempu que dure intactu&#8217;l techu.<\/p>\n<p>\u201cYe habitual reparar cada a\u00f1u un tramu, y dizse qu&#8217;a los cinco a\u00f1os tienes de dar la vuelta a la cubierta al completu. Pero en dellos casos, como \u00e9sti, tenemos qu&#8217;iguala entera, por eso ll\u00e9vanos casi una selmana, anque lo faemos en d\u00edes alternos y con tranquilid\u00e1\u201d, espliquen na familia.<\/p>\n<p><strong>Costos.<\/strong>Los Fern\u00e1ndez pueden ocupase ellos mesmos de los sos teitos. Pero en munchos casos la ed\u00e1 avanzada de los sos propietarios, antiguos ganaderos, o la falta de tiempu obliguen a delegar n&#8217;otros. Hai empreses qu&#8217;ufierten el serviciu de teitar, con un costu que bazcuya enforma, pero nun ye baratu: <strong>puede dir de los 10.000 a los 14.000 euros<\/strong> en funci\u00f3n de diversos factores como&#8217;l tama\u00f1u de la cubierta, l&#8217;est\u00e1u de caltenimientu de la mesma, el tiempu que vaiga llevar el trabayu\u2026<\/p>\n","protected":false},"excerpt":{"rendered":"<p>Tiempu de teitar en Somiedu: los secretos de c\u00f3mo s&#8217;anueven les t\u00edpiques cabanes del Parque Natural. Families enteres ded\u00edquense estos d\u00edes a anovar la cubierta vexetal de les t\u00edpiques construcciones: ma\u00f1a y fuerza (y miles d&#8217;euros si hai que contratar la xera). LNE \/ Arbellales (Somiedu)<\/p>\n","protected":false},"author":117,"featured_media":0,"comment_status":"closed","ping_status":"open","sticky":false,"template":"","format":"standard","meta":{"footnotes":""},"categories":[1],"tags":[],"class_list":["post-59810","post","type-post","status-publish","format-standard","hentry","category-sin-categoria"],"_links":{"self":[{"href":"https:\/\/edublog.educastur.es\/ixuxu\/wp-json\/wp\/v2\/posts\/59810","targetHints":{"allow":["GET"]}}],"collection":[{"href":"https:\/\/edublog.educastur.es\/ixuxu\/wp-json\/wp\/v2\/posts"}],"about":[{"href":"https:\/\/edublog.educastur.es\/ixuxu\/wp-json\/wp\/v2\/types\/post"}],"author":[{"embeddable":true,"href":"https:\/\/edublog.educastur.es\/ixuxu\/wp-json\/wp\/v2\/users\/117"}],"replies":[{"embeddable":true,"href":"https:\/\/edublog.educastur.es\/ixuxu\/wp-json\/wp\/v2\/comments?post=59810"}],"version-history":[{"count":2,"href":"https:\/\/edublog.educastur.es\/ixuxu\/wp-json\/wp\/v2\/posts\/59810\/revisions"}],"predecessor-version":[{"id":59812,"href":"https:\/\/edublog.educastur.es\/ixuxu\/wp-json\/wp\/v2\/posts\/59810\/revisions\/59812"}],"wp:attachment":[{"href":"https:\/\/edublog.educastur.es\/ixuxu\/wp-json\/wp\/v2\/media?parent=59810"}],"wp:term":[{"taxonomy":"category","embeddable":true,"href":"https:\/\/edublog.educastur.es\/ixuxu\/wp-json\/wp\/v2\/categories?post=59810"},{"taxonomy":"post_tag","embeddable":true,"href":"https:\/\/edublog.educastur.es\/ixuxu\/wp-json\/wp\/v2\/tags?post=59810"}],"curies":[{"name":"wp","href":"https:\/\/api.w.org\/{rel}","templated":true}]}}